{"id":15664,"date":"2023-09-23T10:04:04","date_gmt":"2023-09-23T07:04:04","guid":{"rendered":"https:\/\/marmarayerelhizmet.com\/?p=15664"},"modified":"2023-09-23T10:04:04","modified_gmt":"2023-09-23T07:04:04","slug":"turizm-olanaklari-cesitlenecek","status":"publish","type":"post","link":"https:\/\/marmarayerelhizmet.com\/index.php\/2023\/09\/23\/turizm-olanaklari-cesitlenecek\/","title":{"rendered":"Turizm Olanaklar\u0131 \u00c7e\u015fitlenecek"},"content":{"rendered":"<p><strong><span style=\"font-family: arial, helvetica, sans-serif; font-size: 14px;\">G\u00fcney Marmara Kalk\u0131nma Ajans\u0131 (GMKA) taraf\u0131ndan ilan edilen Alternatif Turizm Destinasyonlar\u0131n\u0131n Geli\u015ftirilmesi Mali Destek Program\u0131 kapsam\u0131nda ba\u015far\u0131l\u0131 bulunan \u201cG\u00f6me\u00e7&#8217; te Karavan, Glamping, S\u00f6rf Kamp\u0131\u201d isimli projenin s\u00f6zle\u015fme imzalar\u0131 at\u0131ld\u0131.<\/span><\/strong><\/p>\n<p><span style=\"font-family: arial, helvetica, sans-serif; font-size: 14px;\">\u0130mza t\u00f6reni GMKA Genel Sekreteri Onur Ad\u0131yaman, Burhaniye Ticaret Odas\u0131 Y\u00f6netim Kurulu Ba\u015fkan\u0131 Mustafa Aysel, Ba\u015fkan Yard\u0131mc\u0131s\u0131 Co\u015fkun Sever, Meclis Ba\u015fkan\u0131 Hasan Varol ve GMKA uzmanlar\u0131n\u0131n kat\u0131l\u0131m\u0131 ile ger\u00e7ekle\u015ftirildi.<\/span><\/p>\n<p><span style=\"font-family: arial, helvetica, sans-serif; font-size: 14px;\">Sanayi ve Teknoloji Bakanl\u0131\u011f\u0131 Kalk\u0131nma Ajanslar\u0131 Genel M\u00fcd\u00fcrl\u00fc\u011f\u00fc koordinasyonunda faaliyetlerini y\u00fcr\u00fcten GMKA, Mali Destek Program\u0131 kapsam\u0131nda ba\u015far\u0131l\u0131 bulunan Burhaniye Ticaret Odas\u0131\u2019n\u0131n sundu\u011fu proje ile b\u00f6lgede alternatif turizm olanaklar\u0131n\u0131n 12 aya yay\u0131lmas\u0131n\u0131n sa\u011flanmas\u0131 ve turizmde mevcut alanlar\u0131n altyap\u0131s\u0131n\u0131n iyile\u015ftirilmesini ve geli\u015ftirilmesini ama\u00e7lan\u0131yor.<\/span><\/p>\n<p><strong><span style=\"font-family: arial, helvetica, sans-serif; font-size: 14px;\">Proje, B\u00f6lgede Rekabet Edebilir ve S\u00fcrd\u00fcr\u00fclebilir Turizme Katk\u0131 Sa\u011flayacak<\/span><\/strong><br \/>\n<span style=\"font-family: arial, helvetica, sans-serif; font-size: 14px;\">20 ay s\u00fcrecek proje kapsam\u0131nda turizm alternatiflerine daha fazla \u00f6nem verilmesi ile k\u0131\u015f sezonunda nispeten yaza g\u00f6re azalan turizm talebinin artmas\u0131na ve b\u00f6ylece turizm sezonunun t\u00fcm y\u0131la yay\u0131lmas\u0131 planlan\u0131yor. Ayr\u0131ca karavan, glamping, s\u00f6rf kamp\u0131 tesisi kurularak, b\u00f6lgede daha \u00fcst gelir grubuna hitap edecek \u015fekilde turizm \u00fcr\u00fcn ve hizmetlerinin \u00e7e\u015fitlendirilmesi ve iyile\u015ftirilmesi sa\u011flanarak rekabet edebilir ve s\u00fcrd\u00fcr\u00fclebilir bir turizme katk\u0131 sa\u011flanacak.<\/span><\/p>\n<p><strong><span style=\"font-family: arial, helvetica, sans-serif; font-size: 14px;\">Alternatif Turizm Olanaklar\u0131 \u00c7e\u015fitlenerek Turizm S\u00fcresi Artacak<\/span><\/strong><br \/>\n<span style=\"font-family: arial, helvetica, sans-serif; font-size: 14px;\">Sakin ve do\u011fal yap\u0131s\u0131, mavi bayrakl\u0131 plajlar\u0131, do\u011fal ve yapay Resif alanlar\u0131, dal\u0131\u015f tutkunlar\u0131n\u0131 cezbedecek Su Alt\u0131 Heykel M\u00fczesi, yelken, kite surf, wind surf alanlar\u0131 ve k\u00fclt\u00fcrel varl\u0131klar\u0131 ile turizm a\u00e7\u0131s\u0131ndan b\u00fcy\u00fck potansiyel bar\u0131nd\u0131ran G\u00f6me\u00e7 yerli ve yabanc\u0131 turistlerin \u00e7ekilebilece\u011fi n\u00fcfusu y\u00fcksek olan illere yak\u0131n konumda bulunmaktad\u0131r. \u0130l\u00e7eye 20 dakika mesafedeki Bal\u0131kesir Kocaseyit Havaliman\u0131 sayesinde G\u00f6me\u00e7, do\u011fal, sakin ve farkl\u0131 bir yer arayan bir\u00e7ok ziyaret\u00e7i i\u00e7in yeni bir destinasyon olma potansiyeli ta\u015f\u0131maktad\u0131r. Proje, de\u011fi\u015fen t\u00fcketici e\u011filimleri ile teknolojik geli\u015fmeler do\u011frultusunda turizmin \u00e7e\u015fitlendirilmesi ve geli\u015ftirilmesi, sezon s\u00fcresinin uzat\u0131lmas\u0131, hizmet kalitesinin y\u00fckseltilmesi ve daha fazla harcama e\u011filimi olan ziyaret\u00e7inin \u00fclkemize \u00e7ekilmesi ile konaklama s\u00fcresi ve harcamalar\u0131n art\u0131r\u0131lmas\u0131 hedefiyle hayata ge\u00e7ecek.<\/span><\/p>\n<p>&nbsp;<\/p>\n","protected":false},"excerpt":{"rendered":"<p>G\u00fcney Marmara Kalk\u0131nma Ajans\u0131 (GMKA) taraf\u0131ndan ilan edilen Alternatif Turizm Destinasyonlar\u0131n\u0131n Geli\u015ftirilmesi Mali Destek Program\u0131 kapsam\u0131nda ba\u015far\u0131l\u0131 bulunan \u201cG\u00f6me\u00e7&#8217; te<\/p>\n","protected":false},"author":3,"featured_media":15666,"comment_status":"open","ping_status":"open","sticky":false,"template":"","format":"standard","meta":{"colormag_page_container_layout":"default_layout","colormag_page_sidebar_layout":"default_layout","footnotes":""},"categories":[1,5],"tags":[],"class_list":["post-15664","post","type-post","status-publish","format-standard","has-post-thumbnail","hentry","category-genel","category-gundem"],"_links":{"self":[{"href":"https:\/\/marmarayerelhizmet.com\/index.php\/wp-json\/wp\/v2\/posts\/15664","targetHints":{"allow":["GET"]}}],"collection":[{"href":"https:\/\/marmarayerelhizmet.com\/index.php\/wp-json\/wp\/v2\/posts"}],"about":[{"href":"https:\/\/marmarayerelhizmet.com\/index.php\/wp-json\/wp\/v2\/types\/post"}],"author":[{"embeddable":true,"href":"https:\/\/marmarayerelhizmet.com\/index.php\/wp-json\/wp\/v2\/users\/3"}],"replies":[{"embeddable":true,"href":"https:\/\/marmarayerelhizmet.com\/index.php\/wp-json\/wp\/v2\/comments?post=15664"}],"version-history":[{"count":0,"href":"https:\/\/marmarayerelhizmet.com\/index.php\/wp-json\/wp\/v2\/posts\/15664\/revisions"}],"wp:featuredmedia":[{"embeddable":true,"href":"https:\/\/marmarayerelhizmet.com\/index.php\/wp-json\/wp\/v2\/media\/15666"}],"wp:attachment":[{"href":"https:\/\/marmarayerelhizmet.com\/index.php\/wp-json\/wp\/v2\/media?parent=15664"}],"wp:term":[{"taxonomy":"category","embeddable":true,"href":"https:\/\/marmarayerelhizmet.com\/index.php\/wp-json\/wp\/v2\/categories?post=15664"},{"taxonomy":"post_tag","embeddable":true,"href":"https:\/\/marmarayerelhizmet.com\/index.php\/wp-json\/wp\/v2\/tags?post=15664"}],"curies":[{"name":"wp","href":"https:\/\/api.w.org\/{rel}","templated":true}]}}