{"id":15660,"date":"2023-09-23T10:02:14","date_gmt":"2023-09-23T07:02:14","guid":{"rendered":"https:\/\/marmarayerelhizmet.com\/?p=15660"},"modified":"2023-09-23T10:02:14","modified_gmt":"2023-09-23T07:02:14","slug":"uluslararasi-cam-festivali-basladi","status":"publish","type":"post","link":"https:\/\/marmarayerelhizmet.com\/index.php\/2023\/09\/23\/uluslararasi-cam-festivali-basladi\/","title":{"rendered":"Uluslararas\u0131 Cam Festivali Ba\u015flad\u0131"},"content":{"rendered":"<p><strong><span style=\"font-family: arial, helvetica, sans-serif; font-size: 14px;\">Beykoz\u2019da zengin cam soka\u011f\u0131 ile cam g\u00f6sterileri ve \u00fcnl\u00fc sanat\u00e7\u0131lar\u0131n konserlerinin yer ald\u0131\u011f\u0131 \u201c2. Uluslararas\u0131 Beykoz Cam Festivali\u201d Beykoz sahil etkinlik alan\u0131nda ba\u015flad\u0131.<br \/>\n<\/span><\/strong><br \/>\n<span style=\"font-family: arial, helvetica, sans-serif; font-size: 14px;\">Beykoz Belediyesi taraf\u0131ndan il\u00e7enin Osmanl\u0131\u2019dan kalan k\u00f6kl\u00fc camc\u0131l\u0131k gelene\u011fine dikkat \u00e7ekmek ve cam sanat\u0131n\u0131 gelece\u011fe aktarmak amac\u0131yla bu y\u0131l 2.\u2019si d\u00fczenlenen &#8216;2. Uluslararas\u0131 Beykoz Cam Festivali&#8217;, Beykoz sahili etkinlik alan\u0131nda kap\u0131lar\u0131n\u0131 ziyaret\u00e7ilere a\u00e7t\u0131. \u0130l\u00e7edeki camc\u0131l\u0131k gelene\u011finin ya\u015fat\u0131lmas\u0131 ve yeni sanat\u00e7\u0131lar\u0131n te\u015fvik edilmesini hedefleyen festival, 22 Eyl\u00fcl Cuma g\u00fcn\u00fc ba\u015flay\u0131p, 1 Ekim tarihine kadar devam edecek. Beykoz&#8217;da 10 g\u00fcn s\u00fcrecek festival \u0130kilem konseriyle ba\u015flad\u0131. Binlerce hayran\u0131yla Beykoz&#8217;da bulu\u015fan \u0130kilem grubu, festivalin ilk g\u00fcn\u00fcnde en sevilen \u015fark\u0131lar\u0131n\u0131 Beykozlular i\u00e7in s\u00f6yledi. Festivalin ilerleyen dakikalar\u0131nda Beykoz Belediye Ba\u015fkan\u0131 Murat Ayd\u0131n, \u0130kilem grubu solistleri Serhat Karan ve U\u011fur Ate\u015f&#8217;e festivale kat\u0131l\u0131m g\u00f6sterdikleri i\u00e7in te\u015fekk\u00fcr \u00e7i\u00e7e\u011fi takdim etti.<br \/>\n<\/span><br \/>\n<strong><span style=\"font-family: arial, helvetica, sans-serif; font-size: 14px;\">&#8220;Herkesi bekliyoruz &#8220;<\/span><\/strong><br \/>\n<span style=\"font-family: arial, helvetica, sans-serif; font-size: 14px;\">Uluslararas\u0131 Cam Festivali&#8217;nde konu\u015fan Beykoz Belediye Ba\u015fkan\u0131 Murat Ayd\u0131n, &#8220;cam\u0131n Beykoz&#8217;daki hikayesi \u00fc\u00e7 as\u0131r \u00f6nceye dayan\u0131yor.Osmanl\u0131 d\u00f6neminde bin ki\u015finin \u00e7al\u0131\u015ft\u0131\u011f\u0131 fabrika vard\u0131. Sonras\u0131nda bu fabrikalar \u00e7al\u0131\u015famaz hale geliyor. Mustafa Kemal \u015ei\u015fe Cam&#8217;\u0131n kurulmas\u0131nda \u00f6nemli rol oynuyor. 100 y\u0131l \u00f6nce cam\u0131n hikayesi tekrardan yaz\u0131l\u0131yor. Beykoz&#8217;a \u00e7ok \u015fey verdi ama \u00e7ok \u015feyler de ald\u0131. Bu festivallerle cam\u0131n tekrardan \u00f6n plana \u00e7\u0131kmas\u0131n\u0131 arzu ediyoruz. Bu festivali ikinci defa d\u00fczenliyoruz&#8221; dedi.<br \/>\n<\/span><br \/>\n<strong><span style=\"font-family: arial, helvetica, sans-serif; font-size: 14px;\">&#8220;\u00c7ok heyecanl\u0131y\u0131z&#8221;<\/span><\/strong><br \/>\n<span style=\"font-family: arial, helvetica, sans-serif; font-size: 14px;\">Konsere kat\u0131l\u0131m g\u00f6steren \u015fark\u0131c\u0131 Serhat Karan, &#8220;\u00e7ok heyecanl\u0131y\u0131z. Festivalin ikincisi d\u00fczenleniyor. Beykoz&#8217;da ilk defa sahne alaca\u011f\u0131z. Her \u015fey \u00e7ok&#8221; dedi.<\/span><br \/>\n<span style=\"font-family: arial, helvetica, sans-serif; font-size: 14px;\">\u0130kilem grubunun di\u011fer solisti U\u011fur ate\u015f, &#8220;\u00c7ok de\u011fi\u015fik ve g\u00fczel bir festival. Beykoz g\u00fczel bir yer. B\u00f6yle bir etkinli\u011fe kat\u0131ld\u0131\u011f\u0131m\u0131z i\u00e7in \u00e7ok mutluyuz&#8221; dedi.<\/span><\/p>\n","protected":false},"excerpt":{"rendered":"<p>Beykoz\u2019da zengin cam soka\u011f\u0131 ile cam g\u00f6sterileri ve \u00fcnl\u00fc sanat\u00e7\u0131lar\u0131n konserlerinin yer ald\u0131\u011f\u0131 \u201c2. Uluslararas\u0131 Beykoz Cam Festivali\u201d Beykoz sahil<\/p>\n","protected":false},"author":3,"featured_media":15662,"comment_status":"open","ping_status":"open","sticky":false,"template":"","format":"standard","meta":{"colormag_page_container_layout":"default_layout","colormag_page_sidebar_layout":"default_layout","footnotes":""},"categories":[1,5,6,8],"tags":[],"class_list":["post-15660","post","type-post","status-publish","format-standard","has-post-thumbnail","hentry","category-genel","category-gundem","category-kultur-sanat","category-siyaset"],"_links":{"self":[{"href":"https:\/\/marmarayerelhizmet.com\/index.php\/wp-json\/wp\/v2\/posts\/15660","targetHints":{"allow":["GET"]}}],"collection":[{"href":"https:\/\/marmarayerelhizmet.com\/index.php\/wp-json\/wp\/v2\/posts"}],"about":[{"href":"https:\/\/marmarayerelhizmet.com\/index.php\/wp-json\/wp\/v2\/types\/post"}],"author":[{"embeddable":true,"href":"https:\/\/marmarayerelhizmet.com\/index.php\/wp-json\/wp\/v2\/users\/3"}],"replies":[{"embeddable":true,"href":"https:\/\/marmarayerelhizmet.com\/index.php\/wp-json\/wp\/v2\/comments?post=15660"}],"version-history":[{"count":0,"href":"https:\/\/marmarayerelhizmet.com\/index.php\/wp-json\/wp\/v2\/posts\/15660\/revisions"}],"wp:featuredmedia":[{"embeddable":true,"href":"https:\/\/marmarayerelhizmet.com\/index.php\/wp-json\/wp\/v2\/media\/15662"}],"wp:attachment":[{"href":"https:\/\/marmarayerelhizmet.com\/index.php\/wp-json\/wp\/v2\/media?parent=15660"}],"wp:term":[{"taxonomy":"category","embeddable":true,"href":"https:\/\/marmarayerelhizmet.com\/index.php\/wp-json\/wp\/v2\/categories?post=15660"},{"taxonomy":"post_tag","embeddable":true,"href":"https:\/\/marmarayerelhizmet.com\/index.php\/wp-json\/wp\/v2\/tags?post=15660"}],"curies":[{"name":"wp","href":"https:\/\/api.w.org\/{rel}","templated":true}]}}