{"id":15643,"date":"2023-09-22T14:42:55","date_gmt":"2023-09-22T11:42:55","guid":{"rendered":"https:\/\/marmarayerelhizmet.com\/?p=15643"},"modified":"2023-09-22T14:43:14","modified_gmt":"2023-09-22T11:43:14","slug":"balikesirde-mavi-nefes-projesi","status":"publish","type":"post","link":"https:\/\/marmarayerelhizmet.com\/index.php\/2023\/09\/22\/balikesirde-mavi-nefes-projesi\/","title":{"rendered":"Bal\u0131kesir&#8217;de Mavi Nefes Projesi"},"content":{"rendered":"<div class=\"outline-info\"><span style=\"font-family: arial, helvetica, sans-serif; font-size: 14px;\"><strong>&#8220;Mavi Nefes Projesi&#8221; kapsam\u0131nda Bal\u0131kesir&#8217;de ger\u00e7ekle\u015ftirilecek faaliyetleri planlamak ve yap\u0131lacak \u00e7al\u0131\u015fmalar\u0131 g\u00f6r\u00fc\u015fmek amac\u0131yla Deniz Temiz Derne\u011fi\/TURMEPA temsilcileri, \u0130l Mill\u00ee E\u011fitim M\u00fcd\u00fcr\u00fc Ali Tatl\u0131&#8217;y\u0131 ziyaret etti.<\/strong><\/span><\/div>\n<p style=\"font-weight: 400;\"><span style=\"font-family: arial, helvetica, sans-serif; font-size: 14px;\">Genel M\u00fcd\u00fcr Yard\u0131mc\u0131s\u0131 Mine G\u00f6knar, E\u011fitim Projeleri Proje Asistan\u0131 Buket Aky\u00fcrek, E\u011fitim B\u00f6l\u00fcm\u00fc Y\u00f6neticisi \u00c7a\u011f\u0131l Toparlak Alkan, Kurumsal \u0130\u015f Birlikleri ve \u0130\u015f Geli\u015ftirme Y\u00f6neticisi \u015eebnem Karag\u00fcrb\u00fcz ile \u0130l Mill\u00ee E\u011fitim \u015eube M\u00fcd\u00fcr\u00fc Onur Ayd\u0131n ve ARGE birimi \u00f6\u011fretmeni Semiha Karatufan&#8217;\u0131n bulundu\u011fu ziyarette; iklim kriziyle m\u00fccadele ve deniz kirlili\u011fini \u00f6nlemek ad\u0131na Marmara Denizi&#8217;nde at\u0131k y\u00fczey temizli\u011fi ve b\u00f6lge illerde gelecek nesillere deniz temizli\u011fi konusunda planlanan fark\u0131ndal\u0131k e\u011fitimleri ile ilgili g\u00f6r\u00fc\u015fme yap\u0131ld\u0131.<\/span><\/p>\n<p style=\"font-weight: 400;\"><span style=\"font-family: arial, helvetica, sans-serif; font-size: 14px;\">\u00c7evrim i\u00e7i olarak ger\u00e7ekle\u015ftirilecek fark\u0131ndal\u0131k e\u011fitimlerinde; \u00f6\u011frencilerimize denizlerin \u00f6nemi, deniz ekosisteminin korunmas\u0131, s\u0131f\u0131r at\u0131k, s\u00fcrd\u00fcr\u00fclebilir su kaynaklar\u0131 gibi hayati \u00f6nem ta\u015f\u0131yan konularda bireysel sorumluluklar aktar\u0131lmas\u0131 y\u00f6n\u00fcnde \u00e7al\u0131\u015fmalar planlan\u0131yor.<\/span><\/p>\n<p style=\"font-weight: 400;\"><span style=\"font-family: arial, helvetica, sans-serif; font-size: 14px;\">Mavi Nefes Projesi&#8217;nin \u00fc\u00e7\u00fcnc\u00fc y\u0131l e\u011fitimleri kapsam\u0131nda; Bal\u0131kesir&#8217;de 20 il\u00e7edeki okullarda \u00f6\u011frenim g\u00f6ren 5, 6, 7 ve 8. s\u0131n\u0131flardan 30.021 \u00f6\u011frenci ve 2278 \u00f6\u011fretmenin \u00e7evrim i\u00e7i e\u011fitim almas\u0131, S\u0131f\u0131r At\u0131k Mavi Gezici E\u011fitim Otob\u00fcs\u00fc ile STEAM e\u011fitim ve beceri geli\u015ftirme at\u00f6lyeleri ile b\u00f6lge halk\u0131, \u00f6\u011frenci ve \u00f6\u011fretmenlerin bir araya getirilerek b\u00f6lgesel fark\u0131ndal\u0131\u011f\u0131n sa\u011flanmas\u0131, belirlenen iki lise kademesindeki okulda &#8220;Mavi Dedektif&#8221; e\u011fitici e\u011fitimi ile lise \u00f6\u011frencilerinin, ortaokullara y\u00f6nelik akran e\u011fitimi vermeleri ve okullar\u0131nda &#8216;S\u0131f\u0131r At\u0131k Mavi D\u00f6n\u00fc\u015f\u00fcm\u00fc&#8217;n\u00fc ba\u015flatacak \u00e7evre projeleri \u00fcretebilmeleri i\u00e7in \u00f6\u011frencilere ment\u00f6rl\u00fck yap\u0131lmas\u0131, \u00e7evrim i\u00e7i e\u011fitimlerin verildi\u011fi okullar aras\u0131ndan belirlenecek pilot okullarda, 500 \u00f6\u011frenci ve 100 \u00f6\u011fretmene e\u011fitimin etkisini \u00f6l\u00e7mek \u00fczere e\u011fitimlerden 6 ay sonra y\u00fcz y\u00fcze \u00f6l\u00e7me ve de\u011ferlendirme \u00e7al\u0131\u015fmalar\u0131n\u0131n yap\u0131lmas\u0131 hedefleniyor.<\/span><\/p>\n","protected":false},"excerpt":{"rendered":"<p>&#8220;Mavi Nefes Projesi&#8221; kapsam\u0131nda Bal\u0131kesir&#8217;de ger\u00e7ekle\u015ftirilecek faaliyetleri planlamak ve yap\u0131lacak \u00e7al\u0131\u015fmalar\u0131 g\u00f6r\u00fc\u015fmek amac\u0131yla Deniz Temiz Derne\u011fi\/TURMEPA temsilcileri, \u0130l Mill\u00ee E\u011fitim<\/p>\n","protected":false},"author":3,"featured_media":15645,"comment_status":"open","ping_status":"open","sticky":false,"template":"","format":"standard","meta":{"colormag_page_container_layout":"default_layout","colormag_page_sidebar_layout":"default_layout","footnotes":""},"categories":[45,1,5,8],"tags":[],"class_list":["post-15643","post","type-post","status-publish","format-standard","has-post-thumbnail","hentry","category-egitim","category-genel","category-gundem","category-siyaset"],"_links":{"self":[{"href":"https:\/\/marmarayerelhizmet.com\/index.php\/wp-json\/wp\/v2\/posts\/15643","targetHints":{"allow":["GET"]}}],"collection":[{"href":"https:\/\/marmarayerelhizmet.com\/index.php\/wp-json\/wp\/v2\/posts"}],"about":[{"href":"https:\/\/marmarayerelhizmet.com\/index.php\/wp-json\/wp\/v2\/types\/post"}],"author":[{"embeddable":true,"href":"https:\/\/marmarayerelhizmet.com\/index.php\/wp-json\/wp\/v2\/users\/3"}],"replies":[{"embeddable":true,"href":"https:\/\/marmarayerelhizmet.com\/index.php\/wp-json\/wp\/v2\/comments?post=15643"}],"version-history":[{"count":0,"href":"https:\/\/marmarayerelhizmet.com\/index.php\/wp-json\/wp\/v2\/posts\/15643\/revisions"}],"wp:featuredmedia":[{"embeddable":true,"href":"https:\/\/marmarayerelhizmet.com\/index.php\/wp-json\/wp\/v2\/media\/15645"}],"wp:attachment":[{"href":"https:\/\/marmarayerelhizmet.com\/index.php\/wp-json\/wp\/v2\/media?parent=15643"}],"wp:term":[{"taxonomy":"category","embeddable":true,"href":"https:\/\/marmarayerelhizmet.com\/index.php\/wp-json\/wp\/v2\/categories?post=15643"},{"taxonomy":"post_tag","embeddable":true,"href":"https:\/\/marmarayerelhizmet.com\/index.php\/wp-json\/wp\/v2\/tags?post=15643"}],"curies":[{"name":"wp","href":"https:\/\/api.w.org\/{rel}","templated":true}]}}