{"id":15639,"date":"2023-09-22T14:39:05","date_gmt":"2023-09-22T11:39:05","guid":{"rendered":"https:\/\/marmarayerelhizmet.com\/?p=15639"},"modified":"2023-09-22T14:39:05","modified_gmt":"2023-09-22T11:39:05","slug":"ustaoglundan-bandirmada-yogun-program","status":"publish","type":"post","link":"https:\/\/marmarayerelhizmet.com\/index.php\/2023\/09\/22\/ustaoglundan-bandirmada-yogun-program\/","title":{"rendered":"Ustao\u011flu\u2019ndan Band\u0131rma\u2019da Yo\u011fun Program"},"content":{"rendered":"<p><strong><span style=\"font-family: arial, helvetica, sans-serif; font-size: 14px;\">Vali \u0130smail Ustao\u011flu \u00e7al\u0131\u015fmalar\u0131 yerinde g\u00f6rmek \u00fczere ger\u00e7ekle\u015ftirdi\u011fi il\u00e7e programlar\u0131na Band\u0131rma\u2019daki incelemeleri ile devam etti.\u00a0<\/span><\/strong><\/p>\n<p><span style=\"font-family: arial, helvetica, sans-serif; font-size: 14px;\">\u0130l\u00e7ede g\u00fcn boyu s\u00fcren program\u0131na Band\u0131rma Kaymakam\u0131 Engin Aksakal\u2019\u0131 ziyaret ile ba\u015flayan Ustao\u011flu y\u00fcr\u00fct\u00fclen \u00e7al\u0131\u015fmalar ile ilgili bilgi ald\u0131. Vali Ustao\u011flu daha sonra \u0130l\u00e7e Emniyet M\u00fcd\u00fcrl\u00fc\u011f\u00fc ve \u0130l\u00e7e Jandarma Komutanl\u0131\u011f\u0131na ziyarette bulundu. Burada ba\u015fta vatanda\u015f\u0131n huzur ve g\u00fcveninin temin edildi\u011fi asayi\u015f konular\u0131 ba\u015fta olmak \u00fczere \u00e7al\u0131\u015fmalar ile ilgili bilgi ald\u0131.\u00a0<\/span><\/p>\n<p><span style=\"font-family: arial, helvetica, sans-serif; font-size: 14px;\">Band\u0131rma \u0130l\u00e7esindeki program\u0131na, hay\u0131rsever Murat Ercili taraf\u0131ndan yap\u0131m\u0131 ger\u00e7ekle\u015ftirilen Hicri Ercili \u00d6zel E\u011fitim Uygulama Okulu\u2019nu ziyaret ile devam eden Vali Ustao\u011flu okulda e\u011fitim g\u00f6ren \u00f6zel \u00e7ocuklarla yak\u0131ndan ilgilendi. Daha sonra Band\u0131rma Ticaret Odas\u0131 Ba\u015fkan\u0131 Adem Y\u0131lmaz ve Band\u0131rma Belediye Ba\u015fkan\u0131 Tolga Tosun\u2019u ziyaret eden Ustao\u011flu, Marmara Y\u00fcksek Teknoloji ve Makine \u0130htisas Organize Sanayi B\u00f6lgesi\u2019nde incelemelerde bulundu, \u00e7al\u0131\u015fmalar ve yat\u0131r\u0131mlar ile ilgili bilgi ald\u0131.<\/span><br \/>\n<span style=\"font-family: arial, helvetica, sans-serif; font-size: 14px;\">\u00a0<\/span><br \/>\n<span style=\"font-family: arial, helvetica, sans-serif; font-size: 14px;\">\u0130l\u00e7ede bir\u00e7ok kesimle bir araya gelen Vali \u0130smail Ustao\u011flu program\u0131na Band\u0131rma 17 Eyl\u00fcl \u00dcniversitesi Rekt\u00f6r\u00fc Prof. Dr. S\u00fcleyman \u00d6zdemir\u2019i ziyaret ile devam etti. Programlar\u0131nda yat\u0131r\u0131mlar\u0131 yerinde g\u00f6rmek \u00fczere incelemelerde bulunan Ustao\u011flu, il\u00e7ede yap\u0131m\u0131 devam eden Yavuz Sultan Selim Anadolu Lisesi\u2019nin in\u015faat\u0131n\u0131n son durumu ile ilgili bilgi ald\u0131.\u00a0<\/span><\/p>\n<p><span style=\"font-family: arial, helvetica, sans-serif; font-size: 14px;\">Vali Ustao\u011flu daha sonra program\u0131 kapsam\u0131nda Eti Maden \u0130\u015fletmeleri Band\u0131rma Bor ve Asit Fabrikalar\u0131 \u0130\u015fletme M\u00fcd\u00fcrl\u00fc\u011f\u00fc ile il\u00e7ede faaliyet g\u00f6steren Bupili\u00e7 \u0130\u015fletmesinde incelemede bulundu. \u0130l\u00e7edeki temaslar\u0131na devam eden Vali Ustao\u011flu Hicri Ercili Grup \u015eirketleri Y\u00f6netim Kurulu Ba\u015fkan\u0131 Hay\u0131rsever \u0130\u015f \u0130nsan\u0131 Murat Ercili ve Ticaret Borsas\u0131 Ba\u015fkan\u0131 Can Ata Tan\u2019\u0131 ziyaret etti.<\/span><\/p>\n<p>&nbsp;<\/p>\n","protected":false},"excerpt":{"rendered":"<p>Vali \u0130smail Ustao\u011flu \u00e7al\u0131\u015fmalar\u0131 yerinde g\u00f6rmek \u00fczere ger\u00e7ekle\u015ftirdi\u011fi il\u00e7e programlar\u0131na Band\u0131rma\u2019daki incelemeleri ile devam etti.\u00a0 \u0130l\u00e7ede g\u00fcn boyu s\u00fcren program\u0131na<\/p>\n","protected":false},"author":3,"featured_media":15641,"comment_status":"open","ping_status":"open","sticky":false,"template":"","format":"standard","meta":{"colormag_page_container_layout":"default_layout","colormag_page_sidebar_layout":"default_layout","footnotes":""},"categories":[1,5,8],"tags":[],"class_list":["post-15639","post","type-post","status-publish","format-standard","has-post-thumbnail","hentry","category-genel","category-gundem","category-siyaset"],"_links":{"self":[{"href":"https:\/\/marmarayerelhizmet.com\/index.php\/wp-json\/wp\/v2\/posts\/15639","targetHints":{"allow":["GET"]}}],"collection":[{"href":"https:\/\/marmarayerelhizmet.com\/index.php\/wp-json\/wp\/v2\/posts"}],"about":[{"href":"https:\/\/marmarayerelhizmet.com\/index.php\/wp-json\/wp\/v2\/types\/post"}],"author":[{"embeddable":true,"href":"https:\/\/marmarayerelhizmet.com\/index.php\/wp-json\/wp\/v2\/users\/3"}],"replies":[{"embeddable":true,"href":"https:\/\/marmarayerelhizmet.com\/index.php\/wp-json\/wp\/v2\/comments?post=15639"}],"version-history":[{"count":0,"href":"https:\/\/marmarayerelhizmet.com\/index.php\/wp-json\/wp\/v2\/posts\/15639\/revisions"}],"wp:featuredmedia":[{"embeddable":true,"href":"https:\/\/marmarayerelhizmet.com\/index.php\/wp-json\/wp\/v2\/media\/15641"}],"wp:attachment":[{"href":"https:\/\/marmarayerelhizmet.com\/index.php\/wp-json\/wp\/v2\/media?parent=15639"}],"wp:term":[{"taxonomy":"category","embeddable":true,"href":"https:\/\/marmarayerelhizmet.com\/index.php\/wp-json\/wp\/v2\/categories?post=15639"},{"taxonomy":"post_tag","embeddable":true,"href":"https:\/\/marmarayerelhizmet.com\/index.php\/wp-json\/wp\/v2\/tags?post=15639"}],"curies":[{"name":"wp","href":"https:\/\/api.w.org\/{rel}","templated":true}]}}