{"id":15631,"date":"2023-09-22T14:34:14","date_gmt":"2023-09-22T11:34:14","guid":{"rendered":"https:\/\/marmarayerelhizmet.com\/?p=15631"},"modified":"2023-09-22T14:34:14","modified_gmt":"2023-09-22T11:34:14","slug":"sifir-atik-vakfi-kuruldu","status":"publish","type":"post","link":"https:\/\/marmarayerelhizmet.com\/index.php\/2023\/09\/22\/sifir-atik-vakfi-kuruldu\/","title":{"rendered":"S\u0131f\u0131r At\u0131k Vakf\u0131 Kuruldu"},"content":{"rendered":"<p><strong><span style=\"font-family: arial, helvetica, sans-serif; font-size: 14px;\">S\u0131f\u0131r At\u0131k Vakf\u0131 kurulu\u015funa ili\u015fkin ilan Resmi Gazete&#8217;de yay\u0131mland\u0131.<br \/>\n<\/span><\/strong><br \/>\n<span style=\"font-family: arial, helvetica, sans-serif; font-size: 14px;\">Resmi Gazete\u2019de yay\u0131mlanan ilanda, ikameti \u0130stanbul&#8217;da bulunan vakf\u0131n mal varl\u0131\u011f\u0131n\u0131n 120 bin lira oldu\u011fu bildirilirken, vakfedenlerin ise Veysel Ero\u011flu, Murat Kurum, K\u00fcbra Kalyoncu \u015eeherli, Zekai \u015een, Samed A\u011f\u0131rba\u015f, Ay\u015fen G\u00fcrcan, Hilmi T\u00fcrkmen, H\u00fcseyin Ayd\u0131n, Vedat Demir\u00f6z oldu\u011fu kaydedildi.<\/span><br \/>\n<span style=\"font-family: arial, helvetica, sans-serif; font-size: 14px;\">\u0130landa vakf\u0131n amac\u0131na dair, &#8220;\u00c7evre ve insan sa\u011fl\u0131\u011f\u0131 ile t\u00fcm kaynaklar\u0131n korunmas\u0131, her t\u00fcrl\u00fc \u00e7evre kirlili\u011finin ve israf\u0131n \u00f6nlenmesi, \u00e7evre koruma bilincinin geli\u015ftirilmesi, at\u0131k olu\u015fumunun \u00f6nlenmesi ve azalt\u0131lmas\u0131, kaynaklar\u0131n verimli kullan\u0131m\u0131n\u0131n sa\u011flanmas\u0131, su kaynaklar\u0131n\u0131n verimli kullan\u0131m\u0131, su kaynaklar\u0131n\u0131n temizli\u011finin korunmas\u0131 ar\u0131t\u0131lm\u0131\u015f at\u0131k sular\u0131n yeniden kullan\u0131m\u0131n\u0131n te\u015fviki, at\u0131k olu\u015fum sebeplerinin g\u00f6zden ge\u00e7irilerek at\u0131\u011f\u0131n olu\u015fmas\u0131 durumunda kayna\u011f\u0131nda ayr\u0131 ayr\u0131 toplanarak geri kazan\u0131m\u0131n\u0131n sa\u011flanmas\u0131 ve vak\u0131f senedinde belirtilen di\u011fer ama\u00e7lar\u0131n ger\u00e7ekle\u015ftirilmesidir&#8221; tan\u0131m\u0131 yap\u0131ld\u0131.<\/span><\/p>\n","protected":false},"excerpt":{"rendered":"<p>S\u0131f\u0131r At\u0131k Vakf\u0131 kurulu\u015funa ili\u015fkin ilan Resmi Gazete&#8217;de yay\u0131mland\u0131. Resmi Gazete\u2019de yay\u0131mlanan ilanda, ikameti \u0130stanbul&#8217;da bulunan vakf\u0131n mal varl\u0131\u011f\u0131n\u0131n 120<\/p>\n","protected":false},"author":3,"featured_media":15633,"comment_status":"open","ping_status":"open","sticky":false,"template":"","format":"standard","meta":{"colormag_page_container_layout":"default_layout","colormag_page_sidebar_layout":"default_layout","footnotes":""},"categories":[1,5,8],"tags":[],"class_list":["post-15631","post","type-post","status-publish","format-standard","has-post-thumbnail","hentry","category-genel","category-gundem","category-siyaset"],"_links":{"self":[{"href":"https:\/\/marmarayerelhizmet.com\/index.php\/wp-json\/wp\/v2\/posts\/15631","targetHints":{"allow":["GET"]}}],"collection":[{"href":"https:\/\/marmarayerelhizmet.com\/index.php\/wp-json\/wp\/v2\/posts"}],"about":[{"href":"https:\/\/marmarayerelhizmet.com\/index.php\/wp-json\/wp\/v2\/types\/post"}],"author":[{"embeddable":true,"href":"https:\/\/marmarayerelhizmet.com\/index.php\/wp-json\/wp\/v2\/users\/3"}],"replies":[{"embeddable":true,"href":"https:\/\/marmarayerelhizmet.com\/index.php\/wp-json\/wp\/v2\/comments?post=15631"}],"version-history":[{"count":0,"href":"https:\/\/marmarayerelhizmet.com\/index.php\/wp-json\/wp\/v2\/posts\/15631\/revisions"}],"wp:featuredmedia":[{"embeddable":true,"href":"https:\/\/marmarayerelhizmet.com\/index.php\/wp-json\/wp\/v2\/media\/15633"}],"wp:attachment":[{"href":"https:\/\/marmarayerelhizmet.com\/index.php\/wp-json\/wp\/v2\/media?parent=15631"}],"wp:term":[{"taxonomy":"category","embeddable":true,"href":"https:\/\/marmarayerelhizmet.com\/index.php\/wp-json\/wp\/v2\/categories?post=15631"},{"taxonomy":"post_tag","embeddable":true,"href":"https:\/\/marmarayerelhizmet.com\/index.php\/wp-json\/wp\/v2\/tags?post=15631"}],"curies":[{"name":"wp","href":"https:\/\/api.w.org\/{rel}","templated":true}]}}