{"id":15607,"date":"2023-09-21T23:57:11","date_gmt":"2023-09-21T20:57:11","guid":{"rendered":"https:\/\/marmarayerelhizmet.com\/?p=15607"},"modified":"2023-09-21T23:57:11","modified_gmt":"2023-09-21T20:57:11","slug":"baunde-yesil-istihdam","status":"publish","type":"post","link":"https:\/\/marmarayerelhizmet.com\/index.php\/2023\/09\/21\/baunde-yesil-istihdam\/","title":{"rendered":"BA\u00dcN&#8217;de &#8216;Ye\u015fil \u0130stihdam&#8217;"},"content":{"rendered":"<p><strong><span style=\"font-family: arial, helvetica, sans-serif; font-size: 14px;\">Bal\u0131kesir \u00dcniversitesi Rekt\u00f6r Yard\u0131mc\u0131s\u0131 Prof. Dr. Fatih Sat\u0131l, &#8220;G\u00fcney Marmara, yenilebilir enerji potansiyeli a\u00e7\u0131s\u0131ndan y\u00fckselen bir de\u011fere sahip. B\u00f6lge; g\u00fcne\u015f, r\u00fczgar ve biogaz a\u00e7\u0131s\u0131ndan \u00f6nemli bir kaynak. Bu a\u00e7\u0131dan proje i\u00e7in \u00c7anakkale ve Bal\u0131kesir&#8217;in se\u00e7ilmi\u015f olmas\u0131 da olduk\u00e7a \u00f6nemli&#8221; diye konu\u015ftu.<br \/>\n<\/span><\/strong><br \/>\n<span style=\"font-family: arial, helvetica, sans-serif; font-size: 14px;\">AB Kat\u0131l\u0131m \u00d6ncesi Mali Yard\u0131m Arac\u0131 (IPA) dahilinde desteklenmeye lay\u0131k g\u00f6r\u00fclen &#8216;Renewable Youth Energy\/RE-YOU Operasyonu&#8217; (Yenilenebilir Gen\u00e7lik Enerjisi\/Yeniden Sen) projesi dahilinde &#8216;Gelecek \u0130\u00e7in Do\u011fru Beceriler&#8217; konferans\u0131 Band\u0131rma&#8217;da ger\u00e7ekle\u015ftirildi. Proje Bal\u0131kesir \u00dcniversitesi ile \u00c7anakkale Onsekiz Mart \u00dcniversitesi ortakl\u0131\u011f\u0131nda G\u00fcney Marmara Kalk\u0131nma Ajans\u0131 taraf\u0131ndan haz\u0131rland\u0131.<\/span><br \/>\n<span style=\"font-family: arial, helvetica, sans-serif; font-size: 14px;\">Konferansta k\u00fcresel ve ulusal d\u00fczeyde yenilenebilir enerji piyasas\u0131ndaki trendler, istihdam\u0131n yap\u0131s\u0131 ve beceriler, arz ve talep boyutundaki dinamikler, uzmanlar taraf\u0131ndan sunumlarla aktar\u0131ld\u0131. Panelde ise yenilenebilir enerji sekt\u00f6r\u00fcnde istihdam ve beceri s\u00fcre\u00e7leri ele al\u0131narak sekt\u00f6rde ihtiya\u00e7 duyulan beceriler, bu becerilerin nas\u0131l kazand\u0131r\u0131laca\u011f\u0131, yenilenebilir enerji sekt\u00f6r\u00fcn\u00fcn ihtiya\u00e7 duydu\u011fu insan kayna\u011f\u0131n\u0131n sa\u011flanmas\u0131 gibi konular payla\u015f\u0131ld\u0131.<\/span><br \/>\n<span style=\"font-family: arial, helvetica, sans-serif; font-size: 14px;\">Bal\u0131kesir \u00dcniversitesi Rekt\u00f6r Yard\u0131mc\u0131s\u0131 Prof. Dr. Fatih Sat\u0131l, projenin gen\u00e7lere istihdam sa\u011flayaca\u011f\u0131na dikkat \u00e7ekerken \u015fu c\u00fcmleleri kurdu;<\/span><br \/>\n<span style=\"font-family: arial, helvetica, sans-serif; font-size: 14px;\">\u201c\u0130klim de\u011fi\u015fikli\u011fi ve artan enerji ihtiyac\u0131 global bir sorun olarak kar\u015f\u0131m\u0131zda. Bu soruna kar\u015f\u0131 t\u00fckenmekte olan yeralt\u0131 kaynaklar\u0131n\u0131n alternatiflerini aramak i\u00e7in insano\u011flu yo\u011fun bir \u00e7aba ve gayret i\u00e7erisinde. Bu enerji ihtiyac\u0131n\u0131n kar\u015f\u0131lanmas\u0131 noktas\u0131nda yenilenebilir enerji kaynaklar\u0131 da \u00f6nemli bir potansiyel olarak duruyor. G\u00fcney Marmara, yenilebilir enerji potansiyeli a\u00e7\u0131s\u0131ndan y\u00fckselen bir de\u011fere sahip. B\u00f6lge; g\u00fcne\u015f, r\u00fczgar ve biogaz a\u00e7\u0131s\u0131ndan \u00f6nemli bir kaynak. Bu a\u00e7\u0131dan proje i\u00e7in \u00c7anakkale ve Bal\u0131kesir&#8217;in se\u00e7ilmi\u015f olmas\u0131 da olduk\u00e7a \u00f6nemli. B\u00f6lgenin bu potansiyelinin de\u011ferlendirilmesi yan\u0131nda, gen\u00e7ler i\u00e7in bir kariyer merkezi olmas\u0131 ve sanayi yat\u0131r\u0131mlar\u0131 a\u00e7\u0131s\u0131ndan da bir cazibe merkezi haline getirilmesi de \u00f6nem arz ediyor. Bal\u0131kesir \u00dcniversitesindeki Re-You e\u011fitim merkezimiz akreditasyonu tamamlayarak daha iyi bir hizmet i\u00e7in kendisini geli\u015ftirmi\u015f olacak. Bu merkez gen\u00e7lerin kariyeri ve istihdam\u0131 i\u00e7in de olduk\u00e7a \u00f6nemli. Gen\u00e7lerin bu f\u0131rsat\u0131 de\u011ferlendirmesini umut ediyorum\u201d \u015feklinde a\u00e7\u0131klamada bulundu.<\/span><br \/>\n<span style=\"font-family: arial, helvetica, sans-serif; font-size: 14px;\">Bal\u0131kesir Band\u0131rma\u2019da ger\u00e7ekle\u015fen konferansa; \u00c7OM\u00dc Rekt\u00f6r\u00fc Prof. Dr. R. C\u00fcneyt Ereno\u011flu ve BA\u00dcN Rekt\u00f6r Yard\u0131mc\u0131s\u0131 Prof. Dr. Fatih Sat\u0131l\u2019\u0131n yan\u0131 s\u0131ra Re-You Proje Koordinat\u00f6r\u00fc Ali Ko\u00e7, AB ve Mali Yard\u0131mlar Dairesi Ba\u015fkan\u0131 Do\u00e7. Dr. \u00d6mer Cantekin, AB T\u00fcrkiye Delegasyonu \u0130nsani ve Sosyal Kalk\u0131nma B\u00f6l\u00fcm Ba\u015fkan\u0131 Laurent Guirkinger, AB T\u00fcrkiye Delegasyonu Sekt\u00f6r Y\u00f6neticisi Prof. Dr. Mustafa Balc\u0131; proje payda\u015flar\u0131, akademisyenler ve kursiyerler kat\u0131ld\u0131.<\/span><\/p>\n","protected":false},"excerpt":{"rendered":"<p>Bal\u0131kesir \u00dcniversitesi Rekt\u00f6r Yard\u0131mc\u0131s\u0131 Prof. Dr. Fatih Sat\u0131l, &#8220;G\u00fcney Marmara, yenilebilir enerji potansiyeli a\u00e7\u0131s\u0131ndan y\u00fckselen bir de\u011fere sahip. B\u00f6lge; g\u00fcne\u015f,<\/p>\n","protected":false},"author":3,"featured_media":15609,"comment_status":"open","ping_status":"open","sticky":false,"template":"","format":"standard","meta":{"colormag_page_container_layout":"default_layout","colormag_page_sidebar_layout":"default_layout","footnotes":""},"categories":[45,1,5],"tags":[],"class_list":["post-15607","post","type-post","status-publish","format-standard","has-post-thumbnail","hentry","category-egitim","category-genel","category-gundem"],"_links":{"self":[{"href":"https:\/\/marmarayerelhizmet.com\/index.php\/wp-json\/wp\/v2\/posts\/15607","targetHints":{"allow":["GET"]}}],"collection":[{"href":"https:\/\/marmarayerelhizmet.com\/index.php\/wp-json\/wp\/v2\/posts"}],"about":[{"href":"https:\/\/marmarayerelhizmet.com\/index.php\/wp-json\/wp\/v2\/types\/post"}],"author":[{"embeddable":true,"href":"https:\/\/marmarayerelhizmet.com\/index.php\/wp-json\/wp\/v2\/users\/3"}],"replies":[{"embeddable":true,"href":"https:\/\/marmarayerelhizmet.com\/index.php\/wp-json\/wp\/v2\/comments?post=15607"}],"version-history":[{"count":0,"href":"https:\/\/marmarayerelhizmet.com\/index.php\/wp-json\/wp\/v2\/posts\/15607\/revisions"}],"wp:featuredmedia":[{"embeddable":true,"href":"https:\/\/marmarayerelhizmet.com\/index.php\/wp-json\/wp\/v2\/media\/15609"}],"wp:attachment":[{"href":"https:\/\/marmarayerelhizmet.com\/index.php\/wp-json\/wp\/v2\/media?parent=15607"}],"wp:term":[{"taxonomy":"category","embeddable":true,"href":"https:\/\/marmarayerelhizmet.com\/index.php\/wp-json\/wp\/v2\/categories?post=15607"},{"taxonomy":"post_tag","embeddable":true,"href":"https:\/\/marmarayerelhizmet.com\/index.php\/wp-json\/wp\/v2\/tags?post=15607"}],"curies":[{"name":"wp","href":"https:\/\/api.w.org\/{rel}","templated":true}]}}