{"id":15603,"date":"2023-09-21T23:55:39","date_gmt":"2023-09-21T20:55:39","guid":{"rendered":"https:\/\/marmarayerelhizmet.com\/?p=15603"},"modified":"2023-09-21T23:55:39","modified_gmt":"2023-09-21T20:55:39","slug":"tokinin-indirim-kampanyasi-basladi","status":"publish","type":"post","link":"https:\/\/marmarayerelhizmet.com\/index.php\/2023\/09\/21\/tokinin-indirim-kampanyasi-basladi\/","title":{"rendered":"TOK\u0130\u2019nin \u0130ndirim Kampanyas\u0131 Ba\u015flad\u0131"},"content":{"rendered":"<p><strong><span style=\"font-family: arial, helvetica, sans-serif; font-size: 14px;\">\u00c7evre, \u015eehircilik ve \u0130klim De\u011fi\u015fikli\u011fi Bakan\u0131 Mehmet \u00d6zhaseki\u2019nin, ge\u00e7ti\u011fimiz g\u00fcnlerde m\u00fcjdesini verdi\u011fi Toplu Konut \u0130daresi (TOK\u0130)\u2019den konut ve i\u015f yeri alanlar i\u00e7in d\u00fczenlenen y\u00fczde 25 indirim kampanyas\u0131 bug\u00fcn ba\u015flad\u0131.<br \/>\n<\/span><\/strong><br \/>\n<span style=\"font-family: arial, helvetica, sans-serif; font-size: 14px;\">TOK\u0130\u2019den ev ve i\u015f yeri alm\u0131\u015f ve geri \u00f6demesi, 2022 y\u0131l\u0131 Haziran ay\u0131n\u0131n sonuna kadar ba\u015flam\u0131\u015f olanlar faydalanabilecek. Al\u0131c\u0131lar, bor\u00e7 bakiyesinin pe\u015fin olarak kapatmas\u0131 durumunda y\u00fczde 25 indirim imkan\u0131ndan yararlanabilecek. Borcun tamam\u0131n\u0131 kapatamayacak olan al\u0131c\u0131lar ise bor\u00e7 bakiyesinin y\u00fczde 25\u2019inden az olmamak \u015fart\u0131yla yapacaklar\u0131 \u00f6demeye y\u00fczde 25 indirim kampanyas\u0131ndan k\u0131smi olarak faydalanabilecek. Konut ve i\u015fyeri al\u0131c\u0131lar\u0131, bor\u00e7 kapatma tarihi itibar\u0131yla hesaplanacak bor\u00e7 bakiyelerini, 21 Eyl\u00fcl-19 Ekim tarihleri aras\u0131nda sat\u0131\u015f i\u015flemlerini ger\u00e7ekle\u015ftirdikleri bankadan \u00f6\u011frenebilecek.<\/span><\/p>\n<p><strong><span style=\"font-family: arial, helvetica, sans-serif; font-size: 14px;\">Arac\u0131 bankadan konut kredisi kullan\u0131labilecek<\/span><\/strong><br \/>\n<span style=\"font-family: arial, helvetica, sans-serif; font-size: 14px;\">Al\u0131c\u0131lar\u0131n, ba\u015fvuru tarihi itibar\u0131yla \u00f6ncelikle borcun kapat\u0131laca\u011f\u0131 aya ait taksit \u00f6demelerini yapm\u0131\u015f olmas\u0131 gerekiyor. \u0130ndirimden faydalanmak i\u00e7in ayr\u0131ca geriye d\u00f6n\u00fck taksit ve emlak vergisi borcunun da olmamas\u0131 gerekiyor. Kampanyaya dahil olan konut ve i\u015f yeri al\u0131c\u0131lar\u0131, s\u00f6z konusu indirimden faydalanarak bor\u00e7lar\u0131n\u0131 kapatmak i\u00e7in ihtiya\u00e7 duyduklar\u0131nda Gayrimenkul Sat\u0131\u015f S\u00f6zle\u015fmesi&#8217;ni imzalam\u0131\u015f olduklar\u0131 arac\u0131 bankalardan konut kredisi de kullanabilecek.<\/span><\/p>\n<p><strong><span style=\"font-family: arial, helvetica, sans-serif; font-size: 14px;\">Kampanya tarihinden sonra indirim ge\u00e7erli olmayacak<\/span><\/strong><br \/>\n<span style=\"font-family: arial, helvetica, sans-serif; font-size: 14px;\">Y\u00fczde 25 indirim kampanyas\u0131 19 Ekim\u2019de sona erecek. Kampanya tarihinden sonra yap\u0131lacak bor\u00e7 kapatma ve k\u0131smi \u00f6demelerde ise s\u00f6z konusu indirim oran\u0131ndan yararlan\u0131lmas\u0131 m\u00fcmk\u00fcn olmayacak. Kalan taksit say\u0131s\u0131 12 ve daha az olan konut ve i\u015f yeri al\u0131c\u0131lar\u0131 indirim kampanyas\u0131ndan faydalanamayacak.<\/span><\/p>\n","protected":false},"excerpt":{"rendered":"<p>\u00c7evre, \u015eehircilik ve \u0130klim De\u011fi\u015fikli\u011fi Bakan\u0131 Mehmet \u00d6zhaseki\u2019nin, ge\u00e7ti\u011fimiz g\u00fcnlerde m\u00fcjdesini verdi\u011fi Toplu Konut \u0130daresi (TOK\u0130)\u2019den konut ve i\u015f yeri<\/p>\n","protected":false},"author":3,"featured_media":15605,"comment_status":"open","ping_status":"open","sticky":false,"template":"","format":"standard","meta":{"colormag_page_container_layout":"default_layout","colormag_page_sidebar_layout":"default_layout","footnotes":""},"categories":[3,1,5,8],"tags":[],"class_list":["post-15603","post","type-post","status-publish","format-standard","has-post-thumbnail","hentry","category-ekonomi","category-genel","category-gundem","category-siyaset"],"_links":{"self":[{"href":"https:\/\/marmarayerelhizmet.com\/index.php\/wp-json\/wp\/v2\/posts\/15603","targetHints":{"allow":["GET"]}}],"collection":[{"href":"https:\/\/marmarayerelhizmet.com\/index.php\/wp-json\/wp\/v2\/posts"}],"about":[{"href":"https:\/\/marmarayerelhizmet.com\/index.php\/wp-json\/wp\/v2\/types\/post"}],"author":[{"embeddable":true,"href":"https:\/\/marmarayerelhizmet.com\/index.php\/wp-json\/wp\/v2\/users\/3"}],"replies":[{"embeddable":true,"href":"https:\/\/marmarayerelhizmet.com\/index.php\/wp-json\/wp\/v2\/comments?post=15603"}],"version-history":[{"count":0,"href":"https:\/\/marmarayerelhizmet.com\/index.php\/wp-json\/wp\/v2\/posts\/15603\/revisions"}],"wp:featuredmedia":[{"embeddable":true,"href":"https:\/\/marmarayerelhizmet.com\/index.php\/wp-json\/wp\/v2\/media\/15605"}],"wp:attachment":[{"href":"https:\/\/marmarayerelhizmet.com\/index.php\/wp-json\/wp\/v2\/media?parent=15603"}],"wp:term":[{"taxonomy":"category","embeddable":true,"href":"https:\/\/marmarayerelhizmet.com\/index.php\/wp-json\/wp\/v2\/categories?post=15603"},{"taxonomy":"post_tag","embeddable":true,"href":"https:\/\/marmarayerelhizmet.com\/index.php\/wp-json\/wp\/v2\/tags?post=15603"}],"curies":[{"name":"wp","href":"https:\/\/api.w.org\/{rel}","templated":true}]}}