{"id":15585,"date":"2023-09-21T14:10:14","date_gmt":"2023-09-21T11:10:14","guid":{"rendered":"https:\/\/marmarayerelhizmet.com\/?p=15585"},"modified":"2023-09-21T14:10:14","modified_gmt":"2023-09-21T11:10:14","slug":"ustaoglu-marmara-osbyi-ziyaret-etti","status":"publish","type":"post","link":"https:\/\/marmarayerelhizmet.com\/index.php\/2023\/09\/21\/ustaoglu-marmara-osbyi-ziyaret-etti\/","title":{"rendered":"Ustao\u011flu Marmara OSB&#8217;yi Ziyaret Etti"},"content":{"rendered":"<p><strong><span style=\"font-family: arial, helvetica, sans-serif; font-size: 14px;\">Bal\u0131kesir&#8217;in Band\u0131rma il\u00e7esinde 1 Kas\u0131m 2018 tarihinde resmi kurulu\u015fu ger\u00e7ekle\u015ftirilen Marmara Y\u00fcksek Teknoloji ve Makine \u0130htisas Organize Sanayi B\u00f6lgesinde (Marmara OSB) \u00e7al\u0131\u015fmalar son s\u00fcrat devam diyor. Marmara OSB&#8217;de 190 fabrikada 10 bin ki\u015filik istihdam planlan\u0131yor.<br \/>\n<\/span><\/strong><br \/>\n<span style=\"font-family: arial, helvetica, sans-serif; font-size: 14px;\">Marmara OSB Y\u00f6netim Kurulu Ba\u015fkan\u0131 Menderes Akar, Marmara b\u00f6lgesinin Band\u0131rma&#8217;da kurulu olan ve \u00e7al\u0131\u015fmalar\u0131 devam eden yerin en \u00f6nemli sanayi b\u00f6lgelerinden biri olaca\u011f\u0131n\u0131 ifade etti. \u0130HA Muhabirine yapt\u0131\u011f\u0131 a\u00e7\u0131klamalarda, &#8220;Marmara OSB&#8217;de hedeflenen burada 1 milyon 260 bin metre karede toplam 190 fabrika y\u00fcksek teknoloji ve makine ihtisas OSB olarak bu b\u00f6lgeye istihdam sa\u011flayaca\u011f\u0131z ve y\u00fcksek ihracat ile gelir getirece\u011fiz. B\u00f6lge ve Band\u0131rma&#8217;ya toplamda 190 fabrika tahmini de 10 bin ki\u015fi istihdam edilecek. OSB&#8217;de 10 bin ki\u015fi istihdam sa\u011flanacak. Band\u0131rma hakikaten lojistik olarak inan\u0131lmaz bir b\u00f6lge, yan\u0131m\u0131zdan ge\u00e7en otoban projesi b\u00fct\u00fcn Marmara&#8217;y\u0131 kapsayacak. Birde demir yolu a\u011f\u0131 ge\u00e7ti\u011fimiz zaman buras\u0131 limanlar\u0131m\u0131z ile beraber \u00e7ok b\u00fcy\u00fck bir lojistik merkezi olacak yani bu ka\u00e7\u0131n\u0131lmaz. Son derece \u00f6nemli bir yer, ayn\u0131 zamanda \u0130stanbul&#8217;da da OSB&#8217;lerde yerimiz var ama Marmara&#8217;n\u0131n bence en g\u00fczel yeri Band\u0131rma. Marmara&#8217;n\u0131n yani bu b\u00f6lge, ileride inan\u0131lmaz bir sanayi b\u00f6lgesi \u015fuanda da \u00f6yle belki ama bir kere buras\u0131 lojistik kenti. Turizm var, Edremit taraf\u0131nda da burada da sanayi bu b\u00f6lgeden \u00c7anakkale kadar uzanacak. \u00dcstelik y\u00fcksek teknolojiden bir sanayi olacak. \u00c7\u00fcnk\u00fc Marmara&#8217;n\u0131n denizin k\u0131y\u0131s\u0131ndas\u0131n\u0131z ve inan\u0131lmaz bir b\u00f6lge liman yak\u0131n ve belki ileride burada serbest bir b\u00f6lge olabilir b\u00f6lge ger\u00e7ekten son derece m\u00fcsait bir b\u00f6lge&#8221; dedi.<\/span><br \/>\n<span style=\"font-family: arial, helvetica, sans-serif; font-size: 14px;\">Marmara OSB&#8217;yi ziyaret eden Bal\u0131kesir Valisi \u0130smail Ustao\u011flu b\u00f6lge ve \u00e7al\u0131\u015fmalar hakk\u0131nda bilgi edindi. Ziyaretin sonunda \u0130HA Muhabirine a\u00e7\u0131klamalarda bulundu, &#8220;Band\u0131rma il\u00e7emize kapsaml\u0131 bir ziyaret ger\u00e7ekle\u015ftiriyoruz. \u0130l Jandarma komutan\u0131m\u0131zla \u0130l Emniyet m\u00fcd\u00fcr\u00fcm\u00fcz sahil g\u00fcvenlik komutan\u0131m\u0131zla birlikte \u00f6nce kaymakaml\u0131\u011f\u0131m\u0131z\u0131 ziyaret ettik. Kurum m\u00fcd\u00fcrlerimizde toplant\u0131lar yapt\u0131k. Akabinde emniyet jandarmam\u0131z\u0131 ziyaret ettik. Yine belediyemizi ziyaret ettik. Band\u0131rma Ticaret Odam\u0131z\u0131 ziyaret ettik. \u00d6zel e\u011fitim okulumuza gittik. Hay\u0131rsever i\u015f insan\u0131m\u0131z\u0131n yapt\u0131rd\u0131\u011f\u0131 okulumuzu ziyaret ettik. Ve \u015fu anda yine bu b\u00f6lge i\u00e7in \u00e7ok \u00f6nemli olan Band\u0131rmam\u0131z i\u00e7in de \u00f6nemli olan Marmara \u0130htisas OSB&#8217;mize bir ziyaret ger\u00e7ekle\u015ftirdik. Burada ben ba\u015fkan\u0131m\u0131za ve di\u011fer arkada\u015flara y\u00f6netime te\u015fekk\u00fcr ediyorum. Marmara OSB&#8217;mizle ilgili de arkada\u015flar\u0131m\u0131zdan bilgi ald\u0131k. \u0130nan\u0131yorum ki \u00f6n\u00fcm\u00fczdeki s\u00fcre\u00e7 i\u00e7erisinde buras\u0131 \u015fu an tahsisleri \u00f6n tahsisleri yap\u0131lm\u0131\u015f ve ileride de b\u00f6lgemizin \u00fcretimine istihdam\u0131na \u00e7ok \u00f6nemli katk\u0131s\u0131 olacak olan bir OSB \u015fu an altyap\u0131 \u00e7al\u0131\u015fmalar\u0131 devam ediyor. Arkada\u015flar\u0131m\u0131zdan ald\u0131\u011f\u0131m\u0131z bilgiye g\u00f6re b\u00f6lgemiz a\u00e7\u0131s\u0131ndan ger\u00e7ekten \u00e7ok \u00f6nemli bir hizmetin \u00e7ok \u00f6nemli bir yat\u0131r\u0131m\u0131 in\u015fallah burada g\u00f6rece\u011fiz. Band\u0131rma il\u00e7emiz biliyorsunuz Bal\u0131kesir&#8217;imizin en b\u00fcy\u00fck il\u00e7elerinden birisi bug\u00fcn de burada \u015fimdi \u00fcniversite bize de bir ziyaret ger\u00e7ekle\u015ftirece\u011fiz. Hem yak\u0131ndan tan\u0131ma f\u0131rsat\u0131m\u0131z oldu. Ben burada ev sahipli\u011fi yapan t\u00fcm arkada\u015flar\u0131m\u0131za te\u015fekk\u00fcr ediyorum&#8221; \u015feklinde a\u00e7\u0131klamalarda bulundu.<\/span><br \/>\n<span style=\"font-family: arial, helvetica, sans-serif; font-size: 14px;\">Bal\u0131kesir Valisi \u0130smail Ustao\u011flu Marmara OSB ziyaretinde Bal\u0131kesir \u0130l Jandarma Komutan\u0131 T\u00fcmgeneral Nurettin Alkan, Bal\u0131kesir \u0130l Emniyet M\u00fcd\u00fcr\u00fc Hasan Yi\u011fit, Band\u0131rma Kaymakam\u0131 Engin Aksakal ve Ak Parti Bal\u0131kesir B\u00fcy\u00fck\u015fehir Meclis \u00fcyesi Ceyhun M\u0131r\u0131z&#8217;da kat\u0131ld\u0131.<\/span><\/p>\n","protected":false},"excerpt":{"rendered":"<p>Bal\u0131kesir&#8217;in Band\u0131rma il\u00e7esinde 1 Kas\u0131m 2018 tarihinde resmi kurulu\u015fu ger\u00e7ekle\u015ftirilen Marmara Y\u00fcksek Teknoloji ve Makine \u0130htisas Organize Sanayi B\u00f6lgesinde (Marmara<\/p>\n","protected":false},"author":3,"featured_media":15587,"comment_status":"open","ping_status":"open","sticky":false,"template":"","format":"standard","meta":{"colormag_page_container_layout":"default_layout","colormag_page_sidebar_layout":"default_layout","footnotes":""},"categories":[3,1,5,8],"tags":[],"class_list":["post-15585","post","type-post","status-publish","format-standard","has-post-thumbnail","hentry","category-ekonomi","category-genel","category-gundem","category-siyaset"],"_links":{"self":[{"href":"https:\/\/marmarayerelhizmet.com\/index.php\/wp-json\/wp\/v2\/posts\/15585","targetHints":{"allow":["GET"]}}],"collection":[{"href":"https:\/\/marmarayerelhizmet.com\/index.php\/wp-json\/wp\/v2\/posts"}],"about":[{"href":"https:\/\/marmarayerelhizmet.com\/index.php\/wp-json\/wp\/v2\/types\/post"}],"author":[{"embeddable":true,"href":"https:\/\/marmarayerelhizmet.com\/index.php\/wp-json\/wp\/v2\/users\/3"}],"replies":[{"embeddable":true,"href":"https:\/\/marmarayerelhizmet.com\/index.php\/wp-json\/wp\/v2\/comments?post=15585"}],"version-history":[{"count":0,"href":"https:\/\/marmarayerelhizmet.com\/index.php\/wp-json\/wp\/v2\/posts\/15585\/revisions"}],"wp:featuredmedia":[{"embeddable":true,"href":"https:\/\/marmarayerelhizmet.com\/index.php\/wp-json\/wp\/v2\/media\/15587"}],"wp:attachment":[{"href":"https:\/\/marmarayerelhizmet.com\/index.php\/wp-json\/wp\/v2\/media?parent=15585"}],"wp:term":[{"taxonomy":"category","embeddable":true,"href":"https:\/\/marmarayerelhizmet.com\/index.php\/wp-json\/wp\/v2\/categories?post=15585"},{"taxonomy":"post_tag","embeddable":true,"href":"https:\/\/marmarayerelhizmet.com\/index.php\/wp-json\/wp\/v2\/tags?post=15585"}],"curies":[{"name":"wp","href":"https:\/\/api.w.org\/{rel}","templated":true}]}}