{"id":15531,"date":"2023-09-22T00:03:58","date_gmt":"2023-09-21T21:03:58","guid":{"rendered":"https:\/\/marmarayerelhizmet.com\/?p=15531"},"modified":"2023-09-20T19:05:54","modified_gmt":"2023-09-20T16:05:54","slug":"kareside-istisare-anlayisi","status":"publish","type":"post","link":"https:\/\/marmarayerelhizmet.com\/index.php\/2023\/09\/22\/kareside-istisare-anlayisi\/","title":{"rendered":"Karesi&#8217;de \u0130sti\u015fare Anlay\u0131\u015f\u0131"},"content":{"rendered":"<p><span style=\"font-family: arial, helvetica, sans-serif; font-size: 14px;\"><strong>Karesi Belediye Ba\u015fkan\u0131 Din\u00e7er Orkan, vatanda\u015flarla isti\u015fare anlay\u0131\u015f\u0131 \u00e7er\u00e7evesinde her f\u0131rsatta esnaf ve mahalle sakinleri ile bir araya geliyor. Vatanda\u015flar\u0131n istek ve taleplerini dinleyen Ba\u015fkan Orkan, isti\u015farelerde bulunarak yap\u0131lan \u00e7al\u0131\u015fmalar\u0131 anlat\u0131yor.<\/strong><\/span><\/p>\n<p><span style=\"font-family: arial, helvetica, sans-serif; font-size: 14px;\">Karesi &#8216;de yap\u0131lacak hizmetlerle ilgili s\u00fcrekli olarak muhtarlar, esnaf ve vatanda\u015flarla bir araya gelen Karesi Belediye Ba\u015fkan\u0131 Din\u00e7er Orkan, isti\u015farelerde bulunuyor. Vatanda\u015flar\u0131n istek ve taleplerini dinleyen Ba\u015fkan Orkan, isti\u015farelerde bulunarak yap\u0131lan \u00e7al\u0131\u015fmalar\u0131 anlat\u0131yor. Son olarak \u00c7ar\u015f\u0131 esnaf\u0131n\u0131 ziyaret eden ve 7\u2019den 70\u2019e vatanda\u015flarla sohbet eden Ba\u015fkan Orkan, sadece bug\u00fcne de\u011fil gelece\u011fe de yat\u0131r\u0131m yapt\u0131klar\u0131n\u0131 belirtti.<\/span><\/p>\n<p><span style=\"font-family: arial, helvetica, sans-serif; font-size: 14px;\"><strong>KARES\u0130\u2019DE \u0130ST\u0130\u015eARE ANLAYI\u015eI S\u00dcR\u00dcYOR<\/strong><\/span><br \/>\n<span style=\"font-family: arial, helvetica, sans-serif; font-size: 14px;\">S\u0131k s\u0131k esnaf, vatanda\u015f ve muhtar ziyaretlerini s\u00fcrd\u00fcren Ba\u015fkan Orkan, isti\u015farenin \u00f6nemine vurgu yapt\u0131. Orkan, &#8220;Kentimizde yapaca\u011f\u0131m\u0131z projelerimizi vatanda\u015flar\u0131m\u0131z\u0131n g\u00f6r\u00fc\u015f ve \u00f6nerilerini alarak hayata ge\u00e7iriyoruz. B\u00f6ylece vatanda\u015flarda yap\u0131lan projelere destek oluyor. Yapt\u0131\u011f\u0131m\u0131z \u00e7al\u0131\u015fmalarla ilgili sivil toplum kurulu\u015flar\u0131n\u0131, vatanda\u015flar\u0131m\u0131z\u0131, ilgili kurum ve kurulu\u015flar\u0131 bilgilendiriyoruz ve il\u00e7emizin geli\u015fmesine katk\u0131 sa\u011fl\u0131yoruz. Bizler insan ve hizmet odakl\u0131 belediyecilik anlay\u0131\u015f\u0131m\u0131zla Karesi\u2019de elbirli\u011fi ile g\u00fczel hizmetler ger\u00e7ekle\u015ftirece\u011fimize inan\u0131yoruz. \u0130ki \u00f6zelli\u011fin kazan\u0131m\u0131 kurumlar i\u00e7in artan \u00f6nem kazanmakta diye d\u00fc\u015f\u00fcn\u00fcyoruz. Bu yetkinliklerle Karesimizin gelecekte daha da huzurlu ve m\u00fcreffeh bir kent ya\u015fam\u0131na olaca\u011f\u0131na inan\u0131yorum&#8221; diye konu\u015ftu.<\/span><br \/>\n<span style=\"font-family: arial, helvetica, sans-serif; font-size: 14px;\">\u0130l\u00e7eye yap\u0131lan ve yap\u0131lacak olan projeleri anlatan Ba\u015fkan Orkan, sadece bug\u00fcne de\u011fil gelece\u011fe de yat\u0131r\u0131m yapt\u0131klar\u0131n\u0131n alt\u0131n\u0131 \u00e7izdi. Projelerle Karesi&#8217;nin y\u00fckselen bir de\u011fer haline geldi\u011fini belirten Orkan, \u00e7al\u0131\u015fmalar\u0131 vatanda\u015flardan ald\u0131klar\u0131 destekle daha y\u00fckse\u011fe ta\u015f\u0131yacaklar\u0131n\u0131 s\u00f6yledi.<\/span><\/p>\n<p>&nbsp;<\/p>\n","protected":false},"excerpt":{"rendered":"<p>Karesi Belediye Ba\u015fkan\u0131 Din\u00e7er Orkan, vatanda\u015flarla isti\u015fare anlay\u0131\u015f\u0131 \u00e7er\u00e7evesinde her f\u0131rsatta esnaf ve mahalle sakinleri ile bir araya geliyor. Vatanda\u015flar\u0131n<\/p>\n","protected":false},"author":3,"featured_media":15533,"comment_status":"open","ping_status":"open","sticky":false,"template":"","format":"standard","meta":{"colormag_page_container_layout":"default_layout","colormag_page_sidebar_layout":"default_layout","footnotes":""},"categories":[1,5,8],"tags":[],"class_list":["post-15531","post","type-post","status-publish","format-standard","has-post-thumbnail","hentry","category-genel","category-gundem","category-siyaset"],"_links":{"self":[{"href":"https:\/\/marmarayerelhizmet.com\/index.php\/wp-json\/wp\/v2\/posts\/15531","targetHints":{"allow":["GET"]}}],"collection":[{"href":"https:\/\/marmarayerelhizmet.com\/index.php\/wp-json\/wp\/v2\/posts"}],"about":[{"href":"https:\/\/marmarayerelhizmet.com\/index.php\/wp-json\/wp\/v2\/types\/post"}],"author":[{"embeddable":true,"href":"https:\/\/marmarayerelhizmet.com\/index.php\/wp-json\/wp\/v2\/users\/3"}],"replies":[{"embeddable":true,"href":"https:\/\/marmarayerelhizmet.com\/index.php\/wp-json\/wp\/v2\/comments?post=15531"}],"version-history":[{"count":0,"href":"https:\/\/marmarayerelhizmet.com\/index.php\/wp-json\/wp\/v2\/posts\/15531\/revisions"}],"wp:featuredmedia":[{"embeddable":true,"href":"https:\/\/marmarayerelhizmet.com\/index.php\/wp-json\/wp\/v2\/media\/15533"}],"wp:attachment":[{"href":"https:\/\/marmarayerelhizmet.com\/index.php\/wp-json\/wp\/v2\/media?parent=15531"}],"wp:term":[{"taxonomy":"category","embeddable":true,"href":"https:\/\/marmarayerelhizmet.com\/index.php\/wp-json\/wp\/v2\/categories?post=15531"},{"taxonomy":"post_tag","embeddable":true,"href":"https:\/\/marmarayerelhizmet.com\/index.php\/wp-json\/wp\/v2\/tags?post=15531"}],"curies":[{"name":"wp","href":"https:\/\/api.w.org\/{rel}","templated":true}]}}