{"id":15369,"date":"2023-09-17T20:02:45","date_gmt":"2023-09-17T17:02:45","guid":{"rendered":"https:\/\/marmarayerelhizmet.com\/?p=15369"},"modified":"2023-09-17T20:02:45","modified_gmt":"2023-09-17T17:02:45","slug":"fenerbahce-3-antalyaspor-2","status":"publish","type":"post","link":"https:\/\/marmarayerelhizmet.com\/index.php\/2023\/09\/17\/fenerbahce-3-antalyaspor-2\/","title":{"rendered":"Fenerbah\u00e7e: 3 &#8211; Antalyaspor: 2"},"content":{"rendered":"<p><strong><span style=\"font-family: arial, helvetica, sans-serif; font-size: 14px;\">Trendyol S\u00fcper Lig&#8217;in 5. haftas\u0131nda sahas\u0131nda Antalyaspor ile kar\u015f\u0131la\u015fan Fenerbah\u00e7e, m\u00fccadeleden 3-2&#8217;lik galibiyetle ayr\u0131ld\u0131.<\/span><\/strong><\/p>\n<p><span style=\"font-family: arial, helvetica, sans-serif; font-size: 14px;\"><strong>Ma\u00e7tan dakikalar<\/strong><br \/>\n5. dakikada G\u00fcray Vural\u2019\u0131n sol kanattan ceza sahas\u0131 i\u00e7ine ortalad\u0131\u011f\u0131 topta sa\u011f \u00e7aprazdan Erdo\u011fan Ye\u015filyurt vuru\u015funu yapt\u0131. Erdo\u011fan\u2019\u0131n \u015futunda Van de Streek topu\u011fuyla topu kaleye do\u011fru g\u00f6nderdi, Serdar Aziz, yapt\u0131\u011f\u0131 m\u00fcdahaleyle me\u015fin yuvarla\u011f\u0131 \u00e7izgiden \u00e7\u0131kard\u0131.<br \/>\n10. dakikada Tadic\u2019in sa\u011f taraftan kulland\u0131\u011f\u0131 kornere kafayla iyi y\u00fckselen Dzeko\u2019nun vuru\u015funda me\u015fin yuvarlak kalenin \u00fcst\u00fcnden d\u0131\u015far\u0131ya \u00e7\u0131kt\u0131.<br \/>\n31. dakikada orta alanda topla \u00e7\u0131kan Erdal Rakip, rakibinin m\u00fcdahalesiyle yerde kald\u0131. Topun Van de Streek\u2019in \u00f6n\u00fcnde kalmas\u0131yla hakem faul\u00fc avantaja b\u0131rakt\u0131. Van de Streek\u2019in pas\u0131nda topla bulu\u015fan Buksa, iki rakibinden s\u0131yr\u0131l\u0131p girdi\u011fi ceza sahas\u0131nda yerden yapt\u0131\u011f\u0131 vuru\u015fla me\u015fin yuvarla\u011f\u0131 a\u011flara g\u00f6nderdi. 0-1<br \/>\n37. dakikada sa\u011f taraftan B\u00fcnyamin Balc\u0131\u2019n\u0131n ceza sahas\u0131 i\u00e7ine yapt\u0131\u011f\u0131 ortada penalt\u0131 noktas\u0131 yak\u0131n\u0131nda iyi y\u00fckselen Van de Streek\u2019in kafa vuru\u015funda me\u015fin yuvarlak yandan d\u0131\u015far\u0131 \u00e7\u0131kt\u0131.<br \/>\n44. dakikada sa\u011f tarafta \u0130rfan Can Kahveci, rakibinden kapt\u0131\u011f\u0131 topu ceza yay\u0131 \u00fczerindeki Dzeko ile bulu\u015fturdu. Dzeko&#8217;nun yerden \u015futunda kaleci Leite gole izin vermedi.<br \/>\n45+1. dakikada Ferdi&#8217;nin sol taraftan ceza sahas\u0131 i\u00e7ine yapt\u0131\u011f\u0131 ortada penalt\u0131 noktas\u0131 \u00fczerinde Serdar Aziz kafayla topu arka dire\u011fe a\u015f\u0131rd\u0131. Dzeko&#8217;nun kafa vuru\u015funda me\u015fin yuvarlak filelerle bulu\u015ftu. 1-1<\/span><br \/>\n<span style=\"font-family: arial, helvetica, sans-serif; font-size: 14px;\">56. dakikada ceza sahas\u0131 i\u00e7i sol taraf\u0131nda son \u00e7izgiye inen Dzeko\u2019nun arka dire\u011fe ortalad\u0131\u011f\u0131 topta \u0130rfan Can Kahveci yapt\u0131\u011f\u0131 kafa vuru\u015fuyla me\u015fin yuvarla\u011f\u0131 a\u011flarla bulu\u015fturdu. 2-1<\/span><br \/>\n<span style=\"font-family: arial, helvetica, sans-serif; font-size: 14px;\">64. dakikada ceza yay\u0131 \u00fczerinden Jehezkel\u2019in \u015futunda savunmadan seken top ceza sahas\u0131 i\u00e7i sol \u00e7apraz\u0131nda Buksa\u2019n\u0131n \u00f6n\u00fcne d\u00fc\u015ft\u00fc. Buksa\u2019n\u0131n yapt\u0131\u011f\u0131 tek vuru\u015fta me\u015fin yuvarlak filelere gitti. 2-2<\/span><br \/>\n<span style=\"font-family: arial, helvetica, sans-serif; font-size: 14px;\">69. dakikada sol taraftan Tadic\u2019in ceza sahas\u0131 i\u00e7ine yapt\u0131\u011f\u0131 ortada \u0130rfan Can\u2019\u0131n alt\u0131pas\u0131n i\u00e7inden yapt\u0131\u011f\u0131 kafa vuru\u015funda me\u015fin yuvarlak \u00fcst dire\u011fe de \u00e7arp\u0131p d\u0131\u015far\u0131 \u00e7\u0131kt\u0131.<\/span><br \/>\n<span style=\"font-family: arial, helvetica, sans-serif; font-size: 14px;\">73. dakikada Dzeko\u2019nun ara pas\u0131nda topla bulu\u015fan Szymanski, \u00f6n\u00fcndeki a\u00e7\u0131k alan\u0131 kullanarak ceza sahas\u0131na kadar girdi. Szymanski\u2019nin a\u015f\u0131rtmas\u0131nda kaleci Leite topu kornere \u00e7eldi.<\/span><br \/>\n<span style=\"font-family: arial, helvetica, sans-serif; font-size: 14px;\">80. dakikada sa\u011f taraftan Fred, korneri \u0130rfan Can Kahveci ile pasla\u015farak kulland\u0131. \u0130rfan Can\u2019\u0131n sa\u011f taraftan ceza sahas\u0131 i\u00e7ine yerden att\u0131\u011f\u0131 pasta topla bulu\u015fan Szymanski\u2019nin uzak dire\u011fe yapt\u0131\u011f\u0131 vuru\u015fta me\u015fin yuvarlak filelerle bulu\u015ftu. 3-2<\/span><\/p>\n<p><span style=\"font-family: arial, helvetica, sans-serif; font-size: 14px;\">Hakemler: Halil Umut Meler, Mustafa Emre Eyisoy, Kerem Ersoy<\/span><br \/>\n<span style=\"font-family: arial, helvetica, sans-serif; font-size: 14px;\">Fenerbah\u00e7e: Livakovic, Osayi-Samuel, Serdar Aziz, Becao, Ferdi Kad\u0131o\u011flu, Miha Zajc (Crespo dk. 70), Fred, Cengiz \u00dcnder (\u0130rfan Can Kahveci dk. 5), Szymanski (Djiku dk. 89), Tadic (Ryan Kent dk. 89), Dzeko<\/span><br \/>\n<span style=\"font-family: arial, helvetica, sans-serif; font-size: 14px;\">Yedekler: \u0130rfan Can E\u011fribayat, Samet Akaydin, Joshua King, Mert M\u00fcld\u00fcr, Bathsuayi, Efekan Karayaz\u0131<\/span><br \/>\n<span style=\"font-family: arial, helvetica, sans-serif; font-size: 14px;\">Teknik Direkt\u00f6r: \u0130smail Kartal<\/span><br \/>\n<span style=\"font-family: arial, helvetica, sans-serif; font-size: 14px;\">Antalyaspor: Leite, B\u00fcnyamin Balc\u0131 (Assombalonga dk. 85), Veysel Sar\u0131, \u00d6mer Toprak, G\u00fcray Vural, Saric, Erdal Rakip (Safuri dk. 71), Erdo\u011fan Ye\u015filyurt (Jehezkel dk. 58), Van de Streek, Larsson, Buksa<\/span><br \/>\n<span style=\"font-family: arial, helvetica, sans-serif; font-size: 14px;\">Yedekler: Ataberk Dadakdeniz, Bahad\u0131r \u00d6zt\u00fcrk, Erkan Eyibil, Milosevic, Mert Y\u0131lmaz, Mustafa Erdilman, Emre Uzun<\/span><br \/>\n<span style=\"font-family: arial, helvetica, sans-serif; font-size: 14px;\">Teknik Direkt\u00f6r: Nuri \u015eahin<\/span><br \/>\n<span style=\"font-family: arial, helvetica, sans-serif; font-size: 14px;\">Goller: Dzeko (dk. 45+1), \u0130rfan Can Kahveci (dk. 56), Szymanski (dk. 80) (Fenerbah\u00e7e), Buksa (dk. 31 ve 64) (Antalyaspor)<\/span><br \/>\n<span style=\"font-family: arial, helvetica, sans-serif; font-size: 14px;\">Sar\u0131 kartlar: Becao, Osayi-Samuel, Crespo (Fenerbah\u00e7e), \u00d6mer Toprak, Erdo\u011fan Ye\u015filyurt, Jehezkel (Antalyaspor)<\/span><\/p>\n","protected":false},"excerpt":{"rendered":"<p>Trendyol S\u00fcper Lig&#8217;in 5. haftas\u0131nda sahas\u0131nda Antalyaspor ile kar\u015f\u0131la\u015fan Fenerbah\u00e7e, m\u00fccadeleden 3-2&#8217;lik galibiyetle ayr\u0131ld\u0131. Ma\u00e7tan dakikalar 5. dakikada G\u00fcray Vural\u2019\u0131n<\/p>\n","protected":false},"author":3,"featured_media":15371,"comment_status":"open","ping_status":"open","sticky":false,"template":"","format":"standard","meta":{"colormag_page_container_layout":"default_layout","colormag_page_sidebar_layout":"default_layout","footnotes":""},"categories":[1,5,9],"tags":[],"class_list":["post-15369","post","type-post","status-publish","format-standard","has-post-thumbnail","hentry","category-genel","category-gundem","category-spor"],"_links":{"self":[{"href":"https:\/\/marmarayerelhizmet.com\/index.php\/wp-json\/wp\/v2\/posts\/15369","targetHints":{"allow":["GET"]}}],"collection":[{"href":"https:\/\/marmarayerelhizmet.com\/index.php\/wp-json\/wp\/v2\/posts"}],"about":[{"href":"https:\/\/marmarayerelhizmet.com\/index.php\/wp-json\/wp\/v2\/types\/post"}],"author":[{"embeddable":true,"href":"https:\/\/marmarayerelhizmet.com\/index.php\/wp-json\/wp\/v2\/users\/3"}],"replies":[{"embeddable":true,"href":"https:\/\/marmarayerelhizmet.com\/index.php\/wp-json\/wp\/v2\/comments?post=15369"}],"version-history":[{"count":0,"href":"https:\/\/marmarayerelhizmet.com\/index.php\/wp-json\/wp\/v2\/posts\/15369\/revisions"}],"wp:featuredmedia":[{"embeddable":true,"href":"https:\/\/marmarayerelhizmet.com\/index.php\/wp-json\/wp\/v2\/media\/15371"}],"wp:attachment":[{"href":"https:\/\/marmarayerelhizmet.com\/index.php\/wp-json\/wp\/v2\/media?parent=15369"}],"wp:term":[{"taxonomy":"category","embeddable":true,"href":"https:\/\/marmarayerelhizmet.com\/index.php\/wp-json\/wp\/v2\/categories?post=15369"},{"taxonomy":"post_tag","embeddable":true,"href":"https:\/\/marmarayerelhizmet.com\/index.php\/wp-json\/wp\/v2\/tags?post=15369"}],"curies":[{"name":"wp","href":"https:\/\/api.w.org\/{rel}","templated":true}]}}