{"id":15357,"date":"2023-09-17T10:59:33","date_gmt":"2023-09-17T07:59:33","guid":{"rendered":"https:\/\/marmarayerelhizmet.com\/?p=15357"},"modified":"2023-09-17T10:59:33","modified_gmt":"2023-09-17T07:59:33","slug":"kocaeli-kitap-fuari-heyecani","status":"publish","type":"post","link":"https:\/\/marmarayerelhizmet.com\/index.php\/2023\/09\/17\/kocaeli-kitap-fuari-heyecani\/","title":{"rendered":"Kocaeli Kitap Fuar\u0131 Heyecan\u0131"},"content":{"rendered":"<p><strong><span style=\"font-family: arial, helvetica, sans-serif; font-size: 14px;\">T\u00fcrkiye&#8217;nin ziyaret\u00e7i say\u0131s\u0131, etkinlik ve kat\u0131l\u0131mc\u0131 a\u00e7\u0131s\u0131ndan en b\u00fcy\u00fck kitap fuarlar\u0131ndan biri olan Kocaeli Kitap Fuar\u0131, bu y\u0131l 7-15 Ekim tarihlerinde kap\u0131lar\u0131n\u0131 13. kez kitapseverlere a\u00e7acak.<br \/>\n<\/span><\/strong><br \/>\n<span style=\"font-family: arial, helvetica, sans-serif; font-size: 14px;\">Kocaeli B\u00fcy\u00fck\u015fehir Belediyesi, kitap tutkunlar\u0131 i\u00e7in haz\u0131rl\u0131klar\u0131na devam ediyor. Bu \u00e7er\u00e7evede, ge\u00e7en y\u0131l oldu\u011fu gibi yine Kocaeli Kongre Merkezi\u2019nin otopark alan\u0131na dev \u00e7ad\u0131rlar kurulacak. Ge\u00e7ti\u011fimiz y\u0131l bir milyona yak\u0131n ki\u015finin ziyaret etti\u011fi Kocaeli Kitap Fuar\u0131&#8217;nda 9 g\u00fcn boyunca 315 yay\u0131nevi, 40 sahaf ve 70 STK yer alm\u0131\u015f; s\u00f6yle\u015filer, imza g\u00fcnleri ve toplant\u0131larla toplam 745 etkinlik ger\u00e7ekle\u015ftirilmi\u015fti. Bu y\u0131l etkinlik say\u0131s\u0131n\u0131n artaca\u011f\u0131n\u0131 ve ziyaret\u00e7i say\u0131s\u0131n\u0131n bir milyon baraj\u0131n\u0131 a\u015faca\u011f\u0131n\u0131 \u00f6n g\u00f6ren B\u00fcy\u00fck\u015fehir, otoparktaki \u00e7ad\u0131r alan\u0131n\u0131 da geni\u015fletmeyi planlad\u0131.<\/span><br \/>\n<span style=\"font-family: arial, helvetica, sans-serif; font-size: 14px;\">13. Kocaeli Kitap Fuar\u0131\u2019nda Kongre Merkezi\u2019nin \u0130zmit K\u00f6rfezi\u2019ne bakan b\u00f6l\u00fcm\u00fcndeki otopark aln\u0131na dev \u00e7ad\u0131r kurulacak. B\u00fcy\u00fck\u015fehir ekipleri \u00e7ad\u0131r kurulumuna 18 Eyl\u00fcl Pazartesi g\u00fcn\u00fc ba\u015flayacak. \u00c7al\u0131\u015fmalar boyunca ve 7-15 Ekim tarihlerindeki Kitap Fuar\u0131 s\u0131ras\u0131nda Kongre Merkezi\u2019nin otopark\u0131 g\u00f6revli ara\u00e7lar d\u0131\u015f\u0131nda kullan\u0131ma kapal\u0131 kalacak.<\/span><br \/>\n<span style=\"font-family: arial, helvetica, sans-serif; font-size: 14px;\">Kocaeli B\u00fcy\u00fck\u015fehir Belediyesi, Marmara\u2019n\u0131n etkinlik merkezi olan Kocaeli Kongre Merkezi\u2019ndeki etkinliklere gelen vatanda\u015flar\u0131n ara\u00e7lar\u0131n\u0131 rahat\u00e7a park edebilmeleri i\u00e7in ge\u00e7ti\u011fimiz y\u0131l Kongre Merkezi\u2019yle D-100 Karayolu aras\u0131nda kalan, eski Mannesman fabrikas\u0131 alan\u0131na yakla\u015f\u0131k bin ara\u00e7l\u0131k yeni a\u00e7\u0131k otopark alan\u0131 olu\u015fturmu\u015ftu. 18 Eyl\u00fcl-15 Ekim tarihleri aras\u0131nda Kocaeli Kongre Merkezi\u2019ndeki etkinliklere ve Kitap Fuar\u0131na gelecek ziyaret\u00e7iler bu otopark\u0131 kullanabilecek.<\/span><br \/>\n<span style=\"font-family: arial, helvetica, sans-serif; font-size: 14px;\">Ara\u00e7lar\u0131n\u0131 bu otoparka b\u0131rakan vatanda\u015flar tramvay hatt\u0131 \u00fczerinden ge\u00e7en asans\u00f6rl\u00fc yaya ge\u00e7idini kullanarak, rahat\u00e7a Kongre Merkezi\u2019ne ula\u015fabilecek. B\u00fcy\u00fck\u015fehir vatanda\u015flar\u0131n bu otopark\u0131 kolayca kullan\u0131m\u0131 ve etkinlik g\u00fcnlerinde giri\u015f \u00e7\u0131k\u0131\u015flarda yo\u011funluk ya\u015fanmamas\u0131 i\u00e7in gerekli t\u00fcm \u00f6nlemleri alacak.<\/span><\/p>\n","protected":false},"excerpt":{"rendered":"<p>T\u00fcrkiye&#8217;nin ziyaret\u00e7i say\u0131s\u0131, etkinlik ve kat\u0131l\u0131mc\u0131 a\u00e7\u0131s\u0131ndan en b\u00fcy\u00fck kitap fuarlar\u0131ndan biri olan Kocaeli Kitap Fuar\u0131, bu y\u0131l 7-15 Ekim<\/p>\n","protected":false},"author":3,"featured_media":15359,"comment_status":"open","ping_status":"open","sticky":false,"template":"","format":"standard","meta":{"colormag_page_container_layout":"default_layout","colormag_page_sidebar_layout":"default_layout","footnotes":""},"categories":[1,5,6],"tags":[],"class_list":["post-15357","post","type-post","status-publish","format-standard","has-post-thumbnail","hentry","category-genel","category-gundem","category-kultur-sanat"],"_links":{"self":[{"href":"https:\/\/marmarayerelhizmet.com\/index.php\/wp-json\/wp\/v2\/posts\/15357","targetHints":{"allow":["GET"]}}],"collection":[{"href":"https:\/\/marmarayerelhizmet.com\/index.php\/wp-json\/wp\/v2\/posts"}],"about":[{"href":"https:\/\/marmarayerelhizmet.com\/index.php\/wp-json\/wp\/v2\/types\/post"}],"author":[{"embeddable":true,"href":"https:\/\/marmarayerelhizmet.com\/index.php\/wp-json\/wp\/v2\/users\/3"}],"replies":[{"embeddable":true,"href":"https:\/\/marmarayerelhizmet.com\/index.php\/wp-json\/wp\/v2\/comments?post=15357"}],"version-history":[{"count":0,"href":"https:\/\/marmarayerelhizmet.com\/index.php\/wp-json\/wp\/v2\/posts\/15357\/revisions"}],"wp:featuredmedia":[{"embeddable":true,"href":"https:\/\/marmarayerelhizmet.com\/index.php\/wp-json\/wp\/v2\/media\/15359"}],"wp:attachment":[{"href":"https:\/\/marmarayerelhizmet.com\/index.php\/wp-json\/wp\/v2\/media?parent=15357"}],"wp:term":[{"taxonomy":"category","embeddable":true,"href":"https:\/\/marmarayerelhizmet.com\/index.php\/wp-json\/wp\/v2\/categories?post=15357"},{"taxonomy":"post_tag","embeddable":true,"href":"https:\/\/marmarayerelhizmet.com\/index.php\/wp-json\/wp\/v2\/tags?post=15357"}],"curies":[{"name":"wp","href":"https:\/\/api.w.org\/{rel}","templated":true}]}}