{"id":15349,"date":"2023-09-17T10:56:08","date_gmt":"2023-09-17T07:56:08","guid":{"rendered":"https:\/\/marmarayerelhizmet.com\/?p=15349"},"modified":"2023-09-17T10:56:08","modified_gmt":"2023-09-17T07:56:08","slug":"zagnospasa-ortaokulu-cekyada","status":"publish","type":"post","link":"https:\/\/marmarayerelhizmet.com\/index.php\/2023\/09\/17\/zagnospasa-ortaokulu-cekyada\/","title":{"rendered":"Za\u011fnospa\u015fa Ortaokulu \u00c7ekya&#8217;da"},"content":{"rendered":"<p><strong><span style=\"font-family: arial, helvetica, sans-serif; font-size: 14px;\">\u00c7ekya\u2019n\u0131n Brno \u015fehrinde d\u00fczenlenen \u201c\u00c7ok Y\u00f6nl\u00fcl\u00fck Rozeti Cumhuriyet Finali\u201d ad\u0131 verilen Ulusal \u00d6\u011frenci Olimpiyatlar\u0131na \u00f6zel davet \u00fczerine Za\u011fnospa\u015fa Ortaokulu da kat\u0131ld\u0131.<br \/>\n<\/span><\/strong><br \/>\n<span style=\"font-family: arial, helvetica, sans-serif; font-size: 14px;\">Bu y\u0131l 14.s\u00fcn\u00fc d\u00fczenlenen Sazka Olimpiyat Projesine \u00c7ekya\u2019da ki 189 okuldan 600\u2019den fazla \u00f6\u011frenci kat\u0131l\u0131m sa\u011flad\u0131. Za\u011fnospa\u015fa Ortaokuluna, 2022 ve 2023 y\u0131llar\u0131nda \u0130l Milli E\u011fitim M\u00fcd\u00fcrl\u00fc\u011f\u00fcn\u00fcn y\u00fcr\u00fctt\u00fc\u011f\u00fc Projesi ile gelen Beden E\u011fitimi ve Basketbol Anten\u00f6r\u00fc olan Jiri Marvan\u2019\u0131n katk\u0131lar\u0131yla \u00c7ek Olimpik Komitesinin davetiyle, 190. Okul olarak Za\u011fnospa\u015fa Ortaokulu da yer ald\u0131.<\/span><br \/>\n<span style=\"font-family: arial, helvetica, sans-serif; font-size: 14px;\">VUT Atletik Stadyumunda 7 Eyl\u00fcl 2023 tarihinde \u00c7ek Cumhuriyeti Ordusu ve Polisinin de geleneksel olarak yer ald\u0131\u011f\u0131 t\u00f6rensel bir a\u00e7\u0131l\u0131\u015fla etkinlikler ba\u015flad\u0131 ve 8 Eyl\u00fcl 2023 tarihinde \u00f6d\u00fcl t\u00f6reniyle sona erdi. Gen\u00e7 sporcular, uzun atlama, ip atlama, \u015f\u0131nav, mekik, kriket topu f\u0131rlatma, 60 m, 1000 m, y\u00fczme, dripling sa\u011fl\u0131k topu f\u0131rlatma dallar\u0131nda yar\u0131\u015ft\u0131. Ayr\u0131ca Stadyum \u00e7evresinde kurulan etkinlik alanlar\u0131nda \u00e7e\u015fitli aktivitelere kat\u0131lma \u015fans\u0131n\u0131 elde ettiler.<\/span><br \/>\n<span style=\"font-family: arial, helvetica, sans-serif; font-size: 14px;\">Ayr\u0131ca bu organizasyonda, kendilerine, rol model olan Olimpiyat sporcular\u0131yla da tan\u0131\u015fma f\u0131rsat\u0131 buldular. Bu y\u0131l etkinliklere altm\u0131\u015f Olimpiyat Sporcusu geldi ve bu sporcular, \u00f6\u011frenciler ile zaman ge\u00e7irdiler, tecr\u00fcbelerini aktard\u0131lar. Kat\u0131lan \u00f6\u011frencilerin yan\u0131 s\u0131ra Olimpiyat sporcular\u0131 ve di\u011fer \u00c7ek sporcular da \u00e7e\u015fitli disiplinleri denediler. Tenis\u00e7i Lucie afov, iki kez Olimpiyat \u015fampiyonu Martin Doktor, Nagano&#8217;dan alt\u0131n hokey kalecisi Milan Hnilika, su slalom kayak\u00e7\u0131lar\u0131 Klra Kneblov ve Barbora Galukov da oyunlarda yer ald\u0131.<\/span><br \/>\n<span style=\"font-family: arial, helvetica, sans-serif; font-size: 14px;\">Za\u011fnospa\u015fa Ortaokulu \u00f6\u011frencileri sevgiyle hat\u0131rlayacaklar\u0131, keyif ald\u0131klar\u0131, arkada\u015flar edindikleri, dil geli\u015fimlerine katk\u0131 sa\u011flad\u0131klar\u0131, sosyal ve k\u00fclt\u00fcrel etkile\u015fimlerde bulunduklar\u0131 bir\u00e7ok olay ya\u015fad\u0131lar. Ayr\u0131ca \u00f6\u011frenciler, olimpiyatlar\u0131 ve organizasyonunu g\u00f6rd\u00fckten sonra spora daha s\u0131k\u0131 sar\u0131lmalar\u0131 gerekti\u011fini \u00f6\u011frendiler.<\/span><\/p>\n","protected":false},"excerpt":{"rendered":"<p>\u00c7ekya\u2019n\u0131n Brno \u015fehrinde d\u00fczenlenen \u201c\u00c7ok Y\u00f6nl\u00fcl\u00fck Rozeti Cumhuriyet Finali\u201d ad\u0131 verilen Ulusal \u00d6\u011frenci Olimpiyatlar\u0131na \u00f6zel davet \u00fczerine Za\u011fnospa\u015fa Ortaokulu da<\/p>\n","protected":false},"author":3,"featured_media":15351,"comment_status":"open","ping_status":"open","sticky":false,"template":"","format":"standard","meta":{"colormag_page_container_layout":"default_layout","colormag_page_sidebar_layout":"default_layout","footnotes":""},"categories":[45,1,5],"tags":[],"class_list":["post-15349","post","type-post","status-publish","format-standard","has-post-thumbnail","hentry","category-egitim","category-genel","category-gundem"],"_links":{"self":[{"href":"https:\/\/marmarayerelhizmet.com\/index.php\/wp-json\/wp\/v2\/posts\/15349","targetHints":{"allow":["GET"]}}],"collection":[{"href":"https:\/\/marmarayerelhizmet.com\/index.php\/wp-json\/wp\/v2\/posts"}],"about":[{"href":"https:\/\/marmarayerelhizmet.com\/index.php\/wp-json\/wp\/v2\/types\/post"}],"author":[{"embeddable":true,"href":"https:\/\/marmarayerelhizmet.com\/index.php\/wp-json\/wp\/v2\/users\/3"}],"replies":[{"embeddable":true,"href":"https:\/\/marmarayerelhizmet.com\/index.php\/wp-json\/wp\/v2\/comments?post=15349"}],"version-history":[{"count":0,"href":"https:\/\/marmarayerelhizmet.com\/index.php\/wp-json\/wp\/v2\/posts\/15349\/revisions"}],"wp:featuredmedia":[{"embeddable":true,"href":"https:\/\/marmarayerelhizmet.com\/index.php\/wp-json\/wp\/v2\/media\/15351"}],"wp:attachment":[{"href":"https:\/\/marmarayerelhizmet.com\/index.php\/wp-json\/wp\/v2\/media?parent=15349"}],"wp:term":[{"taxonomy":"category","embeddable":true,"href":"https:\/\/marmarayerelhizmet.com\/index.php\/wp-json\/wp\/v2\/categories?post=15349"},{"taxonomy":"post_tag","embeddable":true,"href":"https:\/\/marmarayerelhizmet.com\/index.php\/wp-json\/wp\/v2\/tags?post=15349"}],"curies":[{"name":"wp","href":"https:\/\/api.w.org\/{rel}","templated":true}]}}