{"id":15345,"date":"2023-09-17T10:54:48","date_gmt":"2023-09-17T07:54:48","guid":{"rendered":"https:\/\/marmarayerelhizmet.com\/?p=15345"},"modified":"2023-09-17T10:54:48","modified_gmt":"2023-09-17T07:54:48","slug":"beykoz-kanlica-yogurt-festivali-basladi","status":"publish","type":"post","link":"https:\/\/marmarayerelhizmet.com\/index.php\/2023\/09\/17\/beykoz-kanlica-yogurt-festivali-basladi\/","title":{"rendered":"Beykoz Kanl\u0131ca Yo\u011furt Festivali Ba\u015flad\u0131"},"content":{"rendered":"<p><span style=\"font-family: arial, helvetica, sans-serif; font-size: 14px;\"><strong>Beykoz\u2019un me\u015fhur tad\u0131 Tarihi Kanl\u0131ca Yo\u011furdu\u2019nun tan\u0131t\u0131ld\u0131\u011f\u0131 \u201c7. Beykoz Kanl\u0131ca Yo\u011furt Festivali\u201d e\u011flenceli ve renkli anlara ev sahipli\u011fi yapt\u0131. Vatanda\u015fa Kanl\u0131ca Yo\u011furdunun ikram edildi\u011fi festivalde m\u00fczisyen Volkan Arslan sahne ald\u0131.<\/strong><\/span><\/p>\n<p><span style=\"font-family: arial, helvetica, sans-serif; font-size: 14px;\">Bo\u011faz\u2019da bir lezzet klasi\u011fi olan \u201c7. Beykoz Kanl\u0131ca Yo\u011furt Festivali\u201d Kanl\u0131ca meydan\u0131nda ba\u015flad\u0131. Karadeniz M\u00fczi\u011fi\u2019nin sevilen sesi Volkan Arslan\u2019\u0131n konser verdi\u011fi festivalde, 5 bin ki\u015filik yo\u011furt ikram\u0131 ve \u00e7ocuk etkinleri yer ald\u0131. Beykoz Belediyesi taraf\u0131ndan il\u00e7eye \u00f6zg\u00fc Tarihi Kanl\u0131ca Yo\u011furdu\u2019nun tan\u0131t\u0131m\u0131na katk\u0131da bulunmak ve nostaljik lezzeti gelecek nesillere ula\u015ft\u0131rmak amac\u0131yla geleneksel olarak d\u00fczenlenen festival il\u00e7ede tar\u0131m\u0131 canland\u0131rmay\u0131 da hedefliyor.<\/span><\/p>\n<p><span style=\"font-family: arial, helvetica, sans-serif; font-size: 14px;\">Osmanl\u0131 d\u00f6neminde, Bo\u011fazi\u00e7i\u2019nin sayfiye yeri Kanl\u0131ca s\u0131rtlar\u0131nda otlayan ke\u00e7ilerin s\u00fct\u00fcnden mayalanan ve pembe rengiyle bilinen Kanl\u0131ca yo\u011furdu, gerek saray e\u015fraf\u0131 gerek halk taraf\u0131ndan ra\u011fbet g\u00f6r\u00fcyor. G\u00fcn\u00fcm\u00fczde de farkl\u0131 aile i\u015fletmeleri taraf\u0131ndan ya\u015fat\u0131lan geleneksel lezzeti tatmak i\u00e7in \u0130stanbul\u2019un bir\u00e7ok yerinden ziyaret\u00e7iler y\u0131l\u0131n her d\u00f6neminde Beykoz&#8217;a geliyor. \u00c7e\u015fit olarak sadesi ve pudra \u015fekerlisi g\u00f6zde olan yo\u011furdun ball\u0131 ve re\u00e7elli se\u00e7enekleri de bulunuyor.<\/span><\/p>\n<p><span style=\"font-family: arial, helvetica, sans-serif; font-size: 14px;\">\u0130stanbullular\u0131n yo\u011fun ilgi g\u00f6sterdi\u011fi Tarihi Kanl\u0131ca Meydan\u0131\u2019nda yap\u0131lan festival, yo\u011furt ikram\u0131yla ba\u015flad\u0131. Beykoz Belediye Ba\u015fkan\u0131 Murat Ayd\u0131n\u2019\u0131n tarihi meydanda il\u00e7e sakinleriyle bulu\u015ftu\u011fu festivalde \u00e7ocuklar i\u00e7in renkli g\u00f6steriler sergilendi. Etkinlik \u00e7er\u00e7evesinde Karadeniz M\u00fczi\u011fi\u2019nin ba\u015far\u0131l\u0131 ismi Volkan Arslan, son alb\u00fcm\u00fcnden \u015fark\u0131lar\u0131n yer ald\u0131\u011f\u0131 hareketli ve e\u011flenceli bir konser verdi.<\/span><\/p>\n<p><span style=\"font-family: arial, helvetica, sans-serif; font-size: 14px;\">Etkinlikte konu\u015fan Ba\u015fkan Murat Ayd\u0131n, \u201cD\u00fcn bug\u00fcne geldi, k\u00fclt\u00fcr anlam\u0131nda d\u00fcn\u00fc bug\u00fcne ta\u015f\u0131d\u0131k. Bug\u00fcn\u00fc, bu g\u00fczel hat\u0131ralar\u0131 da gelece\u011fe aktaracak olan \u00e7ocuklar\u0131m\u0131zd\u0131r. E\u011fer sizler onlar\u0131n elinden tutup buraya getirmemi\u015f olsayd\u0131n\u0131z bu k\u00fclt\u00fcr\u00fcn devaml\u0131l\u0131\u011f\u0131 sa\u011flanamazd\u0131. Yani sadece \u00e7ocuklar\u0131 gezdirmeye getirmi\u015f de\u011filsiniz, ayn\u0131 zamanda k\u00fclt\u00fcr\u00fcm\u00fcz\u00fcn bug\u00fcn\u00fcm\u00fcz\u00fcn gelece\u011fe aktar\u0131lmas\u0131na da katk\u0131 vermi\u015f oluyorsunuz. Bu etkinliklerle yo\u011furt\u00e7ulu\u011fun yo\u011furdun \u00fcretiminin bereketinin Beykoz\u2019umuzda ve Kanl\u0131ca\u2019da devam etmesini sa\u011flam\u0131\u015f oluyoruz\u201d dedi.<\/span><\/p>\n","protected":false},"excerpt":{"rendered":"<p>Beykoz\u2019un me\u015fhur tad\u0131 Tarihi Kanl\u0131ca Yo\u011furdu\u2019nun tan\u0131t\u0131ld\u0131\u011f\u0131 \u201c7. Beykoz Kanl\u0131ca Yo\u011furt Festivali\u201d e\u011flenceli ve renkli anlara ev sahipli\u011fi yapt\u0131. Vatanda\u015fa<\/p>\n","protected":false},"author":3,"featured_media":15347,"comment_status":"open","ping_status":"open","sticky":false,"template":"","format":"standard","meta":{"colormag_page_container_layout":"default_layout","colormag_page_sidebar_layout":"default_layout","footnotes":""},"categories":[1,5,6,8],"tags":[],"class_list":["post-15345","post","type-post","status-publish","format-standard","has-post-thumbnail","hentry","category-genel","category-gundem","category-kultur-sanat","category-siyaset"],"_links":{"self":[{"href":"https:\/\/marmarayerelhizmet.com\/index.php\/wp-json\/wp\/v2\/posts\/15345","targetHints":{"allow":["GET"]}}],"collection":[{"href":"https:\/\/marmarayerelhizmet.com\/index.php\/wp-json\/wp\/v2\/posts"}],"about":[{"href":"https:\/\/marmarayerelhizmet.com\/index.php\/wp-json\/wp\/v2\/types\/post"}],"author":[{"embeddable":true,"href":"https:\/\/marmarayerelhizmet.com\/index.php\/wp-json\/wp\/v2\/users\/3"}],"replies":[{"embeddable":true,"href":"https:\/\/marmarayerelhizmet.com\/index.php\/wp-json\/wp\/v2\/comments?post=15345"}],"version-history":[{"count":0,"href":"https:\/\/marmarayerelhizmet.com\/index.php\/wp-json\/wp\/v2\/posts\/15345\/revisions"}],"wp:featuredmedia":[{"embeddable":true,"href":"https:\/\/marmarayerelhizmet.com\/index.php\/wp-json\/wp\/v2\/media\/15347"}],"wp:attachment":[{"href":"https:\/\/marmarayerelhizmet.com\/index.php\/wp-json\/wp\/v2\/media?parent=15345"}],"wp:term":[{"taxonomy":"category","embeddable":true,"href":"https:\/\/marmarayerelhizmet.com\/index.php\/wp-json\/wp\/v2\/categories?post=15345"},{"taxonomy":"post_tag","embeddable":true,"href":"https:\/\/marmarayerelhizmet.com\/index.php\/wp-json\/wp\/v2\/tags?post=15345"}],"curies":[{"name":"wp","href":"https:\/\/api.w.org\/{rel}","templated":true}]}}