{"id":15337,"date":"2023-09-16T23:06:56","date_gmt":"2023-09-16T20:06:56","guid":{"rendered":"https:\/\/marmarayerelhizmet.com\/?p=15337"},"modified":"2023-09-17T00:09:17","modified_gmt":"2023-09-16T21:09:17","slug":"ogrencilerimize-destegimiz-surecek","status":"publish","type":"post","link":"https:\/\/marmarayerelhizmet.com\/index.php\/2023\/09\/16\/ogrencilerimize-destegimiz-surecek\/","title":{"rendered":"&#8216;\u00d6\u011frencilerimize Deste\u011fimiz S\u00fcrecek&#8217;"},"content":{"rendered":"<p><strong><span style=\"font-family: arial, helvetica, sans-serif; font-size: 14px;\">Alt\u0131eyl\u00fcl Belediyesi Millet K\u0131raathanelerinde bulunan k\u00fct\u00fcphanelerde \u00fcniversite s\u0131navlar\u0131na haz\u0131rlanan \u00f6\u011frenciler ba\u015far\u0131lar\u0131na ba\u015far\u0131 katt\u0131lar. Alt\u0131eyl\u00fcl Belediyesi&#8217;nin projeleri i\u00e7esinde bulunan ve \u00f6zellikle \u00f6\u011frencilerin derslerini sessiz ve sakin bir ortamda \u00e7al\u0131\u015fabilmeleri amac\u0131yla planlanan Millet K\u0131raathaneleri \u00dcniversite s\u0131navlar\u0131na haz\u0131rlanan \u00f6\u011frencilerin u\u011frak yeri olmaya devam ediyor.<br \/>\n<\/span><\/strong><br \/>\n<strong><span style=\"font-family: arial, helvetica, sans-serif; font-size: 14px;\">\u201cBa\u015fkan\u0131m\u0131z Hasan Avc\u0131\u2019ya te\u015fekk\u00fcr ediyoruz\u201d<\/span><\/strong><br \/>\n<span style=\"font-family: arial, helvetica, sans-serif; font-size: 14px;\">Plevne \u0130smail Ak\u00e7ay Millet K\u0131raathanesi, Sabri U\u011fur Park\u0131 ve Millet K\u0131raathanesi, Sultan Alparslan Millet K\u0131raathanesini tercih eden \u00f6\u011frenciler, \u201cAlt\u0131eyl\u00fcl Belediyesi\u2019nin \u00f6zellikle bizlere kazand\u0131rm\u0131\u015f oldu\u011fu Millet K\u0131raathaneleri ve k\u00fct\u00fcphaneler bizler i\u00e7in bulunmaz bir nimet oldu. Bizler burada derslerimize ve s\u0131navlar\u0131n\u0131za \u00e7al\u0131\u015f\u0131rken \u00fccretsiz \u00e7ay servisiyle de s\u0131cak bir aile ortam\u0131 i\u00e7erisinde \u00fcniversite s\u0131nav\u0131na haz\u0131rland\u0131k. Alt\u0131eyl\u00fcl Belediye Ba\u015fkan\u0131m\u0131z Hasan Avc\u0131\u2019ya bizlere destek oldu\u011fu i\u00e7in te\u015fekk\u00fcr ediyoruz\u201d dedi.<br \/>\n<\/span><br \/>\n<strong><span style=\"font-family: arial, helvetica, sans-serif; font-size: 14px;\">\u201cGen\u00e7lerimize yat\u0131r\u0131m yapmaya devam edece\u011fiz\u201d<\/span><\/strong><br \/>\n<span style=\"font-family: arial, helvetica, sans-serif; font-size: 14px;\">Alt\u0131eyl\u00fcl Belediye Ba\u015fkan\u0131 Hasan Avc\u0131, \u201cPlevne \u0130smail Ak\u00e7ay, Sabri U\u011fur, Sultan Alparslan Millet K\u0131raathanelerinde k\u00fct\u00fcphaneleri kullanarak \u00fcniversitelerin \u00e7e\u015fitli b\u00f6l\u00fcmlerini kazanan gen\u00e7lerimizle bir araya geldik. \u00dcniversiteye haz\u0131rlanma s\u00fcrecinde millet k\u0131raathanelerinde \u00fccretsiz ikramlar\u0131m\u0131zla sessiz ve konforlu ortamda ders \u00e7al\u0131\u015fma imk\u00e2n\u0131 bulan \u00f6\u011frenciler hem ailelerini hem de bizleri gururland\u0131rd\u0131lar. Millet K\u0131raathanelerini a\u00e7arak \u00fcniversite s\u0131navlar\u0131na, lise s\u0131navlar\u0131na ve okullar\u0131ndaki s\u0131navlar\u0131na haz\u0131rlanan \u00f6\u011frencilerimize deste\u011fimiz devam edecek. Vatan\u0131m\u0131za ve Aziz Milletimize nice g\u00fczel hizmetler yapmalar\u0131 dile\u011fiyle e\u011fitim hayatlar\u0131nda ba\u015far\u0131lar diliyoruz. Alt\u0131eyl\u00fcl Belediyesi olarak gen\u00e7lerimize yat\u0131r\u0131m yapmaya devam edece\u011fiz\u201d dedi.<br \/>\n<\/span><br \/>\n<strong><span style=\"font-family: arial, helvetica, sans-serif; font-size: 14px;\">Alt\u0131eyl\u00fcl \u0130l\u00e7esi\u2019nde \u00fcniversite s\u0131nav\u0131nda dereceye girenler de \u00f6d\u00fcllendirildi<\/span><\/strong><br \/>\n<span style=\"font-family: arial, helvetica, sans-serif; font-size: 14px;\">Alt\u0131eyl\u00fcl \u0130l\u00e7esi\u2019nde \u00fcniversite s\u0131nav\u0131n\u0131 kazanarak dereceye giren 35 \u00f6\u011frenci yap\u0131lan t\u00f6renle \u00f6d\u00fcllendirildi. T\u00f6rene Alt\u0131eyl\u00fcl Kaymakam\u0131 Turgay Hakan Bilgin, Ba\u015fkan Hasan Avc\u0131 ve Alt\u0131eyl\u00fcl Milli E\u011fitim \u0130l\u00e7e M\u00fcd\u00fcr\u00fc \u00c7etin Keren kat\u0131l\u0131m sa\u011flad\u0131.<br \/>\n<\/span><br \/>\n<strong><span style=\"font-family: arial, helvetica, sans-serif; font-size: 14px;\">Ba\u015fkan Avc\u0131: \u201cBa\u015far\u0131lar\u0131n\u0131z\u0131n devam\u0131n\u0131 diliyorum\u201d<\/span><\/strong><br \/>\n<span style=\"font-family: arial, helvetica, sans-serif; font-size: 14px;\">Yap\u0131lan t\u00f6rende konu\u015fan Ba\u015fkan Avc\u0131, \u201cAlt\u0131eyl\u00fcl il\u00e7emizde \u00dcniversite s\u0131nav\u0131nda dereceye giren \u00f6\u011frencilerimizi ve ailelerini kutluyorum. \u00dcniversite s\u0131nav\u0131 da bir insan\u0131n hayat\u0131nda \u00e7ok \u00f6nemli bir d\u00f6n\u00fcm noktas\u0131ndan bir tanesi. Se\u00e7tikleri meslekler, onlar\u0131n ya\u015famlar\u0131n sonuna kadar ta\u015f\u0131yacaklar\u0131 adeta unvanlar\u0131 oluyor. Azmederek \u00fcniversite s\u0131nava haz\u0131rlan\u0131p Alt\u0131eyl\u00fcl il\u00e7emizi gururland\u0131ran sizler hedefledi\u011finiz e\u011fitim-\u00f6\u011fretim hayat\u0131n\u0131za devam edeceksiniz. Ba\u015far\u0131lar\u0131n\u0131z\u0131n devam\u0131n\u0131 diliyorum\u201d diye konu\u015ftu.<\/span><\/p>\n","protected":false},"excerpt":{"rendered":"<p>Alt\u0131eyl\u00fcl Belediyesi Millet K\u0131raathanelerinde bulunan k\u00fct\u00fcphanelerde \u00fcniversite s\u0131navlar\u0131na haz\u0131rlanan \u00f6\u011frenciler ba\u015far\u0131lar\u0131na ba\u015far\u0131 katt\u0131lar. Alt\u0131eyl\u00fcl Belediyesi&#8217;nin projeleri i\u00e7esinde bulunan ve \u00f6zellikle<\/p>\n","protected":false},"author":3,"featured_media":15339,"comment_status":"open","ping_status":"open","sticky":false,"template":"","format":"standard","meta":{"colormag_page_container_layout":"default_layout","colormag_page_sidebar_layout":"default_layout","footnotes":""},"categories":[45,1,5,8],"tags":[],"class_list":["post-15337","post","type-post","status-publish","format-standard","has-post-thumbnail","hentry","category-egitim","category-genel","category-gundem","category-siyaset"],"_links":{"self":[{"href":"https:\/\/marmarayerelhizmet.com\/index.php\/wp-json\/wp\/v2\/posts\/15337","targetHints":{"allow":["GET"]}}],"collection":[{"href":"https:\/\/marmarayerelhizmet.com\/index.php\/wp-json\/wp\/v2\/posts"}],"about":[{"href":"https:\/\/marmarayerelhizmet.com\/index.php\/wp-json\/wp\/v2\/types\/post"}],"author":[{"embeddable":true,"href":"https:\/\/marmarayerelhizmet.com\/index.php\/wp-json\/wp\/v2\/users\/3"}],"replies":[{"embeddable":true,"href":"https:\/\/marmarayerelhizmet.com\/index.php\/wp-json\/wp\/v2\/comments?post=15337"}],"version-history":[{"count":0,"href":"https:\/\/marmarayerelhizmet.com\/index.php\/wp-json\/wp\/v2\/posts\/15337\/revisions"}],"wp:featuredmedia":[{"embeddable":true,"href":"https:\/\/marmarayerelhizmet.com\/index.php\/wp-json\/wp\/v2\/media\/15339"}],"wp:attachment":[{"href":"https:\/\/marmarayerelhizmet.com\/index.php\/wp-json\/wp\/v2\/media?parent=15337"}],"wp:term":[{"taxonomy":"category","embeddable":true,"href":"https:\/\/marmarayerelhizmet.com\/index.php\/wp-json\/wp\/v2\/categories?post=15337"},{"taxonomy":"post_tag","embeddable":true,"href":"https:\/\/marmarayerelhizmet.com\/index.php\/wp-json\/wp\/v2\/tags?post=15337"}],"curies":[{"name":"wp","href":"https:\/\/api.w.org\/{rel}","templated":true}]}}