{"id":15321,"date":"2023-09-16T19:12:30","date_gmt":"2023-09-16T16:12:30","guid":{"rendered":"https:\/\/marmarayerelhizmet.com\/?p=15321"},"modified":"2023-09-16T19:12:30","modified_gmt":"2023-09-16T16:12:30","slug":"ab-ile-gerekirse-yollari-ayirabiliriz","status":"publish","type":"post","link":"https:\/\/marmarayerelhizmet.com\/index.php\/2023\/09\/16\/ab-ile-gerekirse-yollari-ayirabiliriz\/","title":{"rendered":"\u201cAB ile Gerekirse Yollar\u0131 Ay\u0131rabiliriz\u201d"},"content":{"rendered":"<p><strong><span style=\"font-family: arial, helvetica, sans-serif; font-size: 14px;\">Cumhurba\u015fkan\u0131 Recep Tayyip Erdo\u011fan, New York&#8217;ta d\u00fczenlenecek Birle\u015fmi\u015f Milletler 78. Genel Kurulu genel g\u00f6r\u00fc\u015fmelerine kat\u0131lmak \u00fczere ABD&#8217;ye hareketi \u00f6ncesinde Atat\u00fcrk Havaliman\u0131&#8217;nda bas\u0131n toplant\u0131s\u0131 d\u00fczenledi. Cumhurba\u015fkan\u0131 Erdo\u011fan, bas\u0131n mensuplar\u0131n\u0131n Avrupa Parlamentosu&#8217;nun raporuyla ilgili sorusuna, &#8220;Avrupa Birli\u011fi T\u00fcrkiye&#8217;den kopman\u0131n gayreti i\u00e7inde. Avrupa Birli\u011fi&#8217;yle gerekirse yollar\u0131 ay\u0131rabiliriz&#8221; \u015feklinde cevap verdi.<br \/>\n<\/span><\/strong><br \/>\n<span style=\"font-family: arial, helvetica, sans-serif; font-size: 14px;\">Cumhurba\u015fkan\u0131 Recep Tayyip Erdo\u011fan, New York&#8217;ta d\u00fczenlenecek Birle\u015fmi\u015f Milletler 78. Genel Kurulu genel g\u00f6r\u00fc\u015fmelerine kat\u0131lmak \u00fczere ABD&#8217;ye hareketi \u00f6ncesinde Atat\u00fcrk Havaliman\u0131&#8217;nda bulunan Devlet Konukevi&#8217;nde a\u00e7\u0131klamalarda bulundu.<\/span><br \/>\n<span style=\"font-family: arial, helvetica, sans-serif; font-size: 14px;\">Birle\u015fmi\u015f Milletler genel kurulu g\u00f6r\u00fc\u015fmelerine i\u015ftirak etmek \u00fczere New York\u2019a do\u011fru yola \u00e7\u0131kacaklar\u0131n\u0131 ifade eden Cumhurba\u015fkan\u0131 Erdo\u011fan, \u201cBirle\u015fmi\u015f Milletler \u00fcyesi t\u00fcm \u00fclkelerin temsil edildi\u011fi genel kurul g\u00f6r\u00fc\u015fmelerine 150\u2019den fazla \u00fclkenin devlet ve h\u00fck\u00fcmet ba\u015fkan\u0131 d\u00fczeyinde kat\u0131l\u0131m\u0131 bekleniyor. Her y\u0131l oldu\u011fu gibi bu y\u0131l da ABD\u2019de son derece yo\u011fun bir temas ve toplant\u0131 trafi\u011fimiz olacak. Bu y\u0131lki genel kurul g\u00f6r\u00fc\u015fmeleri g\u00fcvenin yeniden tesisi ve k\u00fcresel dayan\u0131\u015fman\u0131n yeniden canland\u0131r\u0131lmas\u0131 temas\u0131 ile yap\u0131l\u0131yor. Genel kurul g\u00f6r\u00fc\u015fmelerinin ilk g\u00fcn\u00fcnde 19 Eyl\u00fcl Sal\u0131 g\u00fcn\u00fc Birle\u015fmi\u015f Milletler Genel Kurulunda hitap edece\u011fim. Konu\u015fmamda kalk\u0131nmadan insani yard\u0131mlara uluslararas\u0131 bar\u0131\u015f ve g\u00fcvenli\u011fin korunmas\u0131ndan k\u00fcresel dayan\u0131\u015fman\u0131n yeniden tesisine kadar att\u0131\u011f\u0131m\u0131z ad\u0131mlara dikkat \u00e7ekece\u011fim. Bu vesileyle uluslararas\u0131 g\u00fcndemdeki temel meselelere ili\u015fkin g\u00f6r\u00fc\u015flerimizi payla\u015faca\u011f\u0131z. Ayr\u0131ca mevcut k\u00fcresel s\u0131namalar kar\u015f\u0131s\u0131nda T\u00fcrkiye\u2019nin oynad\u0131\u011f\u0131 kritik rol\u00fc vurgulayaca\u011f\u0131z. Bir s\u00fcredir her platformda dillendirdi\u011fimiz &#8216;D\u00fcnya 5\u2019ten b\u00fcy\u00fckt\u00fcr&#8217; tespitimizin daha fazla kabul g\u00f6rmesinden memnuniyet duyuyoruz. Son olarak Birle\u015fmi\u015f Milletler Genel Sekreteri Say\u0131n Guterres bu konuda \u00e7ok net bir tav\u0131r ortaya koydu. Say\u0131n Genel Sekreterin 2. D\u00fcnya Sava\u015f\u0131 sonras\u0131 kurulan yap\u0131lar\u0131n bug\u00fcn\u00fcn d\u00fcnyas\u0131n\u0131 yans\u0131tmad\u0131\u011f\u0131 tespitine biz de kat\u0131l\u0131yoruz. Bunu g\u00f6r\u00fc\u015fmemizde bizzat kendisine de ifade edece\u011fim\u201d dedi.<\/span><br \/>\n<span style=\"font-family: arial, helvetica, sans-serif; font-size: 14px;\">Genel kurulda BM Genel Sekreteri&#8217;nin yan\u0131 s\u0131ra \u00e7ok say\u0131da \u00fclkeden mevkida\u015f\u0131yla g\u00f6r\u00fc\u015fmeler ger\u00e7ekle\u015ftirece\u011fini kaydeden Erdo\u011fan, \u201cZiyaretimizde ABD&#8217;de ya\u015fayan vatanda\u015flar\u0131m\u0131zla birlikte soyda\u015f topluluklarla da bir araya gelece\u011fiz. Ziyaretim \u00e7er\u00e7evesinde ayr\u0131ca d\u00fc\u015f\u00fcnce kurulu\u015fu temsilcileri ile de isti\u015farelerimiz olacak. ABD i\u015f d\u00fcnyas\u0131n\u0131n se\u00e7kin \u00fcyeleri ile g\u00f6r\u00fc\u015fecek, T\u00fcrkiye&#8217;deki yat\u0131r\u0131mlar\u0131n\u0131 art\u0131rma noktas\u0131nda at\u0131labilecek ad\u0131mlar\u0131 ele alaca\u011f\u0131z. \u00dclkemizin 14 May\u0131s-28 May\u0131s se\u00e7imlerinin demokratik olgunluk i\u00e7erisinde tamamlanmas\u0131n\u0131n i\u015f \u00e7evrelerinin T\u00fcrkiye\u2019ye y\u00f6nelik ilgisini art\u0131rd\u0131\u011f\u0131n\u0131 g\u00f6r\u00fcyoruz. Gerek kabinemize, gerek ekonomideki kurmay kadromuza gerekse k\u0131sa s\u00fcre \u00f6nce a\u00e7\u0131klad\u0131\u011f\u0131m\u0131z orta vadeli programa uluslararas\u0131 yat\u0131r\u0131mc\u0131lar b\u00fcy\u00fck g\u00fcven duyuyor. Sadece son 3 ayda rezervlerimizde 22 milyar dolarl\u0131k bir art\u0131\u015f oldu. Bug\u00fcn itibar\u0131yla Merkez Bankam\u0131z\u0131n toplam br\u00fct rezervleri 120 milyar dolar\u0131 ge\u00e7mi\u015f bulunuyor. D\u00fcnya bankas\u0131n\u0131n ge\u00e7en hafta yapt\u0131\u011f\u0131 a\u00e7\u0131klama \u00fclkemize duyulan g\u00fcvenin bir ba\u015fka \u00f6rne\u011fidir. \u0130n\u015fallah buna yak\u0131nda yenileri eklenecektir. T\u00fcrkiye\u2019nin b\u00f6lgesinde bar\u0131\u015f ve istikrar\u0131n tesisi amac\u0131yla y\u00fcr\u00fctt\u00fc\u011f\u00fc diplomatik hamlelerde takdirle kar\u015f\u0131lan\u0131yor. \u00dclkemize kar\u015f\u0131 olu\u015fan bu m\u00fcspet havay\u0131 yat\u0131r\u0131m, \u00fcretim, istihdam ve cari fazla yoluyla kaliteli b\u00fcy\u00fcme hedefimize katk\u0131 yapacak bir \u015fekilde de\u011ferlendirmek istiyoruz. T\u00fcrkiye Y\u00fczy\u0131l\u0131 vizyonumuzu hayata ge\u00e7irmek i\u00e7in i\u00e7erde ve d\u0131\u015farda her t\u00fcrl\u00fc \u00e7abay\u0131 g\u00f6steriyoruz, g\u00f6sterece\u011fiz. K\u00fcresel sistemde ta\u015flar\u0131n yeniden oynad\u0131\u011f\u0131 bu d\u00f6nemi \u00fclkemiz ve milletimiz ad\u0131na f\u0131rsata \u00e7evirmekte kararl\u0131y\u0131z\u201d \u015feklinde konu\u015ftu.<\/span><br \/>\n<span style=\"font-family: arial, helvetica, sans-serif; font-size: 14px;\">Bu s\u00fcre\u00e7te kavgadan, tart\u0131\u015fmadan ve Bizans&#8217;\u0131 \u00e7\u0131rak \u00e7\u0131karacak taht oyunlar\u0131ndan ba\u015flar\u0131n\u0131 kald\u0131ramayanlar\u0131 ise kendi hallerine b\u0131rakacaklar\u0131n\u0131 kaydeden Cumhurba\u015fkan\u0131 Erdo\u011fan, \u201cVars\u0131n onlar didi\u015fmeye, birbirlerine laf yeti\u015ftirmeye devam etsinler. Vars\u0131n onlar koltuklar\u0131n\u0131 korumak i\u00e7in daha d\u00fcne kadar savunduklar\u0131 t\u00fcm ilkeleri ayaklar alt\u0131na als\u0131n. Biz bunlar\u0131 \u00f6nemsemiyoruz. Sadece i\u015fimize bak\u0131yoruz. T\u00fcm vaktimizi ve enerjimizi milletimize hizmet i\u00e7in sarf ediyoruz. Bundan sonra ayn\u0131 hassasiyetle \u00e7al\u0131\u015fmaya devam edece\u011fiz. Sizleri sevgi ve sayg\u0131yla selaml\u0131yorum\u201d dedi.<\/span><br \/>\n<span style=\"font-family: arial, helvetica, sans-serif; font-size: 14px;\">Bas\u0131n mensuplar\u0131n\u0131n Azerbaycan ve Ermenistan gerilimiyle ilgili iletti\u011fi soruyu Erdo\u011fan, \u201cPutin, Aliyev ve Pa\u015finyan ile g\u00f6r\u00fc\u015fme talep ettik. &#8216;Putin, Say\u0131n Aliyev, \u015fahs\u0131m ve Pa\u015finyan hep birlikte 4&#8217;l\u00fc olarak b\u00f6yle bir toplant\u0131y\u0131 yapal\u0131m. Ad\u0131m\u0131 da ona g\u00f6re atal\u0131m&#8217; diye teklifte bulunduk. Hen\u00fcz bize olumlu, olumsuz d\u00f6n\u00fc\u015f olmad\u0131. Konuyla ilgili Say\u0131n Aliyev ile de bunu g\u00f6r\u00fc\u015fece\u011fiz, olgunla\u015ft\u0131raca\u011f\u0131z ve geli\u015fmeleri yak\u0131ndan takip edece\u011fiz\u201d diye cevaplad\u0131.<\/span><br \/>\n<span style=\"font-family: arial, helvetica, sans-serif; font-size: 14px;\">\u0130sve\u00e7\u2019in NATO \u00fcyeli\u011fi s\u00fcreci ile ilgili soru \u00fczerine, \u0130sve\u00e7&#8217;te verilen s\u00f6zlerin tutulmad\u0131\u011f\u0131n\u0131 kaydeden Cumhurba\u015fkan\u0131 Erdo\u011fan, \u201cBu konuda Bat\u0131 ikide bir &#8216;\u0130sve\u00e7 \u0130sve\u00e7&#8217; diyor. Biz de diyoruz ki bizim parlamentomuz karar\u0131 vermedikten sonra bizim kalk\u0131p da yolda y\u00fcr\u00fcrken &#8216;evet&#8217; ya da &#8216;hay\u0131r&#8217; dememiz m\u00fcmk\u00fcn de\u011fil. \u00d6ncelikle \u0130sve\u00e7 \u00fczerine d\u00fc\u015fen g\u00f6revi yerine getirmesi laz\u0131m. \u0130sve\u00e7 ister anayasa ister yasa ne de\u011fi\u015fikli\u011fi yaparsa yaps\u0131n ama kalk\u0131p da ter\u00f6ristleri \u0130sve\u00e7 polisi korumas\u0131 alt\u0131nda g\u00f6steriye sevk ediyorlarsa bunlar g\u00f6revini yerine getirmiyor demektir. O zaman bize verilen s\u00f6zler tutulmuyor. Bize verilen s\u00f6zler tutulmad\u0131\u011f\u0131 zaman benim parlamentom bu konuda nas\u0131l bir tav\u0131r tak\u0131n\u0131r bunu herkes takdir etsin. F-16&#8217;larla ilgili ne deniyor Temsilciler Meclisi karar vermeden bu olmaz. Orada Temsilciler Meclisi varsa burada da parlamento var. Parlamentomuzdan nas\u0131l bir karar \u00e7\u0131kar, o parlamentomuzun takdiridir\u201d dedi.<\/span><br \/>\n<span style=\"font-family: arial, helvetica, sans-serif; font-size: 14px;\">Avrupa Parlamentosu&#8217;nun raporuyla ilgili y\u00f6neltilen soruya ise Cumhurba\u015fkan\u0131 Erdo\u011fan, \u015f\u00f6yle cevap verdi:<\/span><br \/>\n<span style=\"font-family: arial, helvetica, sans-serif; font-size: 14px;\">\u201cBenim de\u011ferlendirmemi \u00e7ok a\u00e7\u0131k net \u00f6\u011frenmek istiyorsan\u0131z, Avrupa Birli\u011fi T\u00fcrkiye&#8217;den kopman\u0131n gayreti i\u00e7erisinde. Avrupa Birli\u011fi&#8217;nin T\u00fcrkiye&#8217;den kopu\u015f hamlelerini yapt\u0131\u011f\u0131 bu d\u00f6nem i\u00e7erisinde biz de bu geli\u015fmeler kar\u015f\u0131s\u0131nda de\u011ferlendirmemizi yapar\u0131z ve bu de\u011ferlendirmelerden sonra Avrupa Birli\u011fi ile gerekirse yollar\u0131 ay\u0131rabiliriz.\u201d<\/span><\/p>\n","protected":false},"excerpt":{"rendered":"<p>Cumhurba\u015fkan\u0131 Recep Tayyip Erdo\u011fan, New York&#8217;ta d\u00fczenlenecek Birle\u015fmi\u015f Milletler 78. Genel Kurulu genel g\u00f6r\u00fc\u015fmelerine kat\u0131lmak \u00fczere ABD&#8217;ye hareketi \u00f6ncesinde Atat\u00fcrk<\/p>\n","protected":false},"author":3,"featured_media":15323,"comment_status":"open","ping_status":"open","sticky":false,"template":"","format":"standard","meta":{"colormag_page_container_layout":"default_layout","colormag_page_sidebar_layout":"default_layout","footnotes":""},"categories":[1,5,8],"tags":[],"class_list":["post-15321","post","type-post","status-publish","format-standard","has-post-thumbnail","hentry","category-genel","category-gundem","category-siyaset"],"_links":{"self":[{"href":"https:\/\/marmarayerelhizmet.com\/index.php\/wp-json\/wp\/v2\/posts\/15321","targetHints":{"allow":["GET"]}}],"collection":[{"href":"https:\/\/marmarayerelhizmet.com\/index.php\/wp-json\/wp\/v2\/posts"}],"about":[{"href":"https:\/\/marmarayerelhizmet.com\/index.php\/wp-json\/wp\/v2\/types\/post"}],"author":[{"embeddable":true,"href":"https:\/\/marmarayerelhizmet.com\/index.php\/wp-json\/wp\/v2\/users\/3"}],"replies":[{"embeddable":true,"href":"https:\/\/marmarayerelhizmet.com\/index.php\/wp-json\/wp\/v2\/comments?post=15321"}],"version-history":[{"count":0,"href":"https:\/\/marmarayerelhizmet.com\/index.php\/wp-json\/wp\/v2\/posts\/15321\/revisions"}],"wp:featuredmedia":[{"embeddable":true,"href":"https:\/\/marmarayerelhizmet.com\/index.php\/wp-json\/wp\/v2\/media\/15323"}],"wp:attachment":[{"href":"https:\/\/marmarayerelhizmet.com\/index.php\/wp-json\/wp\/v2\/media?parent=15321"}],"wp:term":[{"taxonomy":"category","embeddable":true,"href":"https:\/\/marmarayerelhizmet.com\/index.php\/wp-json\/wp\/v2\/categories?post=15321"},{"taxonomy":"post_tag","embeddable":true,"href":"https:\/\/marmarayerelhizmet.com\/index.php\/wp-json\/wp\/v2\/tags?post=15321"}],"curies":[{"name":"wp","href":"https:\/\/api.w.org\/{rel}","templated":true}]}}