{"id":15316,"date":"2023-09-16T19:09:53","date_gmt":"2023-09-16T16:09:53","guid":{"rendered":"https:\/\/marmarayerelhizmet.com\/?p=15316"},"modified":"2023-09-16T19:09:53","modified_gmt":"2023-09-16T16:09:53","slug":"44-dilim-baklava-yedi","status":"publish","type":"post","link":"https:\/\/marmarayerelhizmet.com\/index.php\/2023\/09\/16\/44-dilim-baklava-yedi\/","title":{"rendered":"44 Dilim Baklava Yedi"},"content":{"rendered":"<p><strong><span style=\"font-family: arial, helvetica, sans-serif; font-size: 14px;\">Bursa\u2019da 2. Gastronomi Festivali birbirinden renkli etkinliklere ve yar\u0131\u015fmalara ev sahipli\u011fi yapt\u0131. Festivalin ikinci g\u00fcn\u00fcnde Hac\u0131 Hasan O\u011fullar\u0131 taraf\u0131ndan d\u00fczenlenen yar\u0131\u015fmada, 6 dakikada en fazla dilim baklava yiyen talihli arand\u0131. 6 dakikada 44 dilim baklava yiyen Mehmet \u00d6zbek tam alt\u0131n kazand\u0131.<br \/>\n<\/span><\/strong><br \/>\n<span style=\"font-family: arial, helvetica, sans-serif; font-size: 14px;\">Bursa\u2019n\u0131n me\u015fhur lezzetlerinden siyah incirle yap\u0131lan baklavalar etkinli\u011fe kat\u0131lan 17 yar\u0131\u015fmac\u0131n\u0131n \u00f6n\u00fcne koyuldu. Olduk\u00e7a \u00e7eki\u015fmeli ge\u00e7en yar\u0131\u015fmada dakikalar ilerledik\u00e7e yar\u0131\u015fmac\u0131lar lokmalar\u0131n\u0131 yutmakta zorlan\u0131rken, bol bol su t\u00fcketildi. Kimi yar\u0131\u015fmac\u0131 erken pes ederken 6 dakikada 44 dilim baklava yiyen Mehmet \u00d6zbek birinci olarak tam alt\u0131n\u0131n sahibi oldu. \u00d6zbek\u2019i 39 dilim baklavayla S\u00fcleyman I\u015f\u0131kl\u0131 ve 36 dilim baklava ile Muhammed Aras izledi. Yar\u0131\u015fmay\u0131 ikinci bitiren S\u00fcleyman I\u015f\u0131kl\u0131 yar\u0131m alt\u0131n kazan\u0131rken \u00fc\u00e7\u00fcnc\u00fc olan Muhammed Aras ise \u00e7eyrek alt\u0131n\u0131n sahibi oldu.<\/span><br \/>\n<span style=\"font-family: arial, helvetica, sans-serif; font-size: 14px;\">Yar\u0131\u015fmay\u0131 kazanan 38 ya\u015f\u0131ndaki Mehmet \u00d6zbek, \u201cGe\u00e7en senede tahinli yar\u0131\u015fmas\u0131nda 2. olmu\u015ftum. Asl\u0131nda arad\u0131\u011f\u0131m \u015feyler de\u011fil ama insan hedef koydu\u011fu zaman ba\u015farabiliyor. Bende bu yar\u0131\u015fmay\u0131 uzun s\u00fcredir beklemi\u015ftim. Yar\u0131\u015ft\u0131m ve kazand\u0131m mutluyum\u201d \u015feklinde konu\u015ftu.<\/span><br \/>\n<span style=\"font-family: arial, helvetica, sans-serif; font-size: 14px;\">Yar\u0131\u015fmay\u0131 d\u00fczenleyen firma sahibi Y\u00fcksel Akta\u015f, Bursa\u2019n\u0131n me\u015fhur siyah incirinden baklava yapt\u0131klar\u0131n\u0131 dile getirerek \u201cBursa\u2019da ilk ve tek olan bu baklavam\u0131z\u0131 5 k\u0131ta 50 \u00fclkeye ihracat yap\u0131yoruz. Bizde bu baklavay\u0131 tan\u0131tmak i\u00e7in 17 ki\u015finin kat\u0131ld\u0131\u011f\u0131 bir yar\u0131\u015fma d\u00fczenledik. Bursa\u2019n\u0131n siyah inciri me\u015fhur, bizde bu baklavan\u0131n tescilini ald\u0131k. En iyi \u015fekilde tan\u0131t\u0131m\u0131n\u0131 yapaca\u011f\u0131z. Ayr\u0131ca festivale kat\u0131lan ziyaret\u00e7ilere 5 bin baklava dilimi ikram edece\u011fiz\u201d dedi.<\/span><\/p>\n","protected":false},"excerpt":{"rendered":"<p>Bursa\u2019da 2. Gastronomi Festivali birbirinden renkli etkinliklere ve yar\u0131\u015fmalara ev sahipli\u011fi yapt\u0131. Festivalin ikinci g\u00fcn\u00fcnde Hac\u0131 Hasan O\u011fullar\u0131 taraf\u0131ndan d\u00fczenlenen<\/p>\n","protected":false},"author":3,"featured_media":15318,"comment_status":"open","ping_status":"open","sticky":false,"template":"","format":"standard","meta":{"colormag_page_container_layout":"default_layout","colormag_page_sidebar_layout":"default_layout","footnotes":""},"categories":[1,5],"tags":[],"class_list":["post-15316","post","type-post","status-publish","format-standard","has-post-thumbnail","hentry","category-genel","category-gundem"],"_links":{"self":[{"href":"https:\/\/marmarayerelhizmet.com\/index.php\/wp-json\/wp\/v2\/posts\/15316","targetHints":{"allow":["GET"]}}],"collection":[{"href":"https:\/\/marmarayerelhizmet.com\/index.php\/wp-json\/wp\/v2\/posts"}],"about":[{"href":"https:\/\/marmarayerelhizmet.com\/index.php\/wp-json\/wp\/v2\/types\/post"}],"author":[{"embeddable":true,"href":"https:\/\/marmarayerelhizmet.com\/index.php\/wp-json\/wp\/v2\/users\/3"}],"replies":[{"embeddable":true,"href":"https:\/\/marmarayerelhizmet.com\/index.php\/wp-json\/wp\/v2\/comments?post=15316"}],"version-history":[{"count":0,"href":"https:\/\/marmarayerelhizmet.com\/index.php\/wp-json\/wp\/v2\/posts\/15316\/revisions"}],"wp:featuredmedia":[{"embeddable":true,"href":"https:\/\/marmarayerelhizmet.com\/index.php\/wp-json\/wp\/v2\/media\/15318"}],"wp:attachment":[{"href":"https:\/\/marmarayerelhizmet.com\/index.php\/wp-json\/wp\/v2\/media?parent=15316"}],"wp:term":[{"taxonomy":"category","embeddable":true,"href":"https:\/\/marmarayerelhizmet.com\/index.php\/wp-json\/wp\/v2\/categories?post=15316"},{"taxonomy":"post_tag","embeddable":true,"href":"https:\/\/marmarayerelhizmet.com\/index.php\/wp-json\/wp\/v2\/tags?post=15316"}],"curies":[{"name":"wp","href":"https:\/\/api.w.org\/{rel}","templated":true}]}}