{"id":15292,"date":"2023-09-15T21:20:02","date_gmt":"2023-09-15T18:20:02","guid":{"rendered":"https:\/\/marmarayerelhizmet.com\/?p=15292"},"modified":"2023-09-15T21:20:02","modified_gmt":"2023-09-15T18:20:02","slug":"geri-donusumle-7-milyon-defter-kazandirildi","status":"publish","type":"post","link":"https:\/\/marmarayerelhizmet.com\/index.php\/2023\/09\/15\/geri-donusumle-7-milyon-defter-kazandirildi\/","title":{"rendered":"Geri D\u00f6n\u00fc\u015f\u00fcmle 7 Milyon Defter Kazand\u0131r\u0131ld\u0131"},"content":{"rendered":"<p><strong><span style=\"font-family: arial, helvetica, sans-serif; font-size: 14px;\">Esenler Belediyesi, geri d\u00f6n\u00fc\u015f\u00fcmle 7 milyon defteri e\u011fitime kazand\u0131rd\u0131. Bu y\u0131l kazand\u0131r\u0131lan 500 bin defter, Milli E\u011fitim Bakan\u0131 Yusuf Tekin\u2019in de kat\u0131ld\u0131\u011f\u0131 t\u00f6renle \u00f6\u011frencilere da\u011f\u0131t\u0131ld\u0131.<br \/>\n<\/span><\/strong><br \/>\n<span style=\"font-family: arial, helvetica, sans-serif; font-size: 14px;\">Esenler\u2019de geri d\u00f6n\u00fc\u015f\u00fcm tesislerinde tamamen at\u0131klar\u0131n ayr\u0131\u015ft\u0131r\u0131lmas\u0131ndan elde edilen gelirle 14 y\u0131lda toplam 7 milyon defter \u00fcretildi. Bu sene \u00fcretilen defterlerin 500 bini &#8220;Kitaplar H\u00fck\u00fcmetimizden Defterler Belediyemizden&#8221; slogan\u0131yla her y\u0131l geleneksel olarak s\u00fcrd\u00fcr\u00fclen proje kapsam\u0131nda 85 bin \u00f6\u011frenciye da\u011f\u0131t\u0131ld\u0131. \u015eehit Emrah Sa\u011faz \u0130lkokulu\u2019nda Milli E\u011fitim Bakan\u0131 Yusuf Tekin\u2019in kat\u0131l\u0131m\u0131yla ger\u00e7ekle\u015fen program alan\u0131nda geri d\u00f6n\u00fc\u015f\u00fcm stand\u0131 da kuruldu. Stantta geri d\u00f6n\u00fc\u015f\u00fcmden mavi kapak toplanarak elde edilen tekerlekli sandalyeler, d\u00f6n\u00fc\u015f\u00fcmden kazan\u0131lan ve ihtiya\u00e7 sahiplerine verilen deterjanlar, defterler, kitaplar da yer ald\u0131. Bakan Tekin ve beraberindekiler programdan \u00f6nce stantlar\u0131 gezdi.<\/span><br \/>\n<span style=\"font-family: arial, helvetica, sans-serif; font-size: 14px;\">Milli E\u011fitim Bakan\u0131 Yusuf Tekin, ilkokul \u00f6\u011frencileri Beyza G\u00fcl ve Berat \u00d6ztekin ile birlikte sahneye \u00e7\u0131kt\u0131. Bakan Tekin, \u201cDan\u0131\u015fmanlar\u0131m\u201d olarak tan\u0131tt\u0131\u011f\u0131 \u00f6\u011frencilere mikrofonu vererek konu\u015fmalar\u0131n\u0131 istedi. \u0130lkokul \u00f6\u011frencileri G\u00fcl ve \u00d6ztekin, Belediye Ba\u015fkan\u0131 Mehmet Tevfik G\u00f6ksu ile \u00f6\u011fretmenlerine te\u015fekk\u00fcr etti.<\/span><\/p>\n<p><strong><span style=\"font-family: arial, helvetica, sans-serif; font-size: 14px;\">\u201cTopyek\u00fcn seferberlik ilan edelim\u201d<\/span><\/strong><br \/>\n<span style=\"font-family: arial, helvetica, sans-serif; font-size: 14px;\">Bakan Tekin yapt\u0131\u011f\u0131 konu\u015fmada, \u201cMilli e\u011fitim, e\u011fitim, \u00e7ok a\u011f\u0131r bir y\u00fck. Bu y\u00fck\u00fcn alt\u0131ndan tek ba\u015f\u0131na bakanl\u0131k, \u00f6\u011fretmenlerimiz, idarecilerimiz kalkamaz. Ben diyorum ki gelin ebeveynlerden ba\u015flayal\u0131m. Sivil toplum kurulu\u015flar\u0131ndan belediyelere topyek\u00fcn seferberlik ilan edelim. Hepimiz yapabileceklerimizi yapal\u0131m. Elimizi ta\u015f\u0131n alt\u0131na koyal\u0131m. Bu projenin burada g\u00f6rd\u00fc\u011f\u00fcm k\u0131sm\u0131, Esenler Belediyesi\u2019nin bizim bu \u00e7a\u011fr\u0131m\u0131za kulak vermi\u015f, canl\u0131 bir \u00f6rne\u011fi olarak g\u00f6r\u00fcyorum. \u0130n\u015fallah herkese \u00f6rnek olur. Biz Milli E\u011fitim Bakanl\u0131\u011f\u0131 olarak buna a\u00e7\u0131\u011f\u0131z\u201d diye konu\u015ftu.<\/span><\/p>\n<p><strong><span style=\"font-family: arial, helvetica, sans-serif; font-size: 14px;\">\u201cBenim as\u0131l dikkatimi \u00e7eken pedagojik boyutudur\u201d<\/span><\/strong><br \/>\n<span style=\"font-family: arial, helvetica, sans-serif; font-size: 14px;\">Etkinli\u011fin \u00fc\u00e7 tane kritik ba\u015fl\u0131\u011f\u0131 oldu\u011funu s\u00f6yleyen Bakan Tekin, \u201cBunlardan bir tanesi, ahlaki ve insani olarak at\u0131klar\u0131m\u0131zla d\u00fcnyay\u0131 kirletmemize, gelecek ku\u015faklar\u0131n sa\u011fl\u0131klar\u0131n\u0131, ya\u015famlar\u0131n\u0131 elinden almaya hakk\u0131m\u0131z yok. Bu projeyle duyarl\u0131l\u0131k olu\u015fturmu\u015f oluyoruz. \u0130kinci boyutu ekonomik boyutudur. Buradan bir d\u00f6ng\u00fc elde edilmi\u015f. Bir kazan\u00e7 elde edilmi\u015f. O da Esenler\u2019deki gen\u00e7 karde\u015flerimizle payla\u015ft\u0131r\u0131lm\u0131\u015f. Milli E\u011fitim Bakan\u0131 olarak benim as\u0131l dikkatimi \u00e7eken pedagojik boyutudur. \u00c7ocuklar\u0131m\u0131za bu d\u00fcnyan\u0131n sadece bize ait olmad\u0131\u011f\u0131n\u0131, bu d\u00fcnyan\u0131n atalar\u0131m\u0131zdan bize miras kald\u0131\u011f\u0131n\u0131 ve ayn\u0131 \u015fekilde gelecek ku\u015faklara miras b\u0131rakmam\u0131z gerekti\u011fini ya\u015fayarak, g\u00f6rerek \u00f6\u011freten bir proje oldu\u011fu i\u00e7in \u00f6nemli. Dolay\u0131s\u0131yla \u00fc\u00e7 boyutundan dolay\u0131 projeyi uygulayan ki\u015fileri tebrik ediyorum\u201d \u015feklinde konu\u015ftu.<\/span><\/p>\n<p><strong><span style=\"font-family: arial, helvetica, sans-serif; font-size: 14px;\">\u201c85 bin \u00f6\u011frencimizin defter ihtiyac\u0131n\u0131 buradan kar\u015f\u0131l\u0131yoruz\u201d<\/span><\/strong><br \/>\n<span style=\"font-family: arial, helvetica, sans-serif; font-size: 14px;\">14\u2019\u00fcnc\u00fc kez ayn\u0131 program\u0131 yapt\u0131klar\u0131n\u0131 ifade eden Esenler Belediye Ba\u015fkan\u0131 Mehmet Tevfik G\u00f6ksu ise, \u201cEsenler, geri d\u00f6n\u00fc\u015f\u00fcm konusunda T\u00fcrkiye\u2019de en fazla aktivite g\u00f6steren \u00f6nc\u00fc il\u00e7elerden bir tanesi. Esenler\u2019de bir g\u00fcnde yakla\u015f\u0131k 400 ton \u00e7\u00f6p topluyoruz. Bu toplam\u0131\u015f oldu\u011fumuz \u00e7\u00f6p\u00fcn y\u00fczde 10\u2019unu geri d\u00f6n\u00fc\u015ft\u00fcr\u00fcyoruz. T\u00fcrkiye\u2019de en y\u00fcksek oranda d\u00f6n\u00fc\u015f\u00fcm yapan belediyelerden biriyiz. Bu geri d\u00f6n\u00fc\u015ft\u00fcrd\u00fc\u011f\u00fcm\u00fcz \u00e7\u00f6pleri bir taraftan ekonomiye, bir taraftan do\u011faya, bir taraftan da \u015fehre kazand\u0131r\u0131yoruz. \u015eu anda Esenler\u2019de 85 bin \u00f6\u011frencimizin defter ihtiyac\u0131n\u0131 buradan kar\u015f\u0131l\u0131yoruz\u201d dedi.<\/span><br \/>\n<span style=\"font-family: arial, helvetica, sans-serif; font-size: 14px;\">Esenler Belediye Ba\u015fkan\u0131 Mehmet Tevfik G\u00f6ksu, konu\u015fmalar\u0131n ard\u0131ndan at\u0131klardan \u00fcretilen 7 milyonuncu defteri Milli E\u011fitim Bakan\u0131 Yusuf Tekin\u2019e hediye etti.<\/span><\/p>\n","protected":false},"excerpt":{"rendered":"<p>Esenler Belediyesi, geri d\u00f6n\u00fc\u015f\u00fcmle 7 milyon defteri e\u011fitime kazand\u0131rd\u0131. Bu y\u0131l kazand\u0131r\u0131lan 500 bin defter, Milli E\u011fitim Bakan\u0131 Yusuf Tekin\u2019in<\/p>\n","protected":false},"author":3,"featured_media":15294,"comment_status":"open","ping_status":"open","sticky":false,"template":"","format":"standard","meta":{"colormag_page_container_layout":"default_layout","colormag_page_sidebar_layout":"default_layout","footnotes":""},"categories":[45,1,5,8],"tags":[],"class_list":["post-15292","post","type-post","status-publish","format-standard","has-post-thumbnail","hentry","category-egitim","category-genel","category-gundem","category-siyaset"],"_links":{"self":[{"href":"https:\/\/marmarayerelhizmet.com\/index.php\/wp-json\/wp\/v2\/posts\/15292","targetHints":{"allow":["GET"]}}],"collection":[{"href":"https:\/\/marmarayerelhizmet.com\/index.php\/wp-json\/wp\/v2\/posts"}],"about":[{"href":"https:\/\/marmarayerelhizmet.com\/index.php\/wp-json\/wp\/v2\/types\/post"}],"author":[{"embeddable":true,"href":"https:\/\/marmarayerelhizmet.com\/index.php\/wp-json\/wp\/v2\/users\/3"}],"replies":[{"embeddable":true,"href":"https:\/\/marmarayerelhizmet.com\/index.php\/wp-json\/wp\/v2\/comments?post=15292"}],"version-history":[{"count":0,"href":"https:\/\/marmarayerelhizmet.com\/index.php\/wp-json\/wp\/v2\/posts\/15292\/revisions"}],"wp:featuredmedia":[{"embeddable":true,"href":"https:\/\/marmarayerelhizmet.com\/index.php\/wp-json\/wp\/v2\/media\/15294"}],"wp:attachment":[{"href":"https:\/\/marmarayerelhizmet.com\/index.php\/wp-json\/wp\/v2\/media?parent=15292"}],"wp:term":[{"taxonomy":"category","embeddable":true,"href":"https:\/\/marmarayerelhizmet.com\/index.php\/wp-json\/wp\/v2\/categories?post=15292"},{"taxonomy":"post_tag","embeddable":true,"href":"https:\/\/marmarayerelhizmet.com\/index.php\/wp-json\/wp\/v2\/tags?post=15292"}],"curies":[{"name":"wp","href":"https:\/\/api.w.org\/{rel}","templated":true}]}}