{"id":15288,"date":"2023-09-15T21:16:52","date_gmt":"2023-09-15T18:16:52","guid":{"rendered":"https:\/\/marmarayerelhizmet.com\/?p=15288"},"modified":"2023-09-15T21:16:52","modified_gmt":"2023-09-15T18:16:52","slug":"350-donumluk-alan-kule-dondu","status":"publish","type":"post","link":"https:\/\/marmarayerelhizmet.com\/index.php\/2023\/09\/15\/350-donumluk-alan-kule-dondu\/","title":{"rendered":"350 D\u00f6n\u00fcml\u00fck Alan K\u00fcle D\u00f6nd\u00fc"},"content":{"rendered":"<p><strong><span style=\"font-family: arial, helvetica, sans-serif; font-size: 14px;\">Tekirda\u011f&#8217;da \u00e7\u0131kan orman yang\u0131n\u0131, ekiplerin saatler boyu havadan ve karadan yapt\u0131\u011f\u0131 m\u00fcdahalenin ard\u0131ndan kontrol alt\u0131na al\u0131nd\u0131.<br \/>\n<\/span><\/strong><br \/>\n<span style=\"font-family: arial, helvetica, sans-serif; font-size: 14px;\">Tekirda\u011f&#8217;\u0131n \u00c7erkezk\u00f6y il\u00e7esinde \u00e7\u0131kan ve r\u00fczgar\u0131n etkisiyle geni\u015f bir alana yay\u0131lan ormanl\u0131k yang\u0131n\u0131, ekiplerin saatler s\u00fcren \u00e7al\u0131\u015fmas\u0131n\u0131n ard\u0131ndan kontrol alt\u0131na al\u0131nd\u0131. Karadan yang\u0131n s\u00f6nd\u00fcrme ara\u00e7lar\u0131 ve havadan 2 yang\u0131n s\u00f6nd\u00fcrme helikopteriyle yap\u0131lan m\u00fcdahalenin ard\u0131ndan s\u00f6nd\u00fcr\u00fclen yang\u0131nda, 350 d\u00f6n\u00fcm ormanl\u0131k alan k\u00fcl olurken, yang\u0131n sonras\u0131nda ortaya \u00e7\u0131kan hasar drone ile havadan g\u00f6r\u00fcnt\u00fclendi.<\/span><br \/>\n<span style=\"font-family: arial, helvetica, sans-serif; font-size: 14px;\">\u00c7erkezk\u00f6y Kaymakam\u0131 Nazmi G\u00fcnl\u00fc, \u00c7erkezk\u00f6y Belediye Ba\u015fkan\u0131 Vahap Akay, \u0130l\u00e7e Jandarma Komutan\u0131 Jandarma Binba\u015f\u0131 Serkan Engin ve \u0130l\u00e7e Emniyet M\u00fcd\u00fcr\u00fc Cengiz Vatanel de yang\u0131n b\u00f6lgesine giderek incelemelerde bulundu. Yang\u0131n, itfaiye ekiplerinin havadan ve karadan m\u00fcdahalesiyle yakla\u015f\u0131k 2 saatte kontrol alt\u0131na al\u0131nabildi.<\/span><br \/>\n<span style=\"font-family: arial, helvetica, sans-serif; font-size: 14px;\">Yang\u0131nda can kayb\u0131 ya\u015fanmazken, ekipler yang\u0131n\u0131n \u00e7\u0131k\u0131\u015f sebebinin tespiti i\u00e7in soru\u015fturma ba\u015flatt\u0131.<\/span><\/p>\n","protected":false},"excerpt":{"rendered":"<p>Tekirda\u011f&#8217;da \u00e7\u0131kan orman yang\u0131n\u0131, ekiplerin saatler boyu havadan ve karadan yapt\u0131\u011f\u0131 m\u00fcdahalenin ard\u0131ndan kontrol alt\u0131na al\u0131nd\u0131. Tekirda\u011f&#8217;\u0131n \u00c7erkezk\u00f6y il\u00e7esinde \u00e7\u0131kan<\/p>\n","protected":false},"author":3,"featured_media":15290,"comment_status":"open","ping_status":"open","sticky":false,"template":"","format":"standard","meta":{"colormag_page_container_layout":"default_layout","colormag_page_sidebar_layout":"default_layout","footnotes":""},"categories":[1,5],"tags":[],"class_list":["post-15288","post","type-post","status-publish","format-standard","has-post-thumbnail","hentry","category-genel","category-gundem"],"_links":{"self":[{"href":"https:\/\/marmarayerelhizmet.com\/index.php\/wp-json\/wp\/v2\/posts\/15288","targetHints":{"allow":["GET"]}}],"collection":[{"href":"https:\/\/marmarayerelhizmet.com\/index.php\/wp-json\/wp\/v2\/posts"}],"about":[{"href":"https:\/\/marmarayerelhizmet.com\/index.php\/wp-json\/wp\/v2\/types\/post"}],"author":[{"embeddable":true,"href":"https:\/\/marmarayerelhizmet.com\/index.php\/wp-json\/wp\/v2\/users\/3"}],"replies":[{"embeddable":true,"href":"https:\/\/marmarayerelhizmet.com\/index.php\/wp-json\/wp\/v2\/comments?post=15288"}],"version-history":[{"count":0,"href":"https:\/\/marmarayerelhizmet.com\/index.php\/wp-json\/wp\/v2\/posts\/15288\/revisions"}],"wp:featuredmedia":[{"embeddable":true,"href":"https:\/\/marmarayerelhizmet.com\/index.php\/wp-json\/wp\/v2\/media\/15290"}],"wp:attachment":[{"href":"https:\/\/marmarayerelhizmet.com\/index.php\/wp-json\/wp\/v2\/media?parent=15288"}],"wp:term":[{"taxonomy":"category","embeddable":true,"href":"https:\/\/marmarayerelhizmet.com\/index.php\/wp-json\/wp\/v2\/categories?post=15288"},{"taxonomy":"post_tag","embeddable":true,"href":"https:\/\/marmarayerelhizmet.com\/index.php\/wp-json\/wp\/v2\/tags?post=15288"}],"curies":[{"name":"wp","href":"https:\/\/api.w.org\/{rel}","templated":true}]}}