{"id":15280,"date":"2023-09-15T21:13:12","date_gmt":"2023-09-15T18:13:12","guid":{"rendered":"https:\/\/marmarayerelhizmet.com\/?p=15280"},"modified":"2023-09-15T21:13:12","modified_gmt":"2023-09-15T18:13:12","slug":"esenlerli-gencler-efendimizi-taniyacak","status":"publish","type":"post","link":"https:\/\/marmarayerelhizmet.com\/index.php\/2023\/09\/15\/esenlerli-gencler-efendimizi-taniyacak\/","title":{"rendered":"Esenlerli Gen\u00e7ler Efendimizi Tan\u0131yacak"},"content":{"rendered":"<p><strong><span style=\"font-family: arial, helvetica, sans-serif; font-size: 14px;\">Esenler Belediyesi, \u201cMevlid-i Nebi Haftas\u0131\u201d kapsam\u0131nda il\u00e7ede e\u011fitim g\u00f6ren ortaokul ve lise \u00f6\u011frencilerine y\u00f6nelik \u00e7e\u015fitli yar\u0131\u015fmalar d\u00fczenleyecek. \u00d6\u011frencilerin Efendimiz Hazreti Muhammed&#8217;i yak\u0131ndan tan\u0131y\u0131p onun hadislerini \u00f6\u011frenmeleri amac\u0131yla d\u00fczenlenen yar\u0131\u015fmalarda dereceye girenler \u00e7e\u015fitli \u00f6d\u00fcllerin sahibi olacak.<br \/>\n<\/span><\/strong><br \/>\n<span style=\"font-family: arial, helvetica, sans-serif; font-size: 14px;\">Esenler Belediyesi, Esenler \u0130l\u00e7e Milli E\u011fitim M\u00fcd\u00fcrl\u00fc\u011f\u00fc ve Esenler \u0130l\u00e7e M\u00fcft\u00fcl\u00fc\u011f\u00fc i\u015f birli\u011fiyle il\u00e7edeki t\u00fcm ortaokul ve lise \u00f6\u011frencileri, \u201cMevlid-i Nebi Haftas\u0131\u201dnda d\u00fczenlenen yar\u0131\u015fmalarda ter d\u00f6kecek. 26 Eyl\u00fcl-2 Ekim 2023 tarihlerinde d\u00fczenlenecek yar\u0131\u015fmalar ile \u00f6\u011frenciler Efendimiz Hazreti Muhammed&#8217;i tan\u0131yarak onun hadis ve hassasiyetlerini \u00f6\u011frenecek ve Peygamberimizi anma, anlama ve tan\u0131ma imk\u00e2n\u0131 bulacaklar. Bu kutlu haftaya \u00f6zel olarak \u201cKur\u2019\u00e2n-\u0131 Kerim\u2019i G\u00fczel Okuma Yar\u0131\u015fmas\u0131\u201d, \u201cDin K\u00fclt\u00fcr\u00fc ve Hazreti Muhammed\u2019in Hayat\u0131 Bilgi Yar\u0131\u015fmas\u0131\u201d, \u201cNaat-\u0131 \u015eerif Okuma Yar\u0131\u015fmas\u0131\u201d, \u201cHazreti Peygambere Mektup\u201d, \u201c\u0130lahi Okuma Yar\u0131\u015fmas\u0131\u201d ve \u201cEzan Okuma Yar\u0131\u015fmas\u0131\u201d d\u00fczenlenecek.<\/span><\/p>\n<p><strong><span style=\"font-family: arial, helvetica, sans-serif; font-size: 14px;\">\u00d6d\u00fcl t\u00f6reni 2 Ekim&#8217;de<\/span><\/strong><br \/>\n<span style=\"font-family: arial, helvetica, sans-serif; font-size: 14px;\">Yar\u0131\u015fmalar\u0131n ilki \u015eehit T\u00fcrkmen Tekin K\u0131z Anadolu \u0130mam Hatip Lisesi\u2019nde ger\u00e7ekle\u015fecek. J\u00fcri kar\u015f\u0131s\u0131na \u00e7\u0131kacak \u00f6\u011frenciler, bilgilerini yar\u0131\u015ft\u0131r\u0131p yeteneklerini sergileyecek ve derece girenler \u00e7e\u015fitli \u00f6d\u00fcllerin sahibi olacak. Yar\u0131\u015fmalarda \u00f6d\u00fcller 2 Ekim 2023 g\u00fcn\u00fc Dr. Kadir Topba\u015f K\u00fclt\u00fcr Sanat Merkezi\u2019nde d\u00fczenlenecek t\u00f6renle sahiplerini bulacak. Yar\u0131\u015fmalar ile ilgili detayl\u0131 bilgiye belediyenin web sitesi \u00fczerinden ula\u015f\u0131labilecek.<\/span><\/p>\n","protected":false},"excerpt":{"rendered":"<p>Esenler Belediyesi, \u201cMevlid-i Nebi Haftas\u0131\u201d kapsam\u0131nda il\u00e7ede e\u011fitim g\u00f6ren ortaokul ve lise \u00f6\u011frencilerine y\u00f6nelik \u00e7e\u015fitli yar\u0131\u015fmalar d\u00fczenleyecek. \u00d6\u011frencilerin Efendimiz Hazreti<\/p>\n","protected":false},"author":3,"featured_media":15282,"comment_status":"open","ping_status":"open","sticky":false,"template":"","format":"standard","meta":{"colormag_page_container_layout":"default_layout","colormag_page_sidebar_layout":"default_layout","footnotes":""},"categories":[1,5,8],"tags":[],"class_list":["post-15280","post","type-post","status-publish","format-standard","has-post-thumbnail","hentry","category-genel","category-gundem","category-siyaset"],"_links":{"self":[{"href":"https:\/\/marmarayerelhizmet.com\/index.php\/wp-json\/wp\/v2\/posts\/15280","targetHints":{"allow":["GET"]}}],"collection":[{"href":"https:\/\/marmarayerelhizmet.com\/index.php\/wp-json\/wp\/v2\/posts"}],"about":[{"href":"https:\/\/marmarayerelhizmet.com\/index.php\/wp-json\/wp\/v2\/types\/post"}],"author":[{"embeddable":true,"href":"https:\/\/marmarayerelhizmet.com\/index.php\/wp-json\/wp\/v2\/users\/3"}],"replies":[{"embeddable":true,"href":"https:\/\/marmarayerelhizmet.com\/index.php\/wp-json\/wp\/v2\/comments?post=15280"}],"version-history":[{"count":0,"href":"https:\/\/marmarayerelhizmet.com\/index.php\/wp-json\/wp\/v2\/posts\/15280\/revisions"}],"wp:featuredmedia":[{"embeddable":true,"href":"https:\/\/marmarayerelhizmet.com\/index.php\/wp-json\/wp\/v2\/media\/15282"}],"wp:attachment":[{"href":"https:\/\/marmarayerelhizmet.com\/index.php\/wp-json\/wp\/v2\/media?parent=15280"}],"wp:term":[{"taxonomy":"category","embeddable":true,"href":"https:\/\/marmarayerelhizmet.com\/index.php\/wp-json\/wp\/v2\/categories?post=15280"},{"taxonomy":"post_tag","embeddable":true,"href":"https:\/\/marmarayerelhizmet.com\/index.php\/wp-json\/wp\/v2\/tags?post=15280"}],"curies":[{"name":"wp","href":"https:\/\/api.w.org\/{rel}","templated":true}]}}