{"id":15276,"date":"2023-09-15T21:09:07","date_gmt":"2023-09-15T18:09:07","guid":{"rendered":"https:\/\/marmarayerelhizmet.com\/?p=15276"},"modified":"2023-09-15T21:09:07","modified_gmt":"2023-09-15T18:09:07","slug":"kuruma-noktasina-geldi","status":"publish","type":"post","link":"https:\/\/marmarayerelhizmet.com\/index.php\/2023\/09\/15\/kuruma-noktasina-geldi\/","title":{"rendered":"Kuruma Noktas\u0131na Geldi"},"content":{"rendered":"<p><strong><span style=\"font-family: arial, helvetica, sans-serif; font-size: 14px;\">\u00c7anakkale&#8217;de, \u00e7ok say\u0131da su kayna\u011f\u0131na sahip oldu\u011fu i\u00e7in mitolojide ad\u0131 &#8216;Bin P\u0131narl\u0131 \u0130da&#8217; olarak ge\u00e7en Kaz Da\u011flar\u0131&#8217;ndan beslenen 96 milyon 500 bin metrek\u00fcp su kapasitesine sahip Bayrami\u00e7 Baraj\u0131\u2019nda b\u00f6lgede yeterli ya\u011f\u0131\u015f olmamas\u0131 sebebiyle su seviyesi y\u00fczde 16\u2019lara kadar d\u00fc\u015ft\u00fc. Yakla\u015f\u0131k 15 milyon metrek\u00fcp su kalan barajda ya\u011f\u0131\u015flar\u0131n yeterli olmamas\u0131 sebebiyle olu\u015fan kurakl\u0131k dron ile g\u00f6r\u00fcnt\u00fclendi.<br \/>\n<\/span><\/strong><br \/>\n<span style=\"font-family: arial, helvetica, sans-serif; font-size: 14px;\">Son aylarda kurakl\u0131k tehlikesiyle kar\u015f\u0131 kar\u015f\u0131ya kalan T\u00fcrkiye&#8217;de barajlardaki doluluk oranlar\u0131 ciddi \u015fekilde d\u00fc\u015ft\u00fc. Kurakl\u0131k, \u00c7anakkale&#8217;deki barajlar\u0131 da tehdit ederken, \u00c7anakkale merkez ve il\u00e7eleri bu y\u0131l yeterli miktarda ya\u011f\u0131\u015f alamay\u0131nca barajlardaki su seviyesi d\u00fc\u015ft\u00fc. \u00c7ok say\u0131da su kayna\u011f\u0131na sahip oldu\u011fu i\u00e7in mitolojide ad\u0131 &#8216;Bin P\u0131narl\u0131 \u0130da&#8217; olarak ge\u00e7en Kaz Da\u011flar\u0131&#8217;n\u0131n eteklerindeki Bayrami\u00e7 Baraj\u0131\u2019nda da su seviyesi ciddi oranda d\u00fc\u015ft\u00fc. Yeterli ya\u011fmur ya\u011fmad\u0131\u011f\u0131 i\u00e7in Bayrami\u00e7 Baraj\u0131 neredeyse kuruma noktas\u0131na geldi. Baraj\u0131 besleyen 4 dere de hem kurakl\u0131\u011f\u0131n etkisiyle hem de Kaz Da\u011flar\u0131&#8217;ndaki d\u00fc\u015f\u00fck kar ya\u011f\u0131\u015f\u0131 nedeniyle kurudu. 96 milyon 500 bin metrek\u00fcp su kapasitesine sahip barajda yakla\u015f\u0131k 15 milyon metrek\u00fcp su kald\u0131. Su seviyesi y\u00fczde 16\u2019lara d\u00fc\u015fen Bayrami\u00e7 Baraj\u0131&#8217;nda ya\u011f\u0131\u015flar\u0131n yeterli olmamas\u0131 sebebiyle olu\u015fan kurakl\u0131k dron ile g\u00f6r\u00fcnt\u00fclendi.<\/span><br \/>\n<span style=\"font-family: arial, helvetica, sans-serif; font-size: 14px;\">\u00c7anakkale Ziraat Odas\u0131 Ba\u015fkan\u0131 Ufuk \u00dcnver, \u201cBu sene kurak bir y\u0131ld\u0131. Fakat ge\u00e7en hafta i\u00e7inde ya\u011fan ya\u011fmur bir nebze olsun rahatlatt\u0131. \u015eu an suyun durumu y\u00fczde 16. Bu sene itibar\u0131yla bir tehlike g\u00f6z\u00fckm\u00fcyor. Ama y\u0131l kurak. \u00d6n\u00fcm\u00fczdeki y\u0131l i\u00e7in beklentimiz ya\u011f\u0131\u015f\u0131n fazla olmas\u0131 ve bir daha b\u00f6yle bir s\u0131k\u0131nt\u0131l\u0131 y\u0131l ge\u00e7irmeyi istemiyor t\u00fcm \u00e7ift\u00e7i. \u00c7\u00fcnk\u00fc \u00e7ift\u00e7inin s\u0131k\u0131nt\u0131s\u0131 en b\u00fcy\u00fck su. \u015eu an Bayrami\u00e7\u2019in ana damarlar\u0131nda art\u0131k su yok. Onun i\u00e7in eldeki mevcut suyla sebzeyle birlikte \u015fu an en b\u00fcy\u00fck \u00f6nem arz eden meyvecili\u011fi beslemek zorunday\u0131z. E\u011fer meyvecili\u011fe su vermezsek seneye b\u00fct\u00fcn meyvelerin g\u00f6zleri kurur. Seneye meyve b\u00fcy\u00fck s\u0131k\u0131nt\u0131ya girer. Onun i\u00e7in k\u0131\u015f ya\u011fmuruna m\u00fcthi\u015f \u015fekilde ihtiyac\u0131m\u0131z var. K\u0131\u015f ya\u011fmuru olmad\u0131\u011f\u0131ndan dolay\u0131 b\u00fct\u00fcn Bayrami\u00e7\u2019i besleyen ana damarlar ve yeralt\u0131 \u015fu an h\u0131zl\u0131 \u015fekilde de\u011fer kaybediyor ve maalesef su \u00e7ekildi. Bayrami\u00e7\u2019te tehlike \u00e7anlar\u0131 \u00e7almak \u00fczere. \u015eu an y\u00fczde 16 itibar\u0131yla. Bu da a\u015fa\u011f\u0131 yukar\u0131 Ekim sonuna kadar yeter. Ekim sonu i\u00e7inde ya\u011fmurlar geldi\u011fi zaman bu y\u0131l\u0131 b\u00f6yle ge\u00e7irmeyi \u00fcmit ediyoruz. Oradaki \u015feftali, Bayrami\u00e7 beyaz\u0131 olmak \u00fczere ve meyvenin t\u00fcm \u00fcr\u00fcnlerine e\u011fer su vermezsek, meyve g\u00f6z\u00fc besleyemez, seneye de \u00fcr\u00fcn olmaz. Bu sene Bayrami\u00e7 taraf\u0131nda k\u0131s\u0131tl\u0131 olarak t\u00fcm \u00fcr\u00fcnlere su verildi. \u00c7anakkale Atikhisar Baraj\u0131&#8217;nda maalesef s\u0131k\u0131nt\u0131 oldu. Atikhisar Baraj\u0131&#8217;nda hala tehlike \u00e7anlar\u0131 \u00e7al\u0131yor. \u00c7\u00fcnk\u00fc \u015fu an \u00c7anakkale\u2019de 20 milyon metrek\u00fcp suya d\u00fc\u015ft\u00fck. Bu da y\u00fczde civar\u0131nda. \u015eu an mesela \u00c7anakkale Sarayc\u0131k taraf\u0131nda m\u00fcthi\u015f \u015fekilde meyveler su istiyor. Fakat maalesef su verilemiyor. Onun i\u00e7in bizim bu y\u0131l meyvelere istedi\u011fimiz suyu veremedik. Meyveler istedi\u011fimiz rekolteye ula\u015famad\u0131. Meyveler istenilen seviyeye gelemedi. Bu y\u0131l meyve para etmesine ra\u011fmen \u00e7ift\u00e7i meyveden para kazand\u0131 ama maalesef istenilen seviyelerde \u00fcr\u00fcn yeti\u015ftiremedi. Bizim \u00e7ok y\u0131ll\u0131k bitkileri acilen iyi \u015fekilde beslememiz laz\u0131m\u201d dedi.<\/span><\/p>\n","protected":false},"excerpt":{"rendered":"<p>\u00c7anakkale&#8217;de, \u00e7ok say\u0131da su kayna\u011f\u0131na sahip oldu\u011fu i\u00e7in mitolojide ad\u0131 &#8216;Bin P\u0131narl\u0131 \u0130da&#8217; olarak ge\u00e7en Kaz Da\u011flar\u0131&#8217;ndan beslenen 96 milyon<\/p>\n","protected":false},"author":3,"featured_media":15278,"comment_status":"open","ping_status":"open","sticky":false,"template":"","format":"standard","meta":{"colormag_page_container_layout":"default_layout","colormag_page_sidebar_layout":"default_layout","footnotes":""},"categories":[1,5],"tags":[],"class_list":["post-15276","post","type-post","status-publish","format-standard","has-post-thumbnail","hentry","category-genel","category-gundem"],"_links":{"self":[{"href":"https:\/\/marmarayerelhizmet.com\/index.php\/wp-json\/wp\/v2\/posts\/15276","targetHints":{"allow":["GET"]}}],"collection":[{"href":"https:\/\/marmarayerelhizmet.com\/index.php\/wp-json\/wp\/v2\/posts"}],"about":[{"href":"https:\/\/marmarayerelhizmet.com\/index.php\/wp-json\/wp\/v2\/types\/post"}],"author":[{"embeddable":true,"href":"https:\/\/marmarayerelhizmet.com\/index.php\/wp-json\/wp\/v2\/users\/3"}],"replies":[{"embeddable":true,"href":"https:\/\/marmarayerelhizmet.com\/index.php\/wp-json\/wp\/v2\/comments?post=15276"}],"version-history":[{"count":0,"href":"https:\/\/marmarayerelhizmet.com\/index.php\/wp-json\/wp\/v2\/posts\/15276\/revisions"}],"wp:featuredmedia":[{"embeddable":true,"href":"https:\/\/marmarayerelhizmet.com\/index.php\/wp-json\/wp\/v2\/media\/15278"}],"wp:attachment":[{"href":"https:\/\/marmarayerelhizmet.com\/index.php\/wp-json\/wp\/v2\/media?parent=15276"}],"wp:term":[{"taxonomy":"category","embeddable":true,"href":"https:\/\/marmarayerelhizmet.com\/index.php\/wp-json\/wp\/v2\/categories?post=15276"},{"taxonomy":"post_tag","embeddable":true,"href":"https:\/\/marmarayerelhizmet.com\/index.php\/wp-json\/wp\/v2\/tags?post=15276"}],"curies":[{"name":"wp","href":"https:\/\/api.w.org\/{rel}","templated":true}]}}