{"id":15272,"date":"2023-09-15T21:06:15","date_gmt":"2023-09-15T18:06:15","guid":{"rendered":"https:\/\/marmarayerelhizmet.com\/?p=15272"},"modified":"2023-09-15T21:06:15","modified_gmt":"2023-09-15T18:06:15","slug":"ozel-chp-genel-baskanligina-aday","status":"publish","type":"post","link":"https:\/\/marmarayerelhizmet.com\/index.php\/2023\/09\/15\/ozel-chp-genel-baskanligina-aday\/","title":{"rendered":"\u00d6zel, CHP Genel Ba\u015fkanl\u0131\u011f\u0131na aday"},"content":{"rendered":"<p><strong><span style=\"font-family: arial, helvetica, sans-serif;\">Cumhuriyet Halk Partisi (CHP) Genel Ba\u015fkan\u0131 aday\u0131 oldu\u011funu a\u00e7\u0131klayan\u00a0\u00d6zg\u00fcr\u00a0\u00d6zel, \u201cParti i\u00e7i iktidar\u0131 kazanmak i\u00e7in de\u011fil, partimizi iktidar yapabilmek i\u00e7in Cumhuriyet Halk Partisi Genel Ba\u015fkanl\u0131\u011f\u0131na aday\u0131m\u201d dedi.<br \/>\n<\/span><\/strong><br \/>\n<span style=\"font-family: arial, helvetica, sans-serif;\">Cumhuriyet Halk Partisi Grup Ba\u015fkan\u0131\u00a0\u00d6zg\u00fcr\u00a0\u00d6zel, CHP Genel Ba\u015fkanl\u0131\u011f\u0131na aday oldu\u011funu bug\u00fcn CHP Genel Merkezi&#8217;nde ger\u00e7ekle\u015ftirdi\u011fi bas\u0131n toplant\u0131s\u0131nda a\u00e7\u0131klad\u0131. Toplant\u0131ya\u00a0\u00d6zel&#8217;in ailesinin yan\u0131 s\u0131ra CHP Parti Meclisi \u00dcyesi Veli A\u011fbaba, CHP Parti Meclisi \u00dcyesi Seyit Torun ve \u00e7ok say\u0131da milletvekili de kat\u0131l\u0131m sa\u011flad\u0131.<\/span><\/p>\n<p><strong><span style=\"font-family: arial, helvetica, sans-serif;\">\u201c39 milletvekilinin ba\u015fka partilere verilmesi parti vicdan\u0131nda, parti tarihinde unutulmayacak bir hasar b\u0131rakm\u0131\u015ft\u0131r\u201d<\/span><\/strong><br \/>\n<span style=\"font-family: arial, helvetica, sans-serif;\">Cumhurba\u015fkanl\u0131\u011f\u0131 ve 28. D\u00f6nem Milletvekili se\u00e7imlerinde yap\u0131lan ittifaklar\u0131 ve ittifak \u00fcyesi olan partilerin milletvekili adaylar\u0131n\u0131n CHP listelerinden girmesini ele\u015ftiren\u00a0\u00d6zel, \u201cBu ideolojik netlik, siyasal ve sosyal ittifaklara engel te\u015fkil etmez. \u0130ttifak siyaseti, ittifak kuranlar\u0131n birbirine d\u00f6n\u00fc\u015ft\u00fc\u011f\u00fc, benzedi\u011fi siyaset olmamal\u0131d\u0131r. Tersine birbirine benzemeyen partilerin kendi kimliklerini koruyarak ortak hedef etraf\u0131nda birle\u015fmeleri, verimli bir ittifak\u0131n en \u00f6nemli \u015fart\u0131d\u0131r. \u0130ttifaklar parti vicdan\u0131nda kar\u015f\u0131l\u0131k bulacak \u015fekilde tasarlanmal\u0131d\u0131r. \u00d6rne\u011fin, partimizin se\u00e7ilecek s\u0131ralar\u0131ndan 39 milletvekilinin ba\u015fka partilere verilmesi parti vicdan\u0131nda, parti tarihinde unutulmayacak bir hasar b\u0131rakm\u0131\u015ft\u0131r. Bu s\u00fcre\u00e7 hi\u00e7bir parti i\u00e7i m\u00fczakereye, \u00fczerinde uzla\u015f\u0131lm\u0131\u015f bir i\u00e7 hukuka, objektif \u00f6l\u00e7me-de\u011ferlendirme kriterlerine dayanmaks\u0131z\u0131n ve parti i\u00e7i denetime kapal\u0131 olarak y\u00fcr\u00fct\u00fclm\u00fc\u015ft\u00fcr. Ayn\u0131 \u015fekilde partiler aras\u0131 imzalanan protokollere dair se\u00e7ilmi\u015f kurullar\u0131 bilgilendirmelerin dahi yap\u0131lmad\u0131\u011f\u0131 s\u00fcre\u00e7ler i\u015fletilmi\u015ftir. Bu \u00f6l\u00e7\u00fcde yetki kullan\u0131p, sorumluluk \u00fcstlenmeyen bir y\u00f6netim tarz\u0131 kabul edilemez\u201d ifadelerini kulland\u0131.<\/span><\/p>\n<p><strong><span style=\"font-family: arial, helvetica, sans-serif;\">\u201c\u00d6rg\u00fctlerimiz, siyaset \u00fcreten, toplumsal ba\u011flar\u0131 g\u00fc\u00e7l\u00fc, bir yap\u0131ya kavu\u015fturulmal\u0131d\u0131r\u201d<\/span><\/strong><br \/>\n<span style=\"font-family: arial, helvetica, sans-serif;\">Genel ba\u015fkan olarak se\u00e7ilmesi durumunda CHP\u2019yi T\u00fcrkiye\u2019nin en iyi y\u00f6netilen siyasi partisi de\u011fil, en iyi y\u00f6netilen kurumu haline getirmek istediklerini belirten\u00a0\u00d6zel, \u201cHesap verebilir, denetlenebilir, \u015feffaf, kat\u0131l\u0131mc\u0131 s\u00fcre\u00e7leri i\u015fleten, denge denetleme mekanizmalar\u0131n\u0131 etkinle\u015ftiren, \u00f6l\u00e7me de\u011ferlendirmeden en iyi \u015fekilde yararlanan canl\u0131 ve diri bir kurumsal yap\u0131 hedeflenmelidir. \u00d6rg\u00fctlerimiz, siyaset \u00fcreten, toplumsal ba\u011flar\u0131 g\u00fc\u00e7l\u00fc, yeni m\u00fccadele bi\u00e7imleri \u00fcretebilme kapasitesi y\u00fcksek bir yap\u0131ya kavu\u015fturulmal\u0131d\u0131r. \u0130kinci y\u00fczy\u0131l\u0131n CHP\u2019si, \u00fcye yap\u0131s\u0131, \u00f6rg\u00fctlenme bi\u00e7imi, karar alma s\u00fcre\u00e7leri, parti y\u00f6netimi, parti i\u00e7i demokrasi, kat\u0131l\u0131m ve etik ilkeler bak\u0131m\u0131ndan k\u00f6kl\u00fc de\u011fi\u015fimler ile yoluna devam etmelidir\u201d diye konu\u015ftu.<\/span><\/p>\n<p><strong><span style=\"font-family: arial, helvetica, sans-serif;\">\u201cMYK \u00fcyelerinin 2\/3\u2019\u00fc PM \u00fcyeleri aras\u0131ndan se\u00e7ilecek\u201d<\/span><\/strong><br \/>\n<span style=\"font-family: arial, helvetica, sans-serif;\">Se\u00e7ilmesinden sonra k\u00f6kl\u00fc bir reform ger\u00e7ekle\u015ftirilece\u011fini ifade eden\u00a0\u00d6zel, &#8220;Milletvekili, belediye ba\u015fkan\u0131 ve meclis \u00fcyeleri adaylar\u0131n\u0131n belirlenmesinde \u00f6nse\u00e7im y\u00f6ntemi esas al\u0131nacak, yeniden aday g\u00f6sterilecek yerel y\u00f6neticiler i\u00e7in ise halk\u0131n mutlak memnuniyetini \u00f6l\u00e7en objektif kriterler g\u00f6zetilecektir. Genel merkez y\u00f6neticileri, milletvekilleri, belediye ba\u015fkanlar\u0131 ve meclis \u00fcyeleri i\u00e7in 3 d\u00f6nem s\u0131n\u0131r\u0131 getirilecektir. Gen\u00e7 ve engellilerin parti organlar\u0131nda ve aday listelerindeki temsiliyetinin art\u0131r\u0131lmas\u0131 sa\u011flanacak, kad\u0131nlar i\u00e7in e\u015fit temsil benimsenecektir. MYK \u00fcyelerinin 2\/3\u2019\u00fc PM \u00fcyeleri aras\u0131ndan se\u00e7ilecek. Genel Ba\u015fkan taraf\u0131ndan atanan MYK \u00fcyeleri, g\u00fcvenoyu alacakt\u0131r. Parti Meclisi ger\u00e7ek bir Meclis gibi \u00e7al\u0131\u015ft\u0131r\u0131lacak, parti politikalar\u0131n\u0131n belirlenmesinde dan\u0131\u015fmanlar de\u011fil, Parti Meclisi mutlak s\u00f6z sahibi k\u0131l\u0131nacakt\u0131r. Parti \u00f6rg\u00fct\u00fc bir y\u00fck olarak g\u00f6r\u00fclmeyecek, genel merkezle il il\u00e7e \u00f6rg\u00fctleri aras\u0131ndaki ba\u011f g\u00fc\u00e7lendirilecek, il ba\u015fkanlar\u0131 siyasal s\u00fcre\u00e7lerin akt\u00f6r\u00fc haline getirilecektir. Parti Okulu yenilenecek, bir Parti Akademisi kurulacakt\u0131r. Bunlar\u0131n yan\u0131 s\u0131ra daha pek \u00e7ok \u00f6neri ve reform tutum belgemizde detaylar\u0131yla yer almaktad\u0131r&#8221; dedi.<\/span><\/p>\n<p><strong><span style=\"font-family: arial, helvetica, sans-serif;\">\u201cParti i\u00e7i iktidar\u0131 kazanmak i\u00e7in de\u011fil, partimizi iktidar yapabilmek i\u00e7in Cumhuriyet Halk Partisi Genel Ba\u015fkanl\u0131\u011f\u0131na aday\u0131m\u201d<\/span><\/strong><br \/>\n<span style=\"font-family: arial, helvetica, sans-serif;\">Neden aday olmas\u0131 gerekti\u011fini s\u0131ralayan\u00a0\u00d6zel, &#8220;\u00dclkemizin ve \u00e7ocuklar\u0131m\u0131z\u0131n hak etti\u011fi bir gelecek i\u00e7in; kurum ve kurallar\u0131yla \u00e7al\u0131\u015fan demokrasiyi partimizde ve \u00fclkemizde egemen k\u0131lmak i\u00e7in; gen\u00e7leri partimizin merkezine almak, partiyi gen\u00e7li\u011fin \u00e7ekim merkezi yapmak i\u00e7in; kad\u0131nlar\u0131n etkin olaca\u011f\u0131 parti yap\u0131s\u0131 ve siyaset tarz\u0131n\u0131 g\u00fcvence alt\u0131na almak i\u00e7in; eme\u011fin s\u00f6m\u00fcr\u00fclmesini engellemek i\u00e7in; t\u00fcm \u00f6\u011frencilerin laik ve bilimsel e\u011fitime eri\u015fim hakk\u0131n\u0131 tesis edebilmek, cemaat\/tarikat yurtlar\u0131nda ba\u015fka Enes Kara&#8217;lar\u0131n canlar\u0131na k\u0131ymamas\u0131 i\u00e7in; sa\u011fl\u0131k hizmetlerinden herkesin e\u015fit, ayr\u0131ms\u0131z ve \u00fccretsiz yararlanabilece\u011fi bir T\u00fcrkiye i\u00e7in; ba\u015fka Soma&#8217;lar, ba\u015fka Ermenek&#8217;ler, ba\u015fka Amasra&#8217;lar, ba\u015fka Hendek&#8217;ler, ba\u015fka \u00c7orlu&#8217;lar, ba\u015fka Afyon&#8217;lar ya\u015fanmamas\u0131 i\u00e7in; parti i\u00e7i iktidar\u0131 kazanmak i\u00e7in de\u011fil, partimizi iktidar yapabilmek i\u00e7in Cumhuriyet Halk Partisi Genel Ba\u015fkanl\u0131\u011f\u0131na aday\u0131m&#8221; \u015feklinde konu\u015ftu.<\/span><br \/>\n<span style=\"font-family: arial, helvetica, sans-serif;\">Genel ba\u015fkan adayl\u0131\u011f\u0131n\u0131 a\u00e7\u0131klad\u0131ktan sonra bas\u0131n mensuplar\u0131n\u0131n sorular\u0131n\u0131 yan\u0131tlayan\u00a0\u00d6zel, resmi kurultay karar\u0131 a\u00e7\u0131klanana kadar g\u00f6revinden ayr\u0131lmayaca\u011f\u0131n\u0131 ancak resmi kurultay karar\u0131 al\u0131nd\u0131\u011f\u0131 zaman bu karar\u0131 yeniden g\u00f6zden ge\u00e7irece\u011fini s\u00f6yledi.<\/span><br \/>\n<span style=\"font-family: arial, helvetica, sans-serif;\">Kurultay\u0131n h\u0131zl\u0131 bir \u015fekilde yap\u0131lmas\u0131 gerekti\u011fini s\u00f6yleyen\u00a0\u00d6zel, genel ba\u015fkan olamamas\u0131 durumunda CHP\u2019den ayr\u0131lmayaca\u011f\u0131n\u0131, partinin bir neferi olarak \u00e7al\u0131\u015fmaya devam edece\u011fini ve CHP\u2019nin baba oca\u011f\u0131 oldu\u011funu ifade etti.<\/span><br \/>\n<span style=\"font-family: arial, helvetica, sans-serif;\">Se\u00e7ilmesi halinde Ankara B\u00fcy\u00fck\u015fehir Belediye Ba\u015fkan\u0131 Mansur Yava\u015f\u2019\u0131n ve \u0130stanbul B\u00fcy\u00fck\u015fehir Belediye Ba\u015fkan\u0131 Ekrem \u0130mamo\u011flu\u2019nun adayl\u0131\u011f\u0131n\u0131 destekleyip desteklemeyece\u011finin sorulmas\u0131na cevap veren\u00a0\u00d6zel, iki belediye ba\u015fkan\u0131n\u0131n da vatanda\u015flar taraf\u0131ndan memnuniyetle kar\u015f\u0131land\u0131\u011f\u0131n\u0131 ancak kesin karar\u0131n Parti Meclisi taraf\u0131ndan verilece\u011fini a\u00e7\u0131klad\u0131.<\/span><\/p>\n<p><strong><span style=\"font-family: arial, helvetica, sans-serif;\">\u201cGenel kay\u0131t yerine sadece \u2018TSK bu k\u00f6yl\u00fcleri atmad\u0131 m\u0131 karde\u015fim\u2019 k\u0131sm\u0131 verilmi\u015f ve b\u00fcy\u00fck bir lin\u00e7 kampanyas\u0131 ba\u015flam\u0131\u015ft\u0131r\u201d<\/span><\/strong><br \/>\n<span style=\"font-family: arial, helvetica, sans-serif;\">Sezgin Tanr\u0131kulu\u2019nun T\u00fcrk Silahl\u0131 Kuvvetlerine y\u00f6nelik s\u00f6zlerinin sorulmas\u0131 \u00fczerine konu\u015fan\u00a0\u00d6zel, \u201cSezgin Tanr\u0131kulu kendisine bir canl\u0131 yay\u0131nda &#8216;ter\u00f6rist&#8217; diyen ve &#8216;Atat\u00fcrk\u2019e hakaret ettin&#8217; diyenlere cevap vermek \u00fczere ba\u011flan\u0131r. Canl\u0131 yay\u0131n s\u0131ras\u0131nda kendisine T\u00fcrk Silahl\u0131 Kuvvetleri ile ilgili bir soru y\u00f6nlendirilir. O konuda TSK\u2019ya ili\u015fkin verdi\u011fi soru \u00f6nergesine verdi\u011fi cevap o k\u0131sm\u0131yla al\u0131n\u0131r ve bir lin\u00e7 kampanyas\u0131 ba\u015flar. Oysa kendisinin bahsetti\u011fi Avrupa \u0130nsan Haklar\u0131 Mahkemesi karar\u0131 1980\u2019lerin, hepimizin utan\u00e7 duydu\u011fu ve K\u00fcrt sorununu kronikle\u015ftiren, en derin hale getiren o utan\u00e7 d\u00f6neminde baz\u0131 TSK mensuplar\u0131n\u0131n, utan\u00e7 duyulacak baz\u0131 mensuplar\u0131n helikopterden att\u0131klar\u0131 k\u00f6yl\u00fclere ili\u015fkin bir karard\u0131r. Sezgin Bey, \u2018b\u00f6yle \u015feyler ge\u00e7mi\u015fte olmu\u015ftur, TSK\u2019dan \u015faibeyi kald\u0131rmak i\u00e7in bu sorular sorulmak durumundad\u0131r\u2019 demi\u015ftir. Ama genel kay\u0131t yerine sadece \u2018TSK bu k\u00f6yl\u00fcleri atmad\u0131 m\u0131 karde\u015fim\u2019 k\u0131sm\u0131 verilmi\u015f ve b\u00fcy\u00fck bir lin\u00e7 kampanyas\u0131 ba\u015flam\u0131\u015ft\u0131r\u201d ifadelerini kulland\u0131.<\/span><\/p>\n","protected":false},"excerpt":{"rendered":"<p>Cumhuriyet Halk Partisi (CHP) Genel Ba\u015fkan\u0131 aday\u0131 oldu\u011funu a\u00e7\u0131klayan\u00a0\u00d6zg\u00fcr\u00a0\u00d6zel, \u201cParti i\u00e7i iktidar\u0131 kazanmak i\u00e7in de\u011fil, partimizi iktidar yapabilmek i\u00e7in Cumhuriyet<\/p>\n","protected":false},"author":3,"featured_media":15274,"comment_status":"open","ping_status":"open","sticky":false,"template":"","format":"standard","meta":{"colormag_page_container_layout":"default_layout","colormag_page_sidebar_layout":"default_layout","footnotes":""},"categories":[1,5,8],"tags":[],"class_list":["post-15272","post","type-post","status-publish","format-standard","has-post-thumbnail","hentry","category-genel","category-gundem","category-siyaset"],"_links":{"self":[{"href":"https:\/\/marmarayerelhizmet.com\/index.php\/wp-json\/wp\/v2\/posts\/15272","targetHints":{"allow":["GET"]}}],"collection":[{"href":"https:\/\/marmarayerelhizmet.com\/index.php\/wp-json\/wp\/v2\/posts"}],"about":[{"href":"https:\/\/marmarayerelhizmet.com\/index.php\/wp-json\/wp\/v2\/types\/post"}],"author":[{"embeddable":true,"href":"https:\/\/marmarayerelhizmet.com\/index.php\/wp-json\/wp\/v2\/users\/3"}],"replies":[{"embeddable":true,"href":"https:\/\/marmarayerelhizmet.com\/index.php\/wp-json\/wp\/v2\/comments?post=15272"}],"version-history":[{"count":0,"href":"https:\/\/marmarayerelhizmet.com\/index.php\/wp-json\/wp\/v2\/posts\/15272\/revisions"}],"wp:featuredmedia":[{"embeddable":true,"href":"https:\/\/marmarayerelhizmet.com\/index.php\/wp-json\/wp\/v2\/media\/15274"}],"wp:attachment":[{"href":"https:\/\/marmarayerelhizmet.com\/index.php\/wp-json\/wp\/v2\/media?parent=15272"}],"wp:term":[{"taxonomy":"category","embeddable":true,"href":"https:\/\/marmarayerelhizmet.com\/index.php\/wp-json\/wp\/v2\/categories?post=15272"},{"taxonomy":"post_tag","embeddable":true,"href":"https:\/\/marmarayerelhizmet.com\/index.php\/wp-json\/wp\/v2\/tags?post=15272"}],"curies":[{"name":"wp","href":"https:\/\/api.w.org\/{rel}","templated":true}]}}