{"id":15260,"date":"2023-09-15T13:32:34","date_gmt":"2023-09-15T10:32:34","guid":{"rendered":"https:\/\/marmarayerelhizmet.com\/?p=15260"},"modified":"2023-09-15T13:32:34","modified_gmt":"2023-09-15T10:32:34","slug":"cekmekoyde-orman-yangini","status":"publish","type":"post","link":"https:\/\/marmarayerelhizmet.com\/index.php\/2023\/09\/15\/cekmekoyde-orman-yangini\/","title":{"rendered":"\u00c7ekmek\u00f6y&#8217;de Orman Yang\u0131n\u0131"},"content":{"rendered":"<p><strong><span style=\"font-family: arial, helvetica, sans-serif; font-size: 14px;\">\u00c7ekmek\u00f6y&#8217;de ormanl\u0131k alanda bilinmeyen bir nedenle yang\u0131n \u00e7\u0131kt\u0131. Yang\u0131n k\u0131sa s\u00fcrede kontrol alt\u0131na al\u0131nd\u0131.<br \/>\n<\/span><\/strong><br \/>\n<span style=\"font-family: arial, helvetica, sans-serif; font-size: 14px;\">Yang\u0131n, saat 23.50 s\u0131ralar\u0131nda \u0130stanbul \u00c7ekmek\u00f6y, Ni\u015fantepe ormanl\u0131k alanda meydana geldi. Hen\u00fcz belirlenemeyen bir nedenle ormanl\u0131k alanda yang\u0131n \u00e7\u0131kt\u0131. \u00c7am a\u011fa\u00e7lar\u0131n\u0131n yo\u011fun \u015fekilde oldu\u011fu ormanl\u0131k alanda alevler giderek b\u00fcy\u00fcd\u00fc. Yang\u0131n\u0131n giderek b\u00fcy\u00fcd\u00fc\u011f\u00fcn\u00fc g\u00f6ren \u00e7evredeki vatanda\u015flar itfaiye ekiplerine haber verdi. Durumun bildirilmesi \u00fczerine olay yerine \u00e7ok say\u0131da itfaiye ekibi, Orman B\u00f6lge M\u00fcd\u00fcrl\u00fc\u011f\u00fc ekipleri ve polis sevk edildi. Olay yerine gelen itfaiye ekipleri taraf\u0131ndan ilk m\u00fcdahale yap\u0131ld\u0131 ve k\u0131sa s\u00fcrede yang\u0131n kontrol alt\u0131na al\u0131nd\u0131. \u0130tfaiye ekiplerinin ilk belirlemelerine g\u00f6re yakla\u015f\u0131k 1 d\u00f6n\u00fcm alan\u0131n yand\u0131\u011f\u0131 belirlendi. \u0130tfaiye ekiplerinin so\u011futma \u00e7al\u0131\u015fmalar\u0131 devam ederken, polis ekipleri olayla ilgili inceleme ba\u015flatt\u0131.<\/span><\/p>\n","protected":false},"excerpt":{"rendered":"<p>\u00c7ekmek\u00f6y&#8217;de ormanl\u0131k alanda bilinmeyen bir nedenle yang\u0131n \u00e7\u0131kt\u0131. Yang\u0131n k\u0131sa s\u00fcrede kontrol alt\u0131na al\u0131nd\u0131. Yang\u0131n, saat 23.50 s\u0131ralar\u0131nda \u0130stanbul \u00c7ekmek\u00f6y,<\/p>\n","protected":false},"author":3,"featured_media":15262,"comment_status":"open","ping_status":"open","sticky":false,"template":"","format":"standard","meta":{"colormag_page_container_layout":"default_layout","colormag_page_sidebar_layout":"default_layout","footnotes":""},"categories":[1,5],"tags":[],"class_list":["post-15260","post","type-post","status-publish","format-standard","has-post-thumbnail","hentry","category-genel","category-gundem"],"_links":{"self":[{"href":"https:\/\/marmarayerelhizmet.com\/index.php\/wp-json\/wp\/v2\/posts\/15260","targetHints":{"allow":["GET"]}}],"collection":[{"href":"https:\/\/marmarayerelhizmet.com\/index.php\/wp-json\/wp\/v2\/posts"}],"about":[{"href":"https:\/\/marmarayerelhizmet.com\/index.php\/wp-json\/wp\/v2\/types\/post"}],"author":[{"embeddable":true,"href":"https:\/\/marmarayerelhizmet.com\/index.php\/wp-json\/wp\/v2\/users\/3"}],"replies":[{"embeddable":true,"href":"https:\/\/marmarayerelhizmet.com\/index.php\/wp-json\/wp\/v2\/comments?post=15260"}],"version-history":[{"count":0,"href":"https:\/\/marmarayerelhizmet.com\/index.php\/wp-json\/wp\/v2\/posts\/15260\/revisions"}],"wp:featuredmedia":[{"embeddable":true,"href":"https:\/\/marmarayerelhizmet.com\/index.php\/wp-json\/wp\/v2\/media\/15262"}],"wp:attachment":[{"href":"https:\/\/marmarayerelhizmet.com\/index.php\/wp-json\/wp\/v2\/media?parent=15260"}],"wp:term":[{"taxonomy":"category","embeddable":true,"href":"https:\/\/marmarayerelhizmet.com\/index.php\/wp-json\/wp\/v2\/categories?post=15260"},{"taxonomy":"post_tag","embeddable":true,"href":"https:\/\/marmarayerelhizmet.com\/index.php\/wp-json\/wp\/v2\/tags?post=15260"}],"curies":[{"name":"wp","href":"https:\/\/api.w.org\/{rel}","templated":true}]}}