{"id":15247,"date":"2023-09-14T23:23:48","date_gmt":"2023-09-14T20:23:48","guid":{"rendered":"https:\/\/marmarayerelhizmet.com\/?p=15247"},"modified":"2023-09-14T23:23:48","modified_gmt":"2023-09-14T20:23:48","slug":"nasadan-ufo-raporu","status":"publish","type":"post","link":"https:\/\/marmarayerelhizmet.com\/index.php\/2023\/09\/14\/nasadan-ufo-raporu\/","title":{"rendered":"NASA\u2019dan UFO Raporu"},"content":{"rendered":"<p><strong><span style=\"font-family: arial, helvetica, sans-serif; font-size: 14px;\">ABD Havac\u0131l\u0131k ve Uzay Ajans\u0131 (NASA), Tan\u0131mlanamayan U\u00e7an Nesneye (UFO) dair yeni bir rapor a\u00e7\u0131klad\u0131. NASA Ba\u015fkan\u0131 Bill Nelson yapt\u0131\u011f\u0131 a\u00e7\u0131klamada, \u201cEvrende ba\u015fka bir ya\u015fam formu oldu\u011funa inan\u0131yor muyum diye bana sorarsan\u0131z, ki\u015fisel cevab\u0131m evet\u201d dedi.<\/span><\/strong><\/p>\n<p><span style=\"font-family: arial, helvetica, sans-serif; font-size: 14px;\">ABD Havac\u0131l\u0131k ve Uzay Ajans\u0131 (NASA), ABD\u2019nin ba\u015fkenti Washington DC\u2019de d\u00fczenledi\u011fi panel ile daha \u00f6nce Tan\u0131mlanamayan U\u00e7an Nesne (UFO) olarak bilinen Tan\u0131mlanamayan Hava Fenomeni\u2019ne (UAP) dair yeni bir rapor a\u00e7\u0131klad\u0131. Panelde, NASA Ba\u015fkan\u0131 Bill Nelson, NASA Bilim Direkt\u00f6r\u00fc Nicola Fox, NASA Bilim Departman\u0131 Ara\u015ft\u0131rmalar\u0131 Y\u00f6netici Yard\u0131mc\u0131s\u0131 Dan Evans, Simons Vakf\u0131 Kurucusu ve UAP&#8217;leri inceleyen NASA ekibinin ba\u015fkan\u0131 David Spergel yer ald\u0131.<\/span><br \/>\n<span style=\"font-family: arial, helvetica, sans-serif; font-size: 14px;\">Raporda, NASA\u2019n\u0131n uzay ke\u015fifleriyle ilgili tamamen \u015feffaf oldu\u011fu ve yaln\u0131zca bilimsel verilere dayanan bilgilere payla\u015faca\u011f\u0131 belirtilirken, \u015fu ana kadar bilimsel olarak a\u00e7\u0131klanabilmi\u015f herhangi \u201cgizemli bir g\u00f6k cismi\u201d olmad\u0131\u011f\u0131 a\u00e7\u0131kland\u0131. Nelson yapt\u0131\u011f\u0131 a\u00e7\u0131l\u0131\u015f konu\u015fmas\u0131nda, &#8220;Ge\u00e7mi\u015fte ve g\u00fcn\u00fcm\u00fczde ya\u015fam belirtileri ar\u0131yoruz. Ve her \u015feyin ne \u015fekilde var oldu\u011funu ara\u015ft\u0131rmak ve sormak DNA&#8217;m\u0131zda var&#8221; dedi. Nelson panelde yapt\u0131\u011f\u0131 ayr\u0131 bir a\u00e7\u0131klamada ise, \u2018\u2019Hen\u00fcz ne kadar b\u00fcy\u00fck oldu\u011funu bile kavrayamad\u0131\u011f\u0131m\u0131z evrende ba\u015fka bir ya\u015fam formu oldu\u011funa inan\u0131yor muyum diye bana sorarsan\u0131z, ki\u015fisel cevab\u0131m \u2018evet\u2019 olacakt\u0131r. Ancak bilim adamlar\u0131m\u0131zla bunun matematiksel ihtimalini konu\u015ftu\u011fumuzda, milyarlarca y\u0131l galaksi ve milyarlarca y\u0131ld\u0131z hesaplar\u0131 aras\u0131nda kayboluyoruz&#8221; ifadelerinde bulundu.<\/span><\/p>\n<p><strong><span style=\"font-family: arial, helvetica, sans-serif; font-size: 14px;\">\u201cBug\u00fcn burada varsay\u0131mlar\u0131 ve komplolar\u0131, bilimden ay\u0131rmak i\u00e7in buraday\u0131z\u201d<\/span><\/strong><br \/>\n<span style=\"font-family: arial, helvetica, sans-serif; font-size: 14px;\">Bir bas\u0131n mensubunun ge\u00e7ti\u011fimiz g\u00fcnlerde Meksika h\u00fck\u00fcmetinin yay\u0131nlad\u0131\u011f\u0131 ve bir uzayl\u0131ya ait oldu\u011fu iddia edilen mumya g\u00f6r\u00fcnt\u00fcleriyle alakal\u0131 sordu\u011fu soruya cevap veren Nelson, \u201cBug\u00fcn burada varsay\u0131mlar\u0131 ve komplolar\u0131, bilimden ay\u0131rmak i\u00e7in buraday\u0131z ve bunu bilimsel verilerle yapabiliriz. S\u00f6z konusu videoyu ben de sizler gibi sosyal medyadan izledim ve elimizde g\u00f6r\u00fcnt\u00fcler d\u0131\u015f\u0131nda herhangi bir veri yok&#8221; dedi.<\/span><\/p>\n<p><strong><span style=\"font-family: arial, helvetica, sans-serif; font-size: 14px;\">NASA UAP Ara\u015ft\u0131rma Direkt\u00f6r\u00fc i\u015fe alacak<\/span><\/strong><br \/>\n<span style=\"font-family: arial, helvetica, sans-serif; font-size: 14px;\">Nelson ayr\u0131ca, NASA&#8217;n\u0131n, uzay ajans\u0131n\u0131n konuyla ilgili \u00e7al\u0131\u015fmalar\u0131n\u0131 denetleyecek ve UAP&#8217;ler konusunda federal kurumlar aras\u0131nda bir ileti\u015fim arac\u0131 olarak hizmet verecek bir UAP Ara\u015ft\u0131rma Direkt\u00f6r\u00fc i\u015fe alaca\u011f\u0131n\u0131 duyurdu.<\/span><\/p>\n<p><strong><span style=\"font-family: arial, helvetica, sans-serif; font-size: 14px;\">\u201cGezegenimizin en b\u00fcy\u00fck gizemlerinden biri\u201d<\/span><\/strong><br \/>\n<span style=\"font-family: arial, helvetica, sans-serif; font-size: 14px;\">Fox ise yapt\u0131\u011f\u0131 a\u00e7\u0131klamada, UAP ara\u015ft\u0131rmalar\u0131n\u0131 \u201cgezegenimizin en b\u00fcy\u00fck gizemlerinden biri\u201d olarak tan\u0131mlarken, bu zamana kadar ki yap\u0131lan ara\u015ft\u0131rmalardaki temel sorunun \u201cveri yetersizli\u011fi\u201d oldu\u011funu ifade etti.<\/span><\/p>\n<p><strong><span style=\"font-family: arial, helvetica, sans-serif; font-size: 14px;\">NASA\u2019dan yapay zeka hamlesi<\/span><\/strong><br \/>\n<span style=\"font-family: arial, helvetica, sans-serif; font-size: 14px;\">Yeni ara\u015ft\u0131rma teknolojilerinin g\u00fcndemde oldu\u011funu belirten Fox, yak\u0131n gelecekte NASA\u2019n\u0131n uzayda bulunan ve D\u00fcnya \u00fczerinde ara\u015ft\u0131rma yapan g\u00f6zlem ara\u00e7lar\u0131na UAP g\u00f6zlem ama\u00e7l\u0131 sens\u00f6r yerle\u015ftirilmesi \u00fczerinde \u00e7al\u0131\u015fma yap\u0131ld\u0131\u011f\u0131n\u0131 belirtti. Fox ayr\u0131ca, NASA\u2019n\u0131n uzay ve UAP \u00e7al\u0131\u015fmalar\u0131 \u00fczerinde \u201cyapay zekadan\u201d en verimli \u015fekilde yararlanmaya \u00e7al\u0131\u015ft\u0131\u011f\u0131n\u0131 ifade etti.<\/span><\/p>\n","protected":false},"excerpt":{"rendered":"<p>ABD Havac\u0131l\u0131k ve Uzay Ajans\u0131 (NASA), Tan\u0131mlanamayan U\u00e7an Nesneye (UFO) dair yeni bir rapor a\u00e7\u0131klad\u0131. NASA Ba\u015fkan\u0131 Bill Nelson yapt\u0131\u011f\u0131<\/p>\n","protected":false},"author":3,"featured_media":15249,"comment_status":"open","ping_status":"open","sticky":false,"template":"","format":"standard","meta":{"colormag_page_container_layout":"default_layout","colormag_page_sidebar_layout":"default_layout","footnotes":""},"categories":[1,5],"tags":[],"class_list":["post-15247","post","type-post","status-publish","format-standard","has-post-thumbnail","hentry","category-genel","category-gundem"],"_links":{"self":[{"href":"https:\/\/marmarayerelhizmet.com\/index.php\/wp-json\/wp\/v2\/posts\/15247","targetHints":{"allow":["GET"]}}],"collection":[{"href":"https:\/\/marmarayerelhizmet.com\/index.php\/wp-json\/wp\/v2\/posts"}],"about":[{"href":"https:\/\/marmarayerelhizmet.com\/index.php\/wp-json\/wp\/v2\/types\/post"}],"author":[{"embeddable":true,"href":"https:\/\/marmarayerelhizmet.com\/index.php\/wp-json\/wp\/v2\/users\/3"}],"replies":[{"embeddable":true,"href":"https:\/\/marmarayerelhizmet.com\/index.php\/wp-json\/wp\/v2\/comments?post=15247"}],"version-history":[{"count":0,"href":"https:\/\/marmarayerelhizmet.com\/index.php\/wp-json\/wp\/v2\/posts\/15247\/revisions"}],"wp:featuredmedia":[{"embeddable":true,"href":"https:\/\/marmarayerelhizmet.com\/index.php\/wp-json\/wp\/v2\/media\/15249"}],"wp:attachment":[{"href":"https:\/\/marmarayerelhizmet.com\/index.php\/wp-json\/wp\/v2\/media?parent=15247"}],"wp:term":[{"taxonomy":"category","embeddable":true,"href":"https:\/\/marmarayerelhizmet.com\/index.php\/wp-json\/wp\/v2\/categories?post=15247"},{"taxonomy":"post_tag","embeddable":true,"href":"https:\/\/marmarayerelhizmet.com\/index.php\/wp-json\/wp\/v2\/tags?post=15247"}],"curies":[{"name":"wp","href":"https:\/\/api.w.org\/{rel}","templated":true}]}}