{"id":15243,"date":"2023-09-14T23:18:25","date_gmt":"2023-09-14T20:18:25","guid":{"rendered":"https:\/\/marmarayerelhizmet.com\/?p=15243"},"modified":"2023-09-14T23:18:25","modified_gmt":"2023-09-14T20:18:25","slug":"erdogan-genclerle-bulustu","status":"publish","type":"post","link":"https:\/\/marmarayerelhizmet.com\/index.php\/2023\/09\/14\/erdogan-genclerle-bulustu\/","title":{"rendered":"Erdo\u011fan, Gen\u00e7lerle Bulu\u015ftu"},"content":{"rendered":"<p><strong><span style=\"font-family: arial, helvetica, sans-serif; font-size: 14px;\">Cumhurba\u015fkan\u0131 Recep Tayyip Erdo\u011fan,\u201d T\u00fcrkiye&#8217;de her kesim gibi gen\u00e7lerin de ezici \u00e7o\u011funlukla bir numaral\u0131 partisi biziz. Sadece bize oy veren de\u011fil tercihini di\u011fer partilerden yana kullanan gen\u00e7lerimize de iradelerine sahip \u00e7\u0131kt\u0131klar\u0131, \u00fclkelerinin gelece\u011fi i\u00e7in harekete ge\u00e7tikleri i\u00e7in te\u015fekk\u00fcr ediyoruz&#8221; dedi.<br \/>\n<\/span><\/strong><br \/>\n<span style=\"font-family: arial, helvetica, sans-serif; font-size: 14px;\">Cumhurba\u015fkan\u0131 Erdo\u011fan, Cumhurba\u015fkanl\u0131\u011f\u0131 K\u00fclliyesi\u2019nde ger\u00e7ekle\u015ftirilen \u201cGen\u00e7lik Bulu\u015fmas\u0131\u201d program\u0131nda konu\u015ftu. Erdo\u011fan, gen\u00e7li\u011fi maziden, Fatih&#8217;e kurulan k\u00f6pr\u00fcn\u00fcn kilit ta\u015f\u0131 olarak g\u00f6rd\u00fcklerini belirtti. Te\u015fkilat yayg\u0131nl\u0131\u011f\u0131 ve \u00fcye say\u0131s\u0131yla sadece T\u00fcrkiye\u2019nin de\u011fil, d\u00fcnyan\u0131n en g\u00fc\u00e7l\u00fc te\u015fkilat\u0131na mensup olduklar\u0131n\u0131 vurgulayan Cumhurba\u015fkan\u0131 Erdo\u011fan, \u201cBurada T\u00fcrkiye&#8217;nin her ilinde her il\u00e7esinde her \u00fcniversite temsilcili\u011fi olan bir gen\u00e7lik hareketinden s\u00f6z ediyoruz. Bir ba\u015fka ifadeyle sizler te\u015fkilatlanma yayg\u0131nl\u0131\u011f\u0131 ve \u00fcye say\u0131s\u0131yla sadece \u00fclkemizin de\u011fil d\u00fcnyan\u0131n en g\u00fc\u00e7l\u00fc gen\u00e7lik te\u015fkilat\u0131n\u0131n mensuplar\u0131s\u0131n\u0131z. Rabb&#8217;ime bana sizler gibi yol arkada\u015flar\u0131, dava arkada\u015flar\u0131, m\u00fccadele arkada\u015flar\u0131 verdi\u011fi i\u00e7in hamd ediyorum. Sizin gen\u00e7li\u011finizin enerjisi \u00fcretkenli\u011fi ve co\u015fkusu, siyasi hayat\u0131m\u0131z\u0131n her d\u00f6neminde oldu\u011fu gibi bug\u00fcn de bizim en b\u00fcy\u00fck motivasyon kayna\u011f\u0131d\u0131r. Bunun i\u00e7in Ankara ve \u0130stanbul&#8217;un yan\u0131 s\u0131ra ziyaret etti\u011fimiz t\u00fcm illerimizde hatta yurt d\u0131\u015f\u0131 seyahatlerimizde gen\u00e7lerimizle bir araya gelmeye \u00f6zel \u00f6nem veriyorum\u201d diye konu\u015ftu.<\/span><\/p>\n<p><strong><span style=\"font-family: arial, helvetica, sans-serif; font-size: 14px;\">&#8220;Gen\u00e7leri her zaman emaneti teslim edece\u011fimiz yol arkada\u015flar\u0131m\u0131z olarak g\u00f6rd\u00fck&#8221;<\/span><\/strong><br \/>\n<span style=\"font-family: arial, helvetica, sans-serif; font-size: 14px;\">Gen\u00e7lere arka bah\u00e7eleri olarak bakmad\u0131klar\u0131n\u0131 ifade eden Cumhurba\u015fkan\u0131 Erdo\u011fan, &#8220;Tam tersine biz gen\u00e7leri her zaman emaneti teslim edece\u011fimiz yol arkada\u015flar\u0131m\u0131z olarak g\u00f6rd\u00fck. Biz ku\u015faklar aras\u0131ndaki anlay\u0131\u015f farkl\u0131l\u0131klar\u0131n\u0131 tehdit olarak kabul etmedik. Tam tersine zenginlik vesilesine d\u00f6n\u00fc\u015ft\u00fcrmeye \u00e7al\u0131\u015ft\u0131k. B\u00f6ylece k\u00fclt\u00fcr\u00fcm\u00fcze yabanc\u0131 kavramlarla gen\u00e7lerimizi ku\u015fatmay\u0131 ve k\u00fcresel bir batakl\u0131\u011f\u0131n i\u00e7ine \u00e7ekmeyi planlayanlar\u0131n oyunlar\u0131n\u0131 bozduk. Nice farkl\u0131 yer ve platformda gen\u00e7lerimizle y\u00fczlerce kez bir araya gelip saatlerce kar\u015f\u0131l\u0131kl\u0131 sohbet etti\u011fimiz \u015fiir ve \u015fark\u0131 s\u00f6yledi\u011fimiz, dertle\u015fti\u011fimiz programlar\u0131n hi\u00e7birinde kendimizi o ortamda yabanc\u0131 hissetmedik. Hatta biz bir, bu\u00e7uk saat diye planlanan programlardan 3 saatte zor ayr\u0131labildi\u011fimizi hat\u0131rl\u0131yoruz. Bizi orada tutan mecburiyet de\u011fildir. Gen\u00e7lerimizle olan muhabbetimizin koyulu\u011fu, i\u00e7tenli\u011fi, hasbili\u011fiydi. Milletimizin her bir ferdi gibi gen\u00e7lerimize tepeden bakarak fa\u015fist dayatmalar\u0131yla onlar\u0131 y\u00f6nlendirebileceklerini sanan siyaset\u00e7ilere genel ba\u015fkanlara, adaylara \u015fahit oldum. Biz gen\u00e7lerimize kar\u015f\u0131 hi\u00e7bir zaman b\u00f6yle bir yakla\u015f\u0131m sergilemektir. Hi\u00e7bir zaman gen\u00e7lerimize t\u0131p\u0131\u015f t\u0131p\u0131\u015f gidip \u015funu yapacaks\u0131n\u0131z b\u00f6yle davranacaks\u0131n\u0131z demedik. \u0130\u00e7inde debelendi\u011fi dipsiz karanl\u0131\u011fa gen\u00e7leri de \u00e7ekmeye \u00e7al\u0131\u015fan Kifayetsiz, muhterisler gibi de olmad\u0131k\u201d \u015feklinde konu\u015ftu.<\/span><\/p>\n<p><strong><span style=\"font-family: arial, helvetica, sans-serif; font-size: 14px;\">&#8220;Hep s\u00f6yledi\u011fim gibi biz art\u0131k sizin zaman\u0131n\u0131z\u0131n misafirleriyiz&#8221;<\/span><\/strong><br \/>\n<span style=\"font-family: arial, helvetica, sans-serif; font-size: 14px;\">&#8220;Hayat\u0131n her alan\u0131nda gen\u00e7lerimize alan a\u00e7man\u0131n destek olman\u0131n, onlar\u0131n dinamizmini ve heyecan\u0131n\u0131 \u00fclkenin ve milletin hayr\u0131na y\u00f6nlendirmenin gayreti i\u00e7inde olduk&#8221; diyen Cumhurba\u015fkan\u0131 Erdo\u011fan s\u00f6zlerini \u015fu \u015fekilde s\u00fcrd\u00fcrd\u00fc:<\/span><br \/>\n<span style=\"font-family: arial, helvetica, sans-serif; font-size: 14px;\">\u201cBunun i\u00e7in e\u011fitimi \u00f6nceliklerimizin en ba\u015f\u0131na ald\u0131k. Bunun i\u00e7in istihdamdan spora, teknolojiden giri\u015fimcili\u011fe her alanda gen\u00e7lerimiz i\u00e7in g\u00fc\u00e7l\u00fc bir altyap\u0131 kurduk. Bunun i\u00e7in partimizin tabelas\u0131n\u0131 ast\u0131\u011f\u0131m\u0131z g\u00fcnden beri gen\u00e7lik kol yeti\u015fen kadrolar\u0131m\u0131za te\u015fkilat y\u00f6netiminden, milletvekilli\u011fine ve belediye ba\u015fkanl\u0131\u011f\u0131na kadar siyasetteki t\u00fcm kariyer kap\u0131lar\u0131n\u0131 sonuna kadar a\u00e7t\u0131k. Partimizin genel merkezindeki ve cumhurba\u015fkanl\u0131\u011f\u0131ndaki \u00e7al\u0131\u015fma ekibimizin \u00e7o\u011fu ya gen\u00e7lik y\u0131llar\u0131ndan beri bizimle birlikte ya da son y\u0131llarda gen\u00e7 ya\u015fta aram\u0131za kat\u0131lm\u0131\u015f arkada\u015flar\u0131m\u0131zdan olu\u015fuyor. Partimizin gen\u00e7lik kollar\u0131nda yeti\u015fen evlatlar\u0131m\u0131z\u0131n hayat\u0131n her alan\u0131nda g\u00f6sterdikleri ba\u015far\u0131larla hep gurur duyduk. Yar\u0131n sizlerin aras\u0131ndan da siyasetteki i\u015f ve \u00e7al\u0131\u015fma hayat\u0131ndaki akademideki, spordaki, sanattaki ba\u015far\u0131lar\u0131yla gurur duyaca\u011f\u0131m\u0131z nice evlatlar\u0131m\u0131z \u00e7\u0131kacak. Hep s\u00f6yledi\u011fim gibi biz art\u0131k sizin zaman\u0131n\u0131z\u0131n misafirleriyiz. Vakti geldi\u011finde siyasette de y\u00f6netimde de \u00fclkeye ve millete hizmet etme sorumlulu\u011funu t\u00fcm\u00fcyle sizlere b\u0131rak\u0131p kendi k\u00f6\u015femize \u00e7ekilecek torunlar\u0131m\u0131z\u0131 sevece\u011fiz. Sizlerden istedi\u011fim kendinizi siyaset dahil, i\u015f hayat\u0131 dahil, spor ve k\u00fclt\u00fcr dahil, her alanda, en iyi \u015fekilde yeti\u015ftirerek bu kutlu emaneti teslim al\u0131p daha ileriye ta\u015f\u0131yacak yetkinli\u011fe eri\u015fmenizdir. Halihaz\u0131rda \u00fcstlendi\u011finiz sorumluluklar, bunun i\u00e7in \u00e7ok iyi birer f\u0131rsatt\u0131r. Gerisi, sizin s\u0131rat\u0131 m\u00fcstakim\u2019den ayr\u0131lmadan \u00e7al\u0131\u015fman\u0131za, azminize, gayretinize, m\u00fccadelenize ba\u011fl\u0131d\u0131r. \u201c<\/span><\/p>\n<p><strong><span style=\"font-family: arial, helvetica, sans-serif; font-size: 14px;\">&#8220;\u00dclkemizin, vatan\u0131m\u0131z\u0131n, mensubu oldu\u011fumuz milletin k\u0131ymetini \u00e7ok iyi bilmeliyiz&#8221;<\/span><\/strong><br \/>\n<span style=\"font-family: arial, helvetica, sans-serif; font-size: 14px;\">T\u00fcrkiye\u2019nin son 2 asr\u0131n\u0131n bir kavgayla, kay\u0131pla, aray\u0131\u015fla ve bedel \u00f6demeyle ge\u00e7ti\u011fini s\u00f6yleyen Erdo\u011fan, \u201c\u00dclkemizin, vatan\u0131m\u0131z\u0131n, mensubu oldu\u011fumuz milletin k\u0131ymetini \u00e7ok iyi bilmeliyiz. Bu de\u011ferlerle ba\u011flar\u0131 kalmayan bir fert t\u0131pk\u0131 a\u011fa\u00e7tan kopan bir yaprak gibi esen r\u00fczgar\u0131n \u00f6n\u00fcnde savrulmaya ve nihayetinde yok olup gitmeye mahkumdur. Milletimizi ba\u015fka t\u00fcrl\u00fc alt edemeyece\u011fini g\u00f6renlerin uzunca bir s\u00fcredir de\u011ferlerimize sald\u0131rmas\u0131 bu y\u00fczdendir. Cumhuriyetimizin ilk asr\u0131n\u0131 geride b\u0131rakmaya haz\u0131rland\u0131\u011f\u0131m\u0131z \u015fu d\u00f6nemde bu kirli senaryonun yine sahnelenmeye \u00e7al\u0131\u015f\u0131ld\u0131\u011f\u0131n\u0131 g\u00f6r\u00fcyoruz. A\u00e7\u0131k konu\u015fmak gerekirse T\u00fcrkiye&#8217;nin son iki asr\u0131 bu do\u011frultuda s\u00fcrekli bir kavgayla, kay\u0131pla, aray\u0131\u015fla ve bedel \u00f6demeyle ge\u00e7mi\u015ftir. \u00c7anakkale&#8217;den milli m\u00fccadeleye kadar her cephede vatan\u0131n\u0131 namusunu kurtarmak i\u00e7in can\u0131n\u0131 di\u015fine takarak m\u00fccadele eden milletimiz bedellerin en b\u00fcy\u00fc\u011f\u00fcn\u00fc \u00f6demi\u015ftir. Bir yandan her biri ci\u011ferimizden bir par\u00e7a olan vatan topraklar\u0131n\u0131n bir k\u0131sm\u0131n\u0131n elimizden kay\u0131p gitmesinin di\u011fer yandan i\u015fgal ve zul\u00fcmden ka\u00e7an milyonlar\u0131n Anadolu&#8217;ya y\u0131\u011f\u0131lmas\u0131n\u0131n sanc\u0131lar\u0131n\u0131 ya\u015fad\u0131k. Tabii bug\u00fcn oldu\u011fu gibi o devrin mandac\u0131lar\u0131 da bo\u015f durmuyordu. Kendi aralar\u0131nda \u00fclkeyi emperyalist g\u00fc\u00e7lerden hangisine pe\u015fke\u015f \u00e7ekeceklerinin kavgas\u0131n\u0131 yapan mandac\u0131lara ra\u011fmen milli m\u00fccadele zafere ula\u015fm\u0131\u015ft\u0131r. Cumhuriyet tarihi boyunca da milli m\u00fccadelemizi farkl\u0131 g\u00f6r\u00fcn\u00fcm ve s\u00f6ylemlerle milletimizin birli\u011fine, vatan\u0131m\u0131z\u0131n b\u00fct\u00fcnl\u00fc\u011f\u00fcne, istiklalimizin sembol\u00fc bayra\u011f\u0131m\u0131za, \u015fehadetleri dinin temeli ezan\u0131m\u0131za sald\u0131ran al\u00e7aklara kar\u015f\u0131 hep s\u00fcrd\u00fcrd\u00fck ve s\u00fcrd\u00fcrece\u011fiz\u201d ifadelerini kulland\u0131.<\/span><\/p>\n<p><strong><span style=\"font-family: arial, helvetica, sans-serif; font-size: 14px;\">&#8220;Vesayetin sinsi oyunlar\u0131ndan PKK, FET\u00d6 ve DEA\u015e gibi ter\u00f6r \u00f6rg\u00fctlerinin kanl\u0131 sald\u0131r\u0131lar\u0131na kadar say\u0131s\u0131z oyunu bozduk&#8221;<\/span><\/strong><br \/>\n<span style=\"font-family: arial, helvetica, sans-serif; font-size: 14px;\">Ter\u00f6r \u00f6rg\u00fct\u00fc mensuplar\u0131ndan, ayd\u0131n, akademisyen, gazeteci, siyaset\u00e7i, sivil toplum kurulu\u015fu \u00fcyesi kisvesine b\u00fcr\u00fcnm\u00fc\u015f nice be\u015finci kol elemanlar\u0131n\u0131n tuzaklar\u0131yla bo\u011fu\u015ftuklar\u0131na i\u015faret eden Cumhurba\u015fkan\u0131 Erdo\u011fan, &#8220;Sadece AK Parti&#8217;nin iktidarda oldu\u011fu son 21 y\u0131lda ya\u015fad\u0131klar\u0131m\u0131z bile ba\u015fl\u0131 ba\u015f\u0131na bir milli m\u00fccadele \u00f6rne\u011fidir. Mehmet Akif&#8217;in milli m\u00fccadelenin hen\u00fcz yeni yeni filizlenmeye ba\u015flad\u0131\u011f\u0131 bir d\u00f6nemde yazd\u0131\u011f\u0131 \u015fu m\u0131sralar milletimizin ve devletimizin \u00fczerinde iki as\u0131rd\u0131r oynanan bir oyunu if\u015fa etmektedir. \u2019\u00c2f\u00e2k\u0131na y\u00fcklense de binlerce meh\u00e2lik, Batmazd\u0131, hay\u0131r batmad\u0131, hem batmayacakt\u0131r; Tek sen uluyan yesi gebert, azmi uyand\u0131r: K\u00e2fi ona can vermeye bir nefha-i \u00eeman; Davrans\u0131n \u00fcmid\u00een; bu ne haybet, bu ne h\u0131rm\u00e2n? M\u00e2z\u00eedeki hicranlar\u0131 susturmaya ba\u015fla; Evl\u00e2d\u0131na sa\u011flam bir emel m\u00e2yesi a\u015f\u0131la, Allah\u2019a dayan, saye sar\u0131l, hikmete r\u00e2m ol&#8230; Yol varsa budur, bilmiyorum ba\u015fka \u00e7\u0131kar yol.\u2019 Biz de bu sese kulak vermek suretiyle Allah&#8217;a dayanarak sahaya sar\u0131larak, hikmete ram olarak milletimizle birlikte \u015fanl\u0131 bir m\u00fccadele verdik. Vesayetin sinsi oyunlar\u0131ndan PKK, FET\u00d6 ve DEA\u015e gibi ter\u00f6r \u00f6rg\u00fctlerinin kanl\u0131 sald\u0131r\u0131lar\u0131na kadar say\u0131s\u0131z oyunu bozduk. Son y\u0131llarda ekonomi ve sosyal yap\u0131m\u0131z\u0131 tahrip \u00fczerinden y\u00fcr\u00fct\u00fclen kampanyalar\u0131 da in\u015fallah ayn\u0131 \u015fekilde akamete u\u011frataca\u011f\u0131z\u201d dedi.<\/span><\/p>\n<p><strong><span style=\"font-family: arial, helvetica, sans-serif; font-size: 14px;\">&#8220;Bug\u00fcne kadar \u00fclkemiz \u00fczerinde oynanan nice oyunlar\u0131 bozdu\u011fumuz gibi bu oyunu da bozaca\u011f\u0131z&#8221;<\/span><\/strong><br \/>\n<span style=\"font-family: arial, helvetica, sans-serif; font-size: 14px;\">M\u00fccadele boyunca milletin hi\u00e7 yaln\u0131z b\u0131rakmad\u0131\u011f\u0131n\u0131n alt\u0131n\u0131 \u00e7izen Cumhurba\u015fkan\u0131 Erdo\u011fan, \u201cYeri geldi\u011finde meydanlarda, verdi\u011fi destekle yeri geldi\u011finde sand\u0131\u011fa yans\u0131tt\u0131\u011f\u0131 iradesiyle, yeri geldi\u011finde 15 Temmuz&#8217;da oldu\u011fu gibi g\u00f6vdesiyle bizim yan\u0131m\u0131zda yer ald\u0131. Bizimle birlikte yol y\u00fcr\u00fcd\u00fc hatta bize siper oldu Yar\u0131n sizler de ayn\u0131 yola girdi\u011finizde sadece Allah&#8217;a dayanaca\u011f\u0131n\u0131z\u0131 sadece millete g\u00fcvenece\u011finizi asla unutmay\u0131n. Her ne kadar birileri milletimizin umudunu, \u015fevkini, azmini k\u0131rmaya \u00e7al\u0131\u015fmak i\u00e7in gece g\u00fcnd\u00fcz, yalan, iftira, \u00e7arp\u0131tma \u00e7ark\u0131n\u0131 \u00e7evirmeyi s\u00fcrd\u00fcr\u00fcyor olsa da bu asla sizi yeise s\u00fcr\u00fcklemesin. Rahmetli Cemil Meri\u00e7 her f\u0131rsatta \u00fclkelerine ve onun \u00fczerinde ya\u015fayan insanlara dudak b\u00fckerek kendilerini ayr\u0131 bir s\u0131n\u0131f olarak g\u00f6renleri bak\u0131n nas\u0131l tarif ediyor. \u2018T\u00fcrkiye&#8217;yi ya\u015fanmaz bulanlar T\u00fcrkiye&#8217;yi ya\u015fanmaz k\u0131lanlard\u0131r.\u2019 Milletimizi karamsarl\u0131k batakl\u0131\u011f\u0131na s\u00fcr\u00fckleyerek bu \u00fclkeye b\u00fchtan edenler bizatihi bu tablonun m\u00fcsebbipleridir. Bug\u00fcne kadar \u00fclkemiz \u00fczerinde oynanan nice oyunlar\u0131 bozdu\u011fumuz gibi bu oyunu da bozaca\u011f\u0131z. Milletimizin her bir ferdinin bilhassa da siz gen\u00e7lerimizin dirayeti ve kararl\u0131l\u0131\u011f\u0131yla T\u00fcrkiye&#8217;yi ya\u015fanmaz hale getirmeye niyetlenenlerin foyalar\u0131n\u0131 gen\u00e7 ortaya d\u00f6kece\u011fiz. \u0130nanc\u0131m\u0131z, ezan\u0131m\u0131z, bin y\u0131ll\u0131k vatan\u0131m\u0131z ve onun \u00fczerinde kurdu\u011fumuz son devletimiz, cumhuriyetimiz ba\u015fta olmak \u00fczere sahip oldu\u011fumuz t\u00fcm de\u011ferlere s\u0131k\u0131 s\u0131k\u0131ya sahip \u00e7\u0131kaca\u011f\u0131z. Her zamanki gibi bu konuda da en b\u00fcy\u00fck g\u00fcc\u00fcm\u00fcz milletimizden ald\u0131\u011f\u0131m\u0131z destektir\u201d a\u00e7\u0131klamas\u0131nda bulundu.<\/span><\/p>\n<p><strong><span style=\"font-family: arial, helvetica, sans-serif; font-size: 14px;\">\u201cY\u00fczde 52\u2019lik tart\u0131\u015fmas\u0131z zaferi bile g\u00f6lgelemeye \u00e7al\u0131\u015fma geri durmuyorlar\u201d<\/span><\/strong><br \/>\n<span style=\"font-family: arial, helvetica, sans-serif; font-size: 14px;\">&#8220;Ger\u00e7i y\u00fczde 52\u2019lik tart\u0131\u015fmas\u0131z zaferi bile g\u00f6lgelemeye \u00e7al\u0131\u015fma geri durmuyorlar&#8221; diyen Cumhurba\u015fkan\u0131 Erdo\u011fan konu\u015fmas\u0131na \u015fu \u015fekilde devam etti:<\/span><br \/>\n<span style=\"font-family: arial, helvetica, sans-serif; font-size: 14px;\">\u201cBug\u00fcne kadar girdi\u011fimiz her se\u00e7imde a\u00e7\u0131k ara birinci olmasayd\u0131k inan\u0131n bizi bir ka\u015f\u0131k su bo\u011fmak i\u00e7in sab\u0131rs\u0131zlananlar \u00e7oktu. G\u00fc\u00e7leri yeter miydi? Ayr\u0131 mesele. Ama suratlar\u0131ndan d\u00f6k\u00fclen ve gizlemeye dahi gerek duymad\u0131klar\u0131 kin ve nefret izleri, niyetlerini ele veriyor. Se\u00e7im \u00f6ncesinde sosyal medyas\u0131ndan soka\u011f\u0131na mandac\u0131 zihniyetin ayn\u0131 heveslerine bir kez daha \u015fahit olduk. Hamdolsun ba\u015faramad\u0131lar. Ger\u00e7i y\u00fczde 52\u2019lik tart\u0131\u015fmas\u0131z zaferi bile g\u00f6lgelemeye \u00e7al\u0131\u015fma geri durmuyorlar. Her f\u0131rsatta bize ve Cumhur \u0130ttifak\u0131&#8217;na sald\u0131r\u0131larak kendi i\u00e7lerindeki b\u00fcy\u00fck kavgay\u0131 gizlemeye \u00e7al\u0131\u015f\u0131yorlar. Utanmadan, s\u0131k\u0131lmadan y\u00fczde elli ikilik oran\u0131 bile \u2018y\u00fczde 52 ile kazanmak kazanmak de\u011fildir\u2019. Bunu s\u00f6yleyecek kadar da bunlar ars\u0131z. Bu \u00e7aps\u0131zlar\u0131n sadece varl\u0131klar\u0131n\u0131n de\u011fil s\u00f6zlerinin de bir h\u00fckm\u00fc kalmad\u0131\u011f\u0131 i\u00e7in biz kendi i\u015fimize bak\u0131yoruz. Bak\u0131n bug\u00fcn burada bu salonda biriz beraberiz. 6\u2019l\u0131 masan\u0131n veya 16\u2019l\u0131 masan\u0131n alt\u0131ndan tekme oyunlar\u0131 yapm\u0131yoruz. Tam aksine biriz, beraberiz, iriyiz, karde\u015fiz, T\u00fcrkiye&#8217;yiz ve gelece\u011fe y\u00fcr\u00fcyoruz. Biz Cumhur \u0130ttifak\u0131y\u0131z.&#8221;<\/span><\/p>\n<p><strong><span style=\"font-family: arial, helvetica, sans-serif; font-size: 14px;\">&#8220;T\u00fcrkiye&#8217;de her kesim gibi gen\u00e7lerin de ezici \u00e7o\u011funlukla bir numaral\u0131 partisi biziz&#8221;<\/span><\/strong><br \/>\n<span style=\"font-family: arial, helvetica, sans-serif; font-size: 14px;\">31 Mart 2024 yerel se\u00e7imlerini i\u015faret eden Erdo\u011fan, \u201cYeni bir imtihan, yeni bir m\u00fccadele var. Kimin nesi \u00f6yle dedi\u011fine ald\u0131rmay\u0131n. T\u00fcrkiye&#8217;de her kesim gibi gen\u00e7lerin de ezici \u00e7o\u011funlukla bir numaral\u0131 partisi biziz. Sadece bize oy veren de\u011fil tercihini di\u011fer partilerden yana kullanan gen\u00e7lerimize de iradelerine sahip \u00e7\u0131kt\u0131klar\u0131, \u00fclkelerinin gelece\u011fi i\u00e7in harekete ge\u00e7tikleri i\u00e7in te\u015fekk\u00fcr ediyoruz. \u015eayet gen\u00e7lerin bilhassa da ilk defa oy kullanan milyonlarca evlad\u0131m\u0131z\u0131n tevecc\u00fch\u00fc olmasayd\u0131 Cumhur \u0130ttifak\u0131 ve \u015fahs\u0131m\u0131z olarak may\u0131s se\u00e7imlerinde o muhte\u015fem zaferi kazanabilir miydik? Demek ki gen\u00e7lerimizin \u00e7o\u011funlu\u011funun karar\u0131 belli. Biz de gen\u00e7lerimizin bu muhabbetini kar\u015f\u0131l\u0131ks\u0131z b\u0131rakmad\u0131k. Bunun en son ifadesi meclisteki 30 ya\u015f alt\u0131 5 milletvekilinden d\u00f6rd\u00fcn\u00fcn partimiz s\u0131ralar\u0131nda oturuyor olmas\u0131d\u0131r. B\u00f6ylece gen\u00e7lerimizi siyaset nesnesi de\u011fil \u00f6znesi yapma s\u00f6z\u00fcm\u00fcz\u00fc yerine getirdi\u011fimize inan\u0131yoruz. \u0130n\u015fallah 31 Mart 2024 se\u00e7imlerinde de ayn\u0131 do\u011frultuda etmeyi s\u00fcrd\u00fcrece\u011fiz. Sizlerden \u015fimdiden mahalli se\u00e7imler i\u00e7in haz\u0131rlanmaya ba\u015flaman\u0131z\u0131 istiyorum. Akranlar\u0131n\u0131zdan ba\u015flayarak milletimizin her bir ferdine ula\u015fmal\u0131, bug\u00fcne kadar yapt\u0131klar\u0131m\u0131z\u0131 T\u00fcrkiye Y\u00fczy\u0131l\u0131 program\u0131m\u0131z\u0131 ve AK Parti&#8217;nin belediyecilik vizyonunu anlatmal\u0131s\u0131n\u0131z. Bunu ger\u00e7ekle\u015ftirdi\u011fimizde b\u00fcy\u00fck\u015fehirleri, illeri, il\u00e7eleri ve beldeleriyle \u00fclkemizin tamam\u0131n\u0131 hizmet ve es belediyecili\u011fiyle bulu\u015fturaca\u011f\u0131m\u0131zdan en k\u00fc\u00e7\u00fck bir \u015f\u00fcphe duymuyorum. \u0130stikbalimizin teminat\u0131 olan gen\u00e7lerimizle bir araya gelmeyi s\u00fcrd\u00fcrece\u011fiz. \u015eimdi K\u0131z\u0131lcahamam&#8217;a gideceksiniz. Orada kampa gireceksiniz ve \u00e7al\u0131\u015fmay\u0131 s\u00fcrd\u00fcreceksiniz. Bu kampla birlikte in\u015fallah i\u015faret fi\u015fe\u011fini ate\u015flemi\u015f olacaks\u0131n\u0131z. 100. y\u0131l\u0131 kutlad\u0131\u011f\u0131m\u0131z bu sene y\u00fcz bin gencimizle in\u015fallah y\u00fczy\u0131l\u0131n bulu\u015fmas\u0131n\u0131 ger\u00e7ekle\u015ftirmek istiyoruz\u201d dedi.<\/span><\/p>\n","protected":false},"excerpt":{"rendered":"<p>Cumhurba\u015fkan\u0131 Recep Tayyip Erdo\u011fan,\u201d T\u00fcrkiye&#8217;de her kesim gibi gen\u00e7lerin de ezici \u00e7o\u011funlukla bir numaral\u0131 partisi biziz. Sadece bize oy veren<\/p>\n","protected":false},"author":3,"featured_media":15245,"comment_status":"open","ping_status":"open","sticky":false,"template":"","format":"standard","meta":{"colormag_page_container_layout":"default_layout","colormag_page_sidebar_layout":"default_layout","footnotes":""},"categories":[1,5,8],"tags":[],"class_list":["post-15243","post","type-post","status-publish","format-standard","has-post-thumbnail","hentry","category-genel","category-gundem","category-siyaset"],"_links":{"self":[{"href":"https:\/\/marmarayerelhizmet.com\/index.php\/wp-json\/wp\/v2\/posts\/15243","targetHints":{"allow":["GET"]}}],"collection":[{"href":"https:\/\/marmarayerelhizmet.com\/index.php\/wp-json\/wp\/v2\/posts"}],"about":[{"href":"https:\/\/marmarayerelhizmet.com\/index.php\/wp-json\/wp\/v2\/types\/post"}],"author":[{"embeddable":true,"href":"https:\/\/marmarayerelhizmet.com\/index.php\/wp-json\/wp\/v2\/users\/3"}],"replies":[{"embeddable":true,"href":"https:\/\/marmarayerelhizmet.com\/index.php\/wp-json\/wp\/v2\/comments?post=15243"}],"version-history":[{"count":0,"href":"https:\/\/marmarayerelhizmet.com\/index.php\/wp-json\/wp\/v2\/posts\/15243\/revisions"}],"wp:featuredmedia":[{"embeddable":true,"href":"https:\/\/marmarayerelhizmet.com\/index.php\/wp-json\/wp\/v2\/media\/15245"}],"wp:attachment":[{"href":"https:\/\/marmarayerelhizmet.com\/index.php\/wp-json\/wp\/v2\/media?parent=15243"}],"wp:term":[{"taxonomy":"category","embeddable":true,"href":"https:\/\/marmarayerelhizmet.com\/index.php\/wp-json\/wp\/v2\/categories?post=15243"},{"taxonomy":"post_tag","embeddable":true,"href":"https:\/\/marmarayerelhizmet.com\/index.php\/wp-json\/wp\/v2\/tags?post=15243"}],"curies":[{"name":"wp","href":"https:\/\/api.w.org\/{rel}","templated":true}]}}