{"id":15227,"date":"2023-09-14T18:15:12","date_gmt":"2023-09-14T15:15:12","guid":{"rendered":"https:\/\/marmarayerelhizmet.com\/?p=15227"},"modified":"2023-09-14T18:23:36","modified_gmt":"2023-09-14T15:23:36","slug":"asirlik-eglence-pavli-panayiri","status":"publish","type":"post","link":"https:\/\/marmarayerelhizmet.com\/index.php\/2023\/09\/14\/asirlik-eglence-pavli-panayiri\/","title":{"rendered":"As\u0131rl\u0131k E\u011flence \u2018Pavli Panay\u0131r\u0131\u2019"},"content":{"rendered":"<p><strong><span style=\"font-family: arial, helvetica, sans-serif; font-size: 14px;\">Sultan II. Abd\u00fclhamid Han d\u00f6neminde d\u00fczenlenmeye ba\u015flanan Trakya\u2019n\u0131n as\u0131rl\u0131k e\u011flencesi Pavli Panay\u0131r\u0131 113. kez kuruldu.<br \/>\n<\/span><\/strong><br \/>\n<span style=\"font-family: arial, helvetica, sans-serif; font-size: 14px;\">Sultan\u0131 II. Abd\u00fclhamid Han d\u00f6neminde verilen izin belgesiyle 113 y\u0131l \u00f6nce kurulmaya ba\u015flayan Pavli Panay\u0131r\u0131, bu y\u0131l da \u00e7e\u015fitli ekinliklerle ba\u015flad\u0131. K\u0131rklareli&#8217;nin Pehlivank\u00f6y il\u00e7esinde d\u00fczenlenen panay\u0131r\u0131, Z\u00fcbeyde Han\u0131m Meydan\u0131&#8217;nda sayg\u0131 duru\u015funda bulunulmas\u0131 ve \u0130stiklal Mar\u015f\u0131&#8217;n\u0131n okunmas\u0131yla ba\u015flad\u0131.<\/span><br \/>\n<span style=\"font-family: arial, helvetica, sans-serif; font-size: 14px;\">A\u00e7\u0131l\u0131\u015f konu\u015fmas\u0131 yapan K\u0131rklareli Vali Yard\u0131mc\u0131s\u0131 Elif Canan Tuncer. as\u0131rl\u0131k panay\u0131ra ilk defa kat\u0131ld\u0131\u011f\u0131n\u0131 belirterek, \u201cBu panay\u0131r\u0131n isminin i\u00e7inde sonbahar ge\u00e7iyor ama bu g\u00fcn b\u00f6yle bir yaz g\u00fcn\u00fcndeyiz. \u0130lk defa kat\u0131lma f\u0131rsat\u0131 buldum ve gelmeden \u00f6nce okudum tarihini \u015fa\u015f\u0131rd\u0131m, 113 y\u0131ll\u0131k bir panay\u0131r, \u00e7ok geleneksel, tarihi olan bir panay\u0131r buras\u0131. Tabii ki t\u00fcm \u015fehirlerimizde, b\u00f6lgemizde bir \u00e7ok \u015fenlikler, festivaller d\u00fczenleniyor bazen kesintiye u\u011fruyor bazen aral\u0131klarla devam ediyor bu kadar uzun s\u00fcre devam etmesi ger\u00e7ekten bu panay\u0131r\u0131n hem Pehlivank\u00f6y\u2019de, hem K\u0131rklareli\u2019nde hatta Trakya\u2019da ve \u00e7evre illerde benimsendi\u011fini, buran\u0131n kabullendi\u011fini, buradaki insanlar\u0131n burada olmaktan \u00e7ok mutlu oldu\u011funu g\u00f6steriyor. Bu bizim sahip oldu\u011fumuz k\u00fclt\u00fcrel bir mirast\u0131r. Gelecek nesillere aktarmakta bizim g\u00f6revimizdir\u201d dedi.<\/span><br \/>\n<span style=\"font-family: arial, helvetica, sans-serif; font-size: 14px;\">6 y\u0131ld\u0131r Trakya\u2019da g\u00f6rev yapt\u0131\u011f\u0131n\u0131 ifade eden Tuncer, Trakya\u2019da g\u00f6rev yapt\u0131\u011f\u0131 her yerde \u00e7ok mutlu oldu\u011funu s\u00f6yledi. Tuncer, toprak bak\u0131m\u0131ndan Trakya\u2019n\u0131n \u00e7ok zengin oldu\u011funu dile getirerek b\u00f6yle k\u00f6kl\u00fc panay\u0131r\u0131n \u00e7ok yak\u0131\u015ft\u0131\u011f\u0131n\u0131 anlatt\u0131.<\/span><br \/>\n<span style=\"font-family: arial, helvetica, sans-serif; font-size: 14px;\">Konu\u015fmalar\u0131n ard\u0131ndan \u00e7e\u015fitli g\u00f6steri yap\u0131larak, a\u00e7\u0131l\u0131\u015f kurdelesi kesildi. D\u00f6rt g\u00fcn s\u00fcrecek panay\u0131rda \u00e7evre k\u00f6ylerden gelen vatanda\u015flar karavan \u015fekline getirilen r\u00f6morklarda kal\u0131yor.<\/span><\/p>\n","protected":false},"excerpt":{"rendered":"<p>Sultan II. Abd\u00fclhamid Han d\u00f6neminde d\u00fczenlenmeye ba\u015flanan Trakya\u2019n\u0131n as\u0131rl\u0131k e\u011flencesi Pavli Panay\u0131r\u0131 113. kez kuruldu. Sultan\u0131 II. Abd\u00fclhamid Han d\u00f6neminde<\/p>\n","protected":false},"author":3,"featured_media":15229,"comment_status":"open","ping_status":"open","sticky":false,"template":"","format":"standard","meta":{"colormag_page_container_layout":"default_layout","colormag_page_sidebar_layout":"default_layout","footnotes":""},"categories":[1,5],"tags":[],"class_list":["post-15227","post","type-post","status-publish","format-standard","has-post-thumbnail","hentry","category-genel","category-gundem"],"_links":{"self":[{"href":"https:\/\/marmarayerelhizmet.com\/index.php\/wp-json\/wp\/v2\/posts\/15227","targetHints":{"allow":["GET"]}}],"collection":[{"href":"https:\/\/marmarayerelhizmet.com\/index.php\/wp-json\/wp\/v2\/posts"}],"about":[{"href":"https:\/\/marmarayerelhizmet.com\/index.php\/wp-json\/wp\/v2\/types\/post"}],"author":[{"embeddable":true,"href":"https:\/\/marmarayerelhizmet.com\/index.php\/wp-json\/wp\/v2\/users\/3"}],"replies":[{"embeddable":true,"href":"https:\/\/marmarayerelhizmet.com\/index.php\/wp-json\/wp\/v2\/comments?post=15227"}],"version-history":[{"count":0,"href":"https:\/\/marmarayerelhizmet.com\/index.php\/wp-json\/wp\/v2\/posts\/15227\/revisions"}],"wp:featuredmedia":[{"embeddable":true,"href":"https:\/\/marmarayerelhizmet.com\/index.php\/wp-json\/wp\/v2\/media\/15229"}],"wp:attachment":[{"href":"https:\/\/marmarayerelhizmet.com\/index.php\/wp-json\/wp\/v2\/media?parent=15227"}],"wp:term":[{"taxonomy":"category","embeddable":true,"href":"https:\/\/marmarayerelhizmet.com\/index.php\/wp-json\/wp\/v2\/categories?post=15227"},{"taxonomy":"post_tag","embeddable":true,"href":"https:\/\/marmarayerelhizmet.com\/index.php\/wp-json\/wp\/v2\/tags?post=15227"}],"curies":[{"name":"wp","href":"https:\/\/api.w.org\/{rel}","templated":true}]}}