{"id":15213,"date":"2023-09-14T01:27:11","date_gmt":"2023-09-13T22:27:11","guid":{"rendered":"https:\/\/marmarayerelhizmet.com\/?p=15213"},"modified":"2023-09-14T12:29:06","modified_gmt":"2023-09-14T09:29:06","slug":"2022-turkiye-raporu-kabul-edildi","status":"publish","type":"post","link":"https:\/\/marmarayerelhizmet.com\/index.php\/2023\/09\/14\/2022-turkiye-raporu-kabul-edildi\/","title":{"rendered":"2022 T\u00fcrkiye Raporu Kabul Edildi"},"content":{"rendered":"<p id=\"content\" class=\"content font-normal text-gray-700 text-xl lg:text-2xl leading-6 mb-8 mt-8 block \"><strong><span style=\"font-family: arial, helvetica, sans-serif; font-size: 14px;\">Avrupa Parlamentosu\u2019nda (AP) yap\u0131lan oylamada, 2022 T\u00fcrkiye Raporu, 18&#8217;e kar\u015f\u0131 434 oyla kabul edildi. 152 milletvekili ise \u00e7ekimser oy kulland\u0131. Raporda, T\u00fcrkiye\u2019nin rotas\u0131n\u0131 ciddi bi\u00e7imde de\u011fi\u015ftirmedi\u011fi s\u00fcrece, T\u00fcrkiye&#8217;nin AB&#8217;ye kat\u0131l\u0131m s\u00fcrecinin mevcut ko\u015fullar alt\u0131nda devam edemeyece\u011fini belirtildi.<\/span><\/strong><\/p>\n<div id=\"content\" class=\"content news-detail__content font-normal text-gray-45 text-base font-setting\">\n<p><span style=\"font-family: arial, helvetica, sans-serif; font-size: 14px;\">Avrupa Parlamentosu, Fransa\u2019n\u0131n Strazburg \u015fehrinde Genel Kurul toplant\u0131s\u0131 i\u00e7in bir araya geldi. Toplant\u0131da, AP&#8217;nin T\u00fcrkiye raport\u00f6r\u00fc Sosyalist Demokratlar grubuna mensup \u0130spanyol AP \u00fcyesi Nacho Sanchez Amor\u2019un haz\u0131rlad\u0131\u011f\u0131 2022 T\u00fcrkiye Raporu oyland\u0131. Rapor, 18&#8217;e kar\u015f\u0131 434 oyla kabul edildi. 152 milletvekili ise \u00e7ekimser oy kulland\u0131.<\/span><\/p>\n<p><span style=\"font-family: arial, helvetica, sans-serif; font-size: 14px;\"><strong>&#8220;T\u00fcrkiye&#8217;nin AB&#8217;ye kat\u0131l\u0131m s\u00fcreci mevcut ko\u015fullar alt\u0131nda devam edemez&#8221;<\/strong><\/span><\/p>\n<p><span style=\"font-family: arial, helvetica, sans-serif; font-size: 14px;\">AB ve T\u00fcrkiye&#8217;yi mevcut \u00e7\u0131kmazdan kurtulmaya ve AB-T\u00fcrkiye ili\u015fkileri i\u00e7in \u201cparalel ve ger\u00e7ek\u00e7i bir \u00e7er\u00e7eve\u201d bulmaya \u00e7a\u011f\u0131ran raporda, T\u00fcrkiye\u2019nin rotas\u0131n\u0131 ciddi bi\u00e7imde de\u011fi\u015ftirmedi\u011fi s\u00fcrece, T\u00fcrkiye&#8217;nin AB&#8217;ye kat\u0131l\u0131m s\u00fcrecinin mevcut ko\u015fullar alt\u0131nda devam edemeyece\u011fini belirtildi.<\/span><\/p>\n<p><span style=\"font-family: arial, helvetica, sans-serif; font-size: 14px;\"><strong>&#8220;\u0130sve\u00e7&#8217;in NATO \u00fcyeli\u011fi ile T\u00fcrkiye&#8217;nin AB&#8217;ye kat\u0131l\u0131m s\u00fcre\u00e7leri aras\u0131nda ba\u011flant\u0131 yok&#8221;<\/strong><\/span><\/p>\n<p><span style=\"font-family: arial, helvetica, sans-serif; font-size: 14px;\">T\u00fcrkiye&#8217;den \u0130sve\u00e7&#8217;in NATO \u00fcyeli\u011fini daha fazla gecikmeden onaylamas\u0131n\u0131 talep edilen raporda, \u0130sve\u00e7&#8217;in NATO \u00fcyeli\u011fi ile T\u00fcrkiye&#8217;nin AB&#8217;ye kat\u0131l\u0131m s\u00fcre\u00e7leri aras\u0131nda ba\u011flant\u0131 olmad\u0131\u011f\u0131na vurgu yap\u0131larak, her \u00fclkenin AB&#8217;deki ilerlemesinin kendi de\u011ferlerine dayand\u0131\u011f\u0131na dikkat \u00e7ekildi.<\/span><\/p>\n<p><span style=\"font-family: arial, helvetica, sans-serif; font-size: 14px;\">T\u00fcrkiye&#8217;nin Ukrayna\u2019n\u0131n toprak b\u00fct\u00fcnl\u00fc\u011f\u00fcne verdi\u011fi deste\u011fin memnuniyetle kar\u015f\u0131land\u0131\u011f\u0131 ifade edilen raporda, T\u00fcrkiye&#8217;nin BM \u00e7er\u00e7evesi d\u0131\u015f\u0131ndaki Rusya\u2019ya y\u00f6nelik yapt\u0131r\u0131mlar\u0131 desteklememesinin ise \u00fcz\u00fcnt\u00fcyle kar\u015f\u0131land\u0131\u011f\u0131 belirtildi.<\/span><br \/>\n<span style=\"font-family: arial, helvetica, sans-serif; font-size: 14px;\">T\u00fcrkiye&#8217;nin AB&#8217;nin ortak d\u0131\u015f ve g\u00fcvenlik politikas\u0131na uyum oran\u0131n\u0131n t\u00fcm zamanlar\u0131n en d\u00fc\u015f\u00fck seviyesi olan y\u00fczde 7&#8217;ye geriledi\u011fine dikkat \u00e7ekilen raporda, T\u00fcrkiye\u2019nin geni\u015fleme \u00fclkeleri aras\u0131nda a\u00e7\u0131k ara en d\u00fc\u015f\u00fck seviyeye sahip oldu\u011fu ifade edildi.<\/span><br \/>\n<span style=\"font-family: arial, helvetica, sans-serif; font-size: 14px;\">T\u00fcrkiye\u2019de bar\u0131nan 4 milyondan fazla m\u00fclteci ve depremde ma\u011fdur olan T\u00fcrk vatanda\u015flar\u0131 i\u00e7in AB\u2019nin destek vermesi istenilen raporda, AB dayan\u0131\u015fmas\u0131n\u0131n T\u00fcrkiye ile ili\u015fkilerde olumlu bir katk\u0131 yapaca\u011f\u0131na inan\u0131ld\u0131\u011f\u0131 ifade edildi.<\/span><br \/>\n<span style=\"font-family: arial, helvetica, sans-serif; font-size: 14px;\">Avrupa Birli\u011fi (AB) Komisyonu Kom\u015fuluk Politikas\u0131 ve Geni\u015flemeden Sorumlu AB Komiseri Olivier Varhelyi ise oylama \u00f6ncesi yapt\u0131\u011f\u0131 a\u00e7\u0131klamada, T\u00fcrkiye\u2019nin AB i\u00e7in son derece \u00f6nemli bir \u00fclke oldu\u011funu belirterek, AP \u00fcyelerine T\u00fcrkiye\u2019ye \u00f6zellikle s\u0131\u011f\u0131nmac\u0131lar ve depremin yaralar\u0131n\u0131n sar\u0131lmas\u0131 konusunda daha fazla destek verilmesi \u00e7a\u011fr\u0131s\u0131 yapt\u0131.<\/span><\/p>\n<p><span style=\"font-family: arial, helvetica, sans-serif; font-size: 14px;\">AP T\u00fcrkiye y\u0131ll\u0131k raporu T\u00fcrkiye ile AB aras\u0131ndaki ili\u015fkiler yan\u0131nda T\u00fcrkiye\u2019de ya\u015fanan geli\u015fmelere y\u00f6nelik olarak AP\u2019nin yorumlar\u0131n\u0131 i\u00e7eriyor. S\u00f6z konusu raporun resmi herhangi bir ba\u011flay\u0131c\u0131l\u0131\u011f\u0131 bulunmazken, son y\u0131llarda kabul edilen AP raporlar\u0131na AB Konseyi ve AB Komisyonu gibi di\u011fer temel AB kurumlar\u0131 taraf\u0131ndan giderek daha az dikkate ald\u0131\u011f\u0131 biliniyor.\u00a0<\/span><\/p>\n<\/div>\n","protected":false},"excerpt":{"rendered":"<p>Avrupa Parlamentosu\u2019nda (AP) yap\u0131lan oylamada, 2022 T\u00fcrkiye Raporu, 18&#8217;e kar\u015f\u0131 434 oyla kabul edildi. 152 milletvekili ise \u00e7ekimser oy kulland\u0131.<\/p>\n","protected":false},"author":3,"featured_media":15215,"comment_status":"open","ping_status":"open","sticky":false,"template":"","format":"standard","meta":{"colormag_page_container_layout":"default_layout","colormag_page_sidebar_layout":"default_layout","footnotes":""},"categories":[3,1,5,8],"tags":[],"class_list":["post-15213","post","type-post","status-publish","format-standard","has-post-thumbnail","hentry","category-ekonomi","category-genel","category-gundem","category-siyaset"],"_links":{"self":[{"href":"https:\/\/marmarayerelhizmet.com\/index.php\/wp-json\/wp\/v2\/posts\/15213","targetHints":{"allow":["GET"]}}],"collection":[{"href":"https:\/\/marmarayerelhizmet.com\/index.php\/wp-json\/wp\/v2\/posts"}],"about":[{"href":"https:\/\/marmarayerelhizmet.com\/index.php\/wp-json\/wp\/v2\/types\/post"}],"author":[{"embeddable":true,"href":"https:\/\/marmarayerelhizmet.com\/index.php\/wp-json\/wp\/v2\/users\/3"}],"replies":[{"embeddable":true,"href":"https:\/\/marmarayerelhizmet.com\/index.php\/wp-json\/wp\/v2\/comments?post=15213"}],"version-history":[{"count":0,"href":"https:\/\/marmarayerelhizmet.com\/index.php\/wp-json\/wp\/v2\/posts\/15213\/revisions"}],"wp:featuredmedia":[{"embeddable":true,"href":"https:\/\/marmarayerelhizmet.com\/index.php\/wp-json\/wp\/v2\/media\/15215"}],"wp:attachment":[{"href":"https:\/\/marmarayerelhizmet.com\/index.php\/wp-json\/wp\/v2\/media?parent=15213"}],"wp:term":[{"taxonomy":"category","embeddable":true,"href":"https:\/\/marmarayerelhizmet.com\/index.php\/wp-json\/wp\/v2\/categories?post=15213"},{"taxonomy":"post_tag","embeddable":true,"href":"https:\/\/marmarayerelhizmet.com\/index.php\/wp-json\/wp\/v2\/tags?post=15213"}],"curies":[{"name":"wp","href":"https:\/\/api.w.org\/{rel}","templated":true}]}}