{"id":15204,"date":"2023-09-14T12:24:41","date_gmt":"2023-09-14T09:24:41","guid":{"rendered":"https:\/\/marmarayerelhizmet.com\/?p=15204"},"modified":"2023-09-14T12:24:41","modified_gmt":"2023-09-14T09:24:41","slug":"eski-cezaevi-kutuphane-olacak","status":"publish","type":"post","link":"https:\/\/marmarayerelhizmet.com\/index.php\/2023\/09\/14\/eski-cezaevi-kutuphane-olacak\/","title":{"rendered":"Eski Cezaevi K\u00fct\u00fcphane Olacak"},"content":{"rendered":"<p><strong><span style=\"font-family: arial, helvetica, sans-serif; font-size: 14px;\">D\u00fczce Belediyesi, Ak\u00e7akoca il\u00e7esinde at\u0131l vaziyetteki eski cezaevini k\u00fct\u00fcphane ve sosyal ya\u015fam alan\u0131na d\u00f6n\u00fc\u015ft\u00fcrecek.<br \/>\n<\/span><\/strong><br \/>\n<span style=\"font-family: arial, helvetica, sans-serif; font-size: 14px;\">D\u00fczce Belediye Ba\u015fkan\u0131 Faruk \u00d6zl\u00fc, e\u011fitim alan\u0131nda yap\u0131lan yat\u0131r\u0131mlara bir yenisini daha ekledi. Eski kaymakaml\u0131k lojman\u0131n\u0131 Millet K\u00fct\u00fcphanesi\u2019nde d\u00f6n\u00fc\u015ft\u00fcren ve i\u015f adam\u0131 Hasan Ulusoy\u2019un katk\u0131lar\u0131 ile in\u015fa edilen Sabiha Ulusoy K\u00fct\u00fcphanesi\u2019nin in\u015fas\u0131na b\u00fcy\u00fck destek veren Ba\u015fkan \u00d6zl\u00fc, bu kez de Ak\u00e7akoca Tarihi Cezaevi\u2019ni k\u00fct\u00fcphaneye d\u00f6n\u00fc\u015ft\u00fcrmek i\u00e7in haz\u0131rl\u0131klar\u0131 tamamlad\u0131. Adalet Bakanl\u0131\u011f\u0131\u2019na ba\u011fl\u0131 ve at\u0131l vaziyette bulunan tarihi cezaevinin D\u00fczce Belediyesi\u2019ne tahsisi i\u00e7in gerekli resmi prosed\u00fcrleri ba\u015flatan \u00d6zl\u00fc, tahsisin onaylanmas\u0131 ile birlikte ilk i\u015f olarak mekan \u00e7evresinin temizli\u011finin yap\u0131lmas\u0131 talimat\u0131n\u0131 verdi. D\u00fczce Valisi Sel\u00e7uk Aslan, D\u00fczce Belediye Ba\u015fkan\u0131 \u00d6zl\u00fc, Park ve Bah\u00e7eler M\u00fcd\u00fcrl\u00fc\u011f\u00fc ekiplerinin yapt\u0131\u011f\u0131 \u00e7al\u0131\u015fma ile d\u0131\u015f mekan\u0131n temizlendi\u011fi tarihi cezaevi gezildi. Mekan i\u00e7in haz\u0131rlanan projenin de ele al\u0131nd\u0131\u011f\u0131 inceleme gezisinde D\u00fczce Milletvekili Ercan \u00d6zt\u00fcrk, AK Parti D\u00fczce \u0130l Ba\u015fkan\u0131 Hasan \u015eeng\u00fclo\u011flu, D\u00fczce \u00dcniversitesi Rekt\u00f6r Yard\u0131mc\u0131s\u0131 Prof. Dr. \u0130lhan Gen\u00e7, \u00c7evre, \u015eehircilik ve \u0130klim De\u011fi\u015fikli\u011fi \u0130l M\u00fcd\u00fcr\u00fc Nurhan Kartal ve kurum temsilcileri de yer ald\u0131.<\/span><\/p>\n<p><strong><span style=\"font-family: arial, helvetica, sans-serif; font-size: 14px;\">\u201cTahsisini ald\u0131k, yap\u0131m\u0131na ba\u015flayaca\u011f\u0131z\u201d<\/span><\/strong><br \/>\n<span style=\"font-family: arial, helvetica, sans-serif; font-size: 14px;\">Burada a\u00e7\u0131klamada bulunan Ba\u015fkan \u00d6zl\u00fc, en k\u0131sa zamanda yap\u0131m a\u015famas\u0131na ge\u00e7eceklerini belirterek ,\u201cBuras\u0131 Ak\u00e7akoca Eski Cezaevi, buras\u0131 Adalet Bakanl\u0131\u011f\u0131\u2019na ait bir yerdi. Bu yerin tahsisini D\u00fczce Belediyesi\u2019ne ald\u0131k. \u015eu anda buras\u0131 D\u00fczce Belediyesi\u2019ne tahsis edilmi\u015f durumda. Biz D\u00fczce Belediyesi olarak burada bir k\u00fct\u00fcphane in\u015fa edece\u011fiz. Eski cezaevini k\u00fct\u00fcphaneye \u00e7evirece\u011fiz. Biliyorsunuz Ak\u00e7akoca\u2019da D\u00fczce \u00dcniversitesi\u2019nin Siyasal Bilgiler Fak\u00fcltesi var. Siyasal Bilgiler Fak\u00fcltesi \u00f6\u011frencileri ve di\u011fer \u00f6\u011frencilerimiz burada kitap okuyacaklar, ders \u00e7al\u0131\u015facaklar. Ak\u00e7akoca\u2019ya hay\u0131rl\u0131 u\u011furlu olsun\u201d dedi.<\/span><br \/>\n<span style=\"font-family: arial, helvetica, sans-serif; font-size: 14px;\">Vali Sel\u00e7uk Aslan ve Ba\u015fkan Faruk \u00d6zl\u00fc, tarihi cezaevi ve \u00e7evresini gezerek, proje detaylar\u0131 hakk\u0131nda isti\u015farede bulundu.<\/span><\/p>\n","protected":false},"excerpt":{"rendered":"<p>D\u00fczce Belediyesi, Ak\u00e7akoca il\u00e7esinde at\u0131l vaziyetteki eski cezaevini k\u00fct\u00fcphane ve sosyal ya\u015fam alan\u0131na d\u00f6n\u00fc\u015ft\u00fcrecek. D\u00fczce Belediye Ba\u015fkan\u0131 Faruk \u00d6zl\u00fc, e\u011fitim<\/p>\n","protected":false},"author":3,"featured_media":15206,"comment_status":"open","ping_status":"open","sticky":false,"template":"","format":"standard","meta":{"colormag_page_container_layout":"default_layout","colormag_page_sidebar_layout":"default_layout","footnotes":""},"categories":[45,1,5],"tags":[],"class_list":["post-15204","post","type-post","status-publish","format-standard","has-post-thumbnail","hentry","category-egitim","category-genel","category-gundem"],"_links":{"self":[{"href":"https:\/\/marmarayerelhizmet.com\/index.php\/wp-json\/wp\/v2\/posts\/15204","targetHints":{"allow":["GET"]}}],"collection":[{"href":"https:\/\/marmarayerelhizmet.com\/index.php\/wp-json\/wp\/v2\/posts"}],"about":[{"href":"https:\/\/marmarayerelhizmet.com\/index.php\/wp-json\/wp\/v2\/types\/post"}],"author":[{"embeddable":true,"href":"https:\/\/marmarayerelhizmet.com\/index.php\/wp-json\/wp\/v2\/users\/3"}],"replies":[{"embeddable":true,"href":"https:\/\/marmarayerelhizmet.com\/index.php\/wp-json\/wp\/v2\/comments?post=15204"}],"version-history":[{"count":0,"href":"https:\/\/marmarayerelhizmet.com\/index.php\/wp-json\/wp\/v2\/posts\/15204\/revisions"}],"wp:featuredmedia":[{"embeddable":true,"href":"https:\/\/marmarayerelhizmet.com\/index.php\/wp-json\/wp\/v2\/media\/15206"}],"wp:attachment":[{"href":"https:\/\/marmarayerelhizmet.com\/index.php\/wp-json\/wp\/v2\/media?parent=15204"}],"wp:term":[{"taxonomy":"category","embeddable":true,"href":"https:\/\/marmarayerelhizmet.com\/index.php\/wp-json\/wp\/v2\/categories?post=15204"},{"taxonomy":"post_tag","embeddable":true,"href":"https:\/\/marmarayerelhizmet.com\/index.php\/wp-json\/wp\/v2\/tags?post=15204"}],"curies":[{"name":"wp","href":"https:\/\/api.w.org\/{rel}","templated":true}]}}