{"id":15192,"date":"2023-09-13T19:08:08","date_gmt":"2023-09-13T16:08:08","guid":{"rendered":"https:\/\/marmarayerelhizmet.com\/?p=15192"},"modified":"2023-09-13T19:08:08","modified_gmt":"2023-09-13T16:08:08","slug":"burs-miktarlari-artirildi","status":"publish","type":"post","link":"https:\/\/marmarayerelhizmet.com\/index.php\/2023\/09\/13\/burs-miktarlari-artirildi\/","title":{"rendered":"Burs Miktarlar\u0131 Art\u0131r\u0131ld\u0131"},"content":{"rendered":"<p><strong><span style=\"font-family: arial, helvetica, sans-serif; font-size: 14px;\">Cumhurba\u015fkan\u0131 Yard\u0131mc\u0131s\u0131 Cevdet Y\u0131lmaz, yurt d\u0131\u015f\u0131nda lisans\u00fcst\u00fc e\u011fitim alan gen\u00e7lere verilen bursun art\u0131\u015fla birlikte k\u0131rtasiye \u00f6dene\u011fi dahil Amerika Birle\u015fik Devletleri\u2019nde ayl\u0131k bin 780 dolardan 2 bin 426 dolara, \u0130ngiltere\u2019de ayl\u0131k bin 200 sterlinden bin 646 sterline, Almanya\u2019da ise bin 490 eurodan ayl\u0131k bin 993 euroya y\u00fckseltildi\u011fini a\u00e7\u0131klad\u0131.<br \/>\n<\/span><\/strong><br \/>\n<span style=\"font-family: arial, helvetica, sans-serif; font-size: 14px;\">Yurtd\u0131\u015f\u0131nda MEB Bursuyla E\u011fitim G\u00f6ren Lisans\u00fcst\u00fc \u00d6\u011frencilerle Bulu\u015fma Program\u0131&#8217;nda konu\u015fan Cumhurba\u015fkan\u0131 Yard\u0131mc\u0131s\u0131 Cevdet Y\u0131lmaz, yurt d\u0131\u015f\u0131nda \u00f6\u011frenim g\u00f6ren \u00f6\u011frencilerin burs rakamlar\u0131n\u0131 a\u00e7\u0131klad\u0131. Y\u0131lmaz, yurt d\u0131\u015f\u0131nda lisans\u00fcst\u00fc e\u011fitim alan gen\u00e7lere verilen bursun art\u0131\u015fla birlikte k\u0131rtasiye \u00f6dene\u011fi dahil Amerika Birle\u015fik Devletleri\u2019nde ayl\u0131k bin 780 dolardan 2 bin 426 dolara, \u0130ngiltere\u2019de ayl\u0131k bin 200 sterlinden bin 646 sterline, Almanya\u2019da bin 490 eurodan ayl\u0131k bin 993 euroya y\u00fckseltildi\u011fini a\u00e7\u0131klad\u0131.<\/span><\/p>\n<p><strong><span style=\"font-family: arial, helvetica, sans-serif; font-size: 14px;\">\u201cCumhuriyetin ilk 10 y\u0131l\u0131nda 400\u2019den fazla \u00f6\u011frenci yurt d\u0131\u015f\u0131na y\u00fcksek tahsil amac\u0131yla g\u00f6nderilmi\u015ftir\u201d<\/span><\/strong><br \/>\n<span style=\"font-family: arial, helvetica, sans-serif; font-size: 14px;\">Y\u0131lmaz, programda yapt\u0131\u011f\u0131 konu\u015fmada millet olarak 2,5 as\u0131rdan fazla bir s\u00fcredir yurt d\u0131\u015f\u0131na e\u011fitim, \u00f6\u011fretim ve bilgi-g\u00f6rg\u00fc amac\u0131yla talebe g\u00f6nderdiklerini belirterek, \u201cBunlar\u0131 da sizler gibi evlatlar\u0131m\u0131z\u0131n en ba\u015far\u0131l\u0131lar\u0131ndan, en parlak, en i\u015ftiyakl\u0131 olanlar\u0131ndan se\u00e7iyoruz. Osmanl\u0131&#8217;da devletin duraklama ve gerileme d\u00f6nemine girmesiyle birlikte \u00f6nce Fransa\u2019ya, ard\u0131ndan Almanya\u2019ya \u00f6\u011frenci g\u00f6nderdik. Sultan 3. Selim\u2019le ba\u015flayan yurt d\u0131\u015f\u0131nda talebe okutma uygulamas\u0131, Cumhuriyetin ilan\u0131ndan sonra da devam etti. Nice e\u011fitimli evlad\u0131n\u0131 kurban verdi\u011fi b\u00fcy\u00fck bir sava\u015ftan zaferle \u00e7\u0131kan yeni devletimiz, toparlanmak, yeniden aya\u011fa kalkmak, kalk\u0131nma yolculu\u011funu devam ettirebilmek i\u00e7in yeti\u015fmi\u015f insanlara ihtiya\u00e7 duyuyordu. Ekonomik bak\u0131mdan imk\u00e2nlar \u00e7ok k\u0131s\u0131tl\u0131 olmas\u0131na ra\u011fmen Cumhuriyetin ilk 10 y\u0131l\u0131nda 400\u2019den fazla \u00f6\u011frenci yurt d\u0131\u015f\u0131na y\u00fcksek tahsil amac\u0131yla g\u00f6nderilmi\u015ftir\u201d diye konu\u015ftu.<\/span><\/p>\n<p><strong><span style=\"font-family: arial, helvetica, sans-serif; font-size: 14px;\">\u201cBursiyer olarak yurt d\u0131\u015f\u0131na gidip, \u015fu an bakan, \u00fcst d\u00fczey b\u00fcrokrat, T\u00fcrkiye\u2019ye hizmet eden pek \u00e7ok karde\u015fimiz bulunuyor\u201d<\/span><\/strong><br \/>\n<span style=\"font-family: arial, helvetica, sans-serif; font-size: 14px;\">Cumhuriyetin ilk y\u0131llar\u0131ndan 2002 y\u0131l\u0131na kadar yurt d\u0131\u015f\u0131na devlet bursuyla giden \u00f6\u011frenci say\u0131s\u0131n\u0131n yakla\u015f\u0131k 10 bin civar\u0131nda oldu\u011fu bilgisini veren Y\u0131lmaz, \u201cBu \u00f6\u011frencilerin \u00e7o\u011fu \u00fclkeye geri d\u00f6nerek, millete \u015f\u00fckran borcunu \u00f6demek i\u00e7in farkl\u0131 alanlarda ba\u015far\u0131l\u0131 \u00e7al\u0131\u015fmalara imza atm\u0131\u015ft\u0131r. Bir k\u0131sm\u0131 ise gitti\u011fi \u00fclkelerde kalarak hayatlar\u0131n\u0131 orada devam ettirmi\u015ftir. Bursiyer olarak yurt d\u0131\u015f\u0131na gidip, \u015fu an bakan, \u00fcst d\u00fczey b\u00fcrokrat, kurum ba\u015fkan\u0131 olarak T\u00fcrkiye\u2019ye hizmet eden pek \u00e7ok karde\u015fimiz bulunuyor\u201d ifadelerine yer verdi.<\/span><\/p>\n<p><strong><span style=\"font-family: arial, helvetica, sans-serif; font-size: 14px;\">\u201cH\u00fck\u00fcmetlerimiz d\u00f6neminde yurt d\u0131\u015f\u0131na burslu giden \u00f6\u011frenci say\u0131s\u0131 12 bindir\u201d<\/span><\/strong><br \/>\n<span style=\"font-family: arial, helvetica, sans-serif; font-size: 14px;\">Cumhurba\u015fkan\u0131 Recep Tayyip Erdo\u011fan \u00f6nc\u00fcl\u00fc\u011f\u00fcnde 2002 y\u0131l\u0131ndan itibaren e\u011fitime dair di\u011fer t\u00fcm konular gibi yurt d\u0131\u015f\u0131na \u00f6\u011frenci g\u00f6nderme konusunda da \u00f6zel \u00f6nem ve \u00f6ncelik verdiklerini belirten Y\u0131lmaz, \u201c2006 y\u0131l\u0131nda \u20185 y\u0131lda 5 bin \u00f6\u011frenci projesini\u2019 ba\u015flatt\u0131k. B\u00f6ylece 2006\u2019dan itibaren yurtd\u0131\u015f\u0131na burslu g\u00f6nderilen \u00f6\u011frencilerin say\u0131s\u0131n\u0131 ciddi oranda y\u00fckselttik. O g\u00fcnden bug\u00fcne kadar, h\u00fck\u00fcmetlerimiz d\u00f6neminde yurt d\u0131\u015f\u0131na burslu giden \u00f6\u011frenci say\u0131s\u0131 12 bindir. Yani Cumhuriyet tarihi boyunca, program kapsam\u0131nda giden 21 bin 500 \u00f6\u011frencinin y\u00fczde 56\u2019s\u0131n\u0131 biz g\u00f6nderdik\u201d \u015feklinde konu\u015ftu.<\/span><br \/>\n<span style=\"font-family: arial, helvetica, sans-serif; font-size: 14px;\">Y\u0131lmaz, sadece kontenjanlar\u0131 art\u0131rmad\u0131klar\u0131n\u0131, ayn\u0131 zamanda program\u0131n kapsam\u0131, i\u00e7eri\u011fi ve imk\u00e2nlar\u0131nda ciddi iyile\u015fmelere gittiklerini ifade ederek, \u00f6ncelikle T\u00fcrkiye\u2019nin ihtiya\u00e7lar\u0131 do\u011frultusunda hangi alanlarda daha fazla yeti\u015fmi\u015f insan kayna\u011f\u0131na ihtiyac\u0131 oldu\u011funu tespit ettiklerini belirtti. Bu do\u011frultuda T\u00fcrkiye\u2019nin kalk\u0131nma hamlesine katk\u0131 verecek konulara \u00f6nem verdiklerini s\u00f6yleyen Y\u0131lmaz, enerji, savunma, havac\u0131l\u0131k, siber g\u00fcvenlik, yapay zek\u00e2, ila\u00e7 ve a\u015f\u0131 \u00e7al\u0131\u015fmalar\u0131 gibi stratejik konular\u0131 belirlediklerini a\u00e7\u0131klad\u0131.<\/span><\/p>\n<p><strong><span style=\"font-family: arial, helvetica, sans-serif; font-size: 14px;\">\u201c48 farkl\u0131 \u00fclkede 123 \u00fcniversite ve 40 farkl\u0131 kamu kurumu ad\u0131na toplam 3 bin 415 \u00f6\u011frencimiz bulunuyor\u201d<\/span><\/strong><br \/>\n<span style=\"font-family: arial, helvetica, sans-serif; font-size: 14px;\">Y\u0131lmaz, T\u00fcrkiye\u2019nin d\u0131\u015f politika \u00f6nceliklerine g\u00f6re \u00f6\u011frenci g\u00f6nderilen \u00fclke yelpazesini geni\u015flettiklerini s\u00f6zlerine ekleyerek, \u201cAvrupa ve Amerika\u2019n\u0131n yan\u0131 s\u0131ra; Hindistan, Malezya, Brezilya, G\u00fcney Afrika, Tunus, Azerbaycan gibi stratejik ili\u015fkilerimizin oldu\u011fu 50\u2019den fazla \u00fclke ve b\u00f6lgeyi de listeye ekledik. Halihaz\u0131rda 48 farkl\u0131 \u00fclkede 123 \u00fcniversite ve 40 farkl\u0131 kamu kurumu ad\u0131na toplam 3 bin 415 \u00f6\u011frencimiz bulunuyor\u201d dedi.<\/span><\/p>\n<p><strong><span style=\"font-family: arial, helvetica, sans-serif; font-size: 14px;\">\u201cDevlet memuru olup burstan yararlanmak isteyen adaylar i\u00e7in istifa \u015fart\u0131n\u0131 kald\u0131rd\u0131k\u201d<\/span><\/strong><br \/>\n<span style=\"font-family: arial, helvetica, sans-serif; font-size: 14px;\">Bursiyerlerin gittikleri \u00fclkelerden d\u00f6nd\u00fckten sonra ya\u015fad\u0131klar\u0131 en \u00f6nemli s\u0131k\u0131nt\u0131n\u0131n kadro meselesi oldu\u011funu belirten Y\u0131lmaz, \u015fu ifadelere yer verdi:<\/span><br \/>\n<span style=\"font-family: arial, helvetica, sans-serif; font-size: 14px;\">\u201cKadro bulamama sorununu da yasal d\u00fczenlemeyle \u00e7\u00f6z\u00fcme kavu\u015fturduk. Ad\u0131na gittikleri \u00fcniversitelerde e\u011fitimlerine uygun kadrolara, kadro k\u0131s\u0131d\u0131 aranmaks\u0131z\u0131n atanabilmelerini sa\u011flad\u0131k. Yani bir \u00f6\u011frenci d\u00f6nd\u00fc\u011f\u00fc zaman \u00fcniversitesi \u2018kusura bakma benim cetvelimde b\u00f6yle bir kadro yok, seni alamam\u2019 diyemedi art\u0131k. Yine yapt\u0131\u011f\u0131m\u0131z kanun de\u011fi\u015fikli\u011fi ile devlet memuru olup burstan yararlanmak isteyen adaylar i\u00e7in istifa \u015fart\u0131n\u0131 kald\u0131rd\u0131k. Dolay\u0131s\u0131yla devlet memurlar\u0131 gidip bir tercih yapmak zorunda kalmad\u0131lar. Bursiyer olarak gittiklerinde devlet memurluklar\u0131 d\u00fc\u015fmedi. Yurt d\u0131\u015f\u0131nda ge\u00e7irilen s\u00fcrelerin tamam\u0131n\u0131n memuriyete say\u0131lmas\u0131na imk\u00e2n tan\u0131d\u0131k. Daha evvel bursiyerlerimizin e\u015f ve \u00e7ocuklar\u0131n\u0131n yurt d\u0131\u015f\u0131ndaki tedavi giderleri kar\u015f\u0131lanmazken, att\u0131\u011f\u0131m\u0131z ad\u0131mla bunu da \u00e7\u00f6zd\u00fck. Bunu bizzat ben de ya\u015fad\u0131m. Devlet Planlama Te\u015fkilat\u0131 burslusu olarak gittim ben de yurt d\u0131\u015f\u0131na. E\u015fimle birlikte gitmi\u015ftik, yeni evliydik ve ger\u00e7ekten \u00e7ok ciddi maliyetler vard\u0131. Beni sigortalatm\u0131\u015ft\u0131 kurumumuz fakat e\u015fimin sigortas\u0131 yoktu. Doktora sonras\u0131 uluslararas\u0131 proje, ara\u015ft\u0131rma veya yeni teknolojilerle ilgili \u00e7al\u0131\u015fma yapacak \u00f6\u011frencilere ilave 2 y\u0131l s\u00fcre verilmesini sa\u011flad\u0131k. Daha bunlar\u0131n d\u0131\u015f\u0131nda \u00f6\u011frencilerimizin pek \u00e7ok talebini kar\u015f\u0131lad\u0131k.\u201d<\/span><\/p>\n<p><strong><span style=\"font-family: arial, helvetica, sans-serif; font-size: 14px;\">\u201cMEB burslusu \u00f6\u011frencilerimizin burs miktar\u0131n\u0131 bulunduklar\u0131 \u00fclkenin enflasyonuna ba\u011fl\u0131 olarak de\u011fi\u015fen oranlarda y\u00fckseltiyoruz\u201d<\/span><\/strong><br \/>\n<span style=\"font-family: arial, helvetica, sans-serif; font-size: 14px;\">Cumhurba\u015fkan\u0131 Recep Tayyip Erdo\u011fan\u2019\u0131n her zaman e\u011fitimi hizmetlerin oda\u011f\u0131na koydu\u011funu ve T\u00fcrkiye\u2019nin i\u00e7inden ge\u00e7ti\u011fi zor g\u00fcnlerde bile e\u011fitim harcamalar\u0131ndan kesintiye gitmedi\u011fini ifade eden Y\u0131lmaz, s\u00f6zlerini \u015f\u00f6yle s\u00fcrd\u00fcrd\u00fc:<\/span><br \/>\n<span style=\"font-family: arial, helvetica, sans-serif; font-size: 14px;\">\u201cYurt d\u0131\u015f\u0131nda MEB bursu ile e\u011fitim g\u00f6ren gen\u00e7lerimizin k\u0131ymetinin ve ya\u015fad\u0131klar\u0131 me\u015fakkatli s\u00fcre\u00e7lerin fark\u0131nday\u0131z. E\u011fitiminiz boyunca akl\u0131n\u0131z\u0131 maddi sorunlara de\u011fil bilimsel geli\u015fime daha iyi odaklayabilmeniz i\u00e7in MEB burslusu \u00f6\u011frencilerimizin burs miktar\u0131n\u0131 bulunduklar\u0131 \u00fclkenin enflasyonuna ba\u011fl\u0131 olarak de\u011fi\u015fen oranlarda y\u00fckseltiyoruz. Yap\u0131lan bu art\u0131\u015fla birlikte \u00f6\u011frencilerimiz, k\u0131rtasiye \u00f6dene\u011fi ile dahil Amerika Birle\u015fik Devletleri\u2019nde ayl\u0131k bin 780 dolardan 2 bin 426 dolara, \u0130ngiltere\u2019de ayl\u0131k bin 200 sterlinden bin 646 sterline, Almanya\u2019da bin 490 eurodan ayl\u0131k bin 993 euroya y\u00fckselmi\u015f \u015fekilde burslar\u0131n\u0131 alacakt\u0131r. B\u00f6ylece hi\u00e7bir \u00f6\u011frencimizi bulunduklar\u0131 \u00fclkede enflasyona ezdirmeyecek bir art\u0131\u015f yapm\u0131\u015f olduk. Hepinize hay\u0131rl\u0131 olsun.\u201d<\/span><\/p>\n","protected":false},"excerpt":{"rendered":"<p>Cumhurba\u015fkan\u0131 Yard\u0131mc\u0131s\u0131 Cevdet Y\u0131lmaz, yurt d\u0131\u015f\u0131nda lisans\u00fcst\u00fc e\u011fitim alan gen\u00e7lere verilen bursun art\u0131\u015fla birlikte k\u0131rtasiye \u00f6dene\u011fi dahil Amerika Birle\u015fik Devletleri\u2019nde<\/p>\n","protected":false},"author":3,"featured_media":15194,"comment_status":"open","ping_status":"open","sticky":false,"template":"","format":"standard","meta":{"colormag_page_container_layout":"default_layout","colormag_page_sidebar_layout":"default_layout","footnotes":""},"categories":[3,1,5,8],"tags":[],"class_list":["post-15192","post","type-post","status-publish","format-standard","has-post-thumbnail","hentry","category-ekonomi","category-genel","category-gundem","category-siyaset"],"_links":{"self":[{"href":"https:\/\/marmarayerelhizmet.com\/index.php\/wp-json\/wp\/v2\/posts\/15192","targetHints":{"allow":["GET"]}}],"collection":[{"href":"https:\/\/marmarayerelhizmet.com\/index.php\/wp-json\/wp\/v2\/posts"}],"about":[{"href":"https:\/\/marmarayerelhizmet.com\/index.php\/wp-json\/wp\/v2\/types\/post"}],"author":[{"embeddable":true,"href":"https:\/\/marmarayerelhizmet.com\/index.php\/wp-json\/wp\/v2\/users\/3"}],"replies":[{"embeddable":true,"href":"https:\/\/marmarayerelhizmet.com\/index.php\/wp-json\/wp\/v2\/comments?post=15192"}],"version-history":[{"count":0,"href":"https:\/\/marmarayerelhizmet.com\/index.php\/wp-json\/wp\/v2\/posts\/15192\/revisions"}],"wp:featuredmedia":[{"embeddable":true,"href":"https:\/\/marmarayerelhizmet.com\/index.php\/wp-json\/wp\/v2\/media\/15194"}],"wp:attachment":[{"href":"https:\/\/marmarayerelhizmet.com\/index.php\/wp-json\/wp\/v2\/media?parent=15192"}],"wp:term":[{"taxonomy":"category","embeddable":true,"href":"https:\/\/marmarayerelhizmet.com\/index.php\/wp-json\/wp\/v2\/categories?post=15192"},{"taxonomy":"post_tag","embeddable":true,"href":"https:\/\/marmarayerelhizmet.com\/index.php\/wp-json\/wp\/v2\/tags?post=15192"}],"curies":[{"name":"wp","href":"https:\/\/api.w.org\/{rel}","templated":true}]}}