{"id":15188,"date":"2023-09-13T16:12:43","date_gmt":"2023-09-13T13:12:43","guid":{"rendered":"https:\/\/marmarayerelhizmet.com\/?p=15188"},"modified":"2023-09-13T16:12:43","modified_gmt":"2023-09-13T13:12:43","slug":"sit-alanina-cakil-taslari-dokuldu","status":"publish","type":"post","link":"https:\/\/marmarayerelhizmet.com\/index.php\/2023\/09\/13\/sit-alanina-cakil-taslari-dokuldu\/","title":{"rendered":"Sit Alan\u0131na \u00c7ak\u0131l Ta\u015flar\u0131 D\u00f6k\u00fcld\u00fc"},"content":{"rendered":"<p><span style=\"font-size: 14px;\"><strong><span style=\"font-family: arial, helvetica, sans-serif;\">T\u00fcrkiye\u2019nin \u00f6nemli k\u0131\u015f turizmi merkezlerinden Uluda\u011f\u2019da 1. Sit Alan\u0131 ilan edilen b\u00f6lgeye \u00e7ak\u0131l ta\u015flar\u0131 d\u00f6k\u00fcld\u00fc. DO\u011eADER Ba\u015fkan\u0131 Sedat G\u00fcler, \u201cBursa\u2019da koruma alt\u0131na al\u0131nm\u0131\u015f tarihi bir binay\u0131 y\u0131kmakla, buraya yok etmek aras\u0131nda fark yoktur\u201d diyerek tepkisini dile getirdi.<br \/>\n<\/span><\/strong><\/span><br \/>\n<span style=\"font-family: arial, helvetica, sans-serif; font-size: 14px;\">K\u0131\u015f turizminin g\u00f6zde mekanlar\u0131ndan Uluda\u011f Kirazl\u0131yayla g\u00fcn\u00fcbirlik piknik alan\u0131na kamyonlarla \u00e7ak\u0131l ta\u015f\u0131 d\u00f6k\u00fcld\u00fc. Endemik bitki t\u00fcrlerinin yeti\u015fti\u011fi bu b\u00f6lge ayn\u0131 zamanda 1. Sit Alan\u0131 ilan edildi\u011fi biliniyor.<\/span><br \/>\n<span style=\"font-family: arial, helvetica, sans-serif; font-size: 14px;\">Do\u011fay\u0131 ve \u00c7evreyi Koruma Derne\u011fi (DO\u011eADER) Ba\u015fkan\u0131 Sedat G\u00fcler de b\u00f6lgeye gelerek bir bas\u0131n a\u00e7\u0131klamas\u0131 yapt\u0131. A\u00e7\u0131klamada, bu b\u00f6lgenin Milli Parklar korumas\u0131nda oldu\u011funu ve yap\u0131lan uygulaman\u0131n kanunen su\u00e7 oldu\u011funu iddia eden G\u00fcler, \u201cUluda\u011f Milli Parklar s\u0131n\u0131rlar\u0131 i\u00e7inde Kirazl\u0131yayl\u0131 g\u00fcn\u00fcbirlik kullan\u0131m alan\u0131nday\u0131z. Bursal\u0131lar\u0131n piknik yapt\u0131klar\u0131 bir aland\u0131r. Bize gelen ihbarlar neticesinde buraya gelip ke\u015fif yap\u0131p, bu g\u00f6r\u00fcnt\u00fcy\u00fc payla\u015ft\u0131k. Bu \u00e7ok \u00fcz\u00fcc\u00fc ve \u00f6fke uyand\u0131r\u0131c\u0131 bir durumdur. Biz bu yaylan\u0131n \u00f6zelli\u011f\u011fini biliyoruz. Binlerce Uluda\u011f \u00e7i\u011fdemi, s\u00fcmb\u00fcller ve kardelenlerin yeti\u015fti\u011fi endemik bitki \u00f6rt\u00fcs\u00fcne sahip bir yaylad\u0131r. Ye\u015fil \u00f6rtesini t\u0131ra\u015f etmi\u015fler. \u00c7i\u00e7eklerin belki tohumlar\u0131 da yok edildi. Burada bir yap\u0131 haz\u0131rl\u0131\u011f\u0131 \u00e7al\u0131\u015fmas\u0131 var. Ne yapacaklar\u0131 da belli de\u011fil. Bunun i\u00e7in bilgi \u00f6\u011frenmek ad\u0131na Milli Parklara dilek\u00e7e verece\u011fiz. Bak\u0131n bu kanunen su\u00e7tur. Milli Parklar s\u0131n\u0131rlar\u0131 i\u00e7inde bu \u015fekilde halka a\u00e7\u0131k bir alanda bir yap\u0131 haz\u0131rl\u0131\u011f\u0131 yap\u0131lmas\u0131, \u00e7ak\u0131l ta\u015flar\u0131 d\u00f6k\u00fclmesi su\u00e7tur. Ayn\u0131 zamanda buras\u0131 1. Derece sit alan\u0131d\u0131r. Bursa\u2019daki koruma alt\u0131na al\u0131nm\u0131\u015f tarihi bir binay\u0131 y\u0131kmakla buray\u0131 yok etmek aras\u0131nda bir fark yok. Bunun tek sorumlusu 2. Orman B\u00f6lge M\u00fcd\u00fcrl\u00fc\u011f\u00fc ve Milli Parklar \u015eube M\u00fcd\u00fcrl\u00fc\u011f\u00fc\u2019d\u00fcr. Buna kim izin vermi\u015f bunu \u00f6\u011frenmeye gidece\u011fiz. Milli Parklar buray\u0131 korumakla m\u00fckelleftir. Milli Parklar yetkililerine sesleniyoruz. Buran\u0131n talan edilmesine izin verilmemesi gerekiyor\u201d dedi.<\/span><br \/>\n<span style=\"font-family: arial, helvetica, sans-serif; font-size: 14px;\">A\u00e7\u0131klaman\u0131n ard\u0131ndan buraya ne yap\u0131laca\u011f\u0131n\u0131n resmi olarak \u00f6\u011frenilmesi i\u00e7in Uluda\u011f Milli Parklar \u015eube M\u00fcd\u00fcrl\u00fc\u011f\u00fc\u2019 ne dilek\u00e7e verildi.<\/span><\/p>\n","protected":false},"excerpt":{"rendered":"<p>T\u00fcrkiye\u2019nin \u00f6nemli k\u0131\u015f turizmi merkezlerinden Uluda\u011f\u2019da 1. Sit Alan\u0131 ilan edilen b\u00f6lgeye \u00e7ak\u0131l ta\u015flar\u0131 d\u00f6k\u00fcld\u00fc. DO\u011eADER Ba\u015fkan\u0131 Sedat G\u00fcler, \u201cBursa\u2019da<\/p>\n","protected":false},"author":3,"featured_media":15190,"comment_status":"open","ping_status":"open","sticky":false,"template":"","format":"standard","meta":{"colormag_page_container_layout":"default_layout","colormag_page_sidebar_layout":"default_layout","footnotes":""},"categories":[1,5],"tags":[],"class_list":["post-15188","post","type-post","status-publish","format-standard","has-post-thumbnail","hentry","category-genel","category-gundem"],"_links":{"self":[{"href":"https:\/\/marmarayerelhizmet.com\/index.php\/wp-json\/wp\/v2\/posts\/15188","targetHints":{"allow":["GET"]}}],"collection":[{"href":"https:\/\/marmarayerelhizmet.com\/index.php\/wp-json\/wp\/v2\/posts"}],"about":[{"href":"https:\/\/marmarayerelhizmet.com\/index.php\/wp-json\/wp\/v2\/types\/post"}],"author":[{"embeddable":true,"href":"https:\/\/marmarayerelhizmet.com\/index.php\/wp-json\/wp\/v2\/users\/3"}],"replies":[{"embeddable":true,"href":"https:\/\/marmarayerelhizmet.com\/index.php\/wp-json\/wp\/v2\/comments?post=15188"}],"version-history":[{"count":0,"href":"https:\/\/marmarayerelhizmet.com\/index.php\/wp-json\/wp\/v2\/posts\/15188\/revisions"}],"wp:featuredmedia":[{"embeddable":true,"href":"https:\/\/marmarayerelhizmet.com\/index.php\/wp-json\/wp\/v2\/media\/15190"}],"wp:attachment":[{"href":"https:\/\/marmarayerelhizmet.com\/index.php\/wp-json\/wp\/v2\/media?parent=15188"}],"wp:term":[{"taxonomy":"category","embeddable":true,"href":"https:\/\/marmarayerelhizmet.com\/index.php\/wp-json\/wp\/v2\/categories?post=15188"},{"taxonomy":"post_tag","embeddable":true,"href":"https:\/\/marmarayerelhizmet.com\/index.php\/wp-json\/wp\/v2\/tags?post=15188"}],"curies":[{"name":"wp","href":"https:\/\/api.w.org\/{rel}","templated":true}]}}