{"id":15184,"date":"2023-09-13T16:07:22","date_gmt":"2023-09-13T13:07:22","guid":{"rendered":"https:\/\/marmarayerelhizmet.com\/?p=15184"},"modified":"2023-09-13T16:07:22","modified_gmt":"2023-09-13T13:07:22","slug":"beylikduzunde-beslenme-saati","status":"publish","type":"post","link":"https:\/\/marmarayerelhizmet.com\/index.php\/2023\/09\/13\/beylikduzunde-beslenme-saati\/","title":{"rendered":"Beylikd\u00fcz\u00fc&#8217;nde \u2018Beslenme Saati\u2019"},"content":{"rendered":"<p><strong><span style=\"font-family: arial, helvetica, sans-serif; font-size: 14px;\">Beylikd\u00fcz\u00fc Belediyesi taraf\u0131ndan ilk\u00f6\u011fretim \u00e7a\u011f\u0131ndaki ihtiya\u00e7 sahibi ailelerin \u00e7ocuklar\u0131na y\u00f6nelik d\u00fczenlenen uygulama \u00e7er\u00e7evesinde 3 d\u00f6nemde bin 500 \u00e7ocu\u011fa 237 bin 876 \u00f6\u011f\u00fcn ula\u015ft\u0131rd\u0131. \u00d6\u011f\u00fcnlerin haz\u0131rland\u0131\u011f\u0131 alan Beylikd\u00fcz\u00fc Belediye Ba\u015fkan\u0131 Mehmet Murat \u00c7al\u0131k taraf\u0131ndan denetlendi.<br \/>\n<\/span><\/strong><br \/>\n<span style=\"font-family: arial, helvetica, sans-serif; font-size: 14px;\">Beylikd\u00fcz\u00fc Belediyesi, 2023 &#8211; 2024 e\u011fitim \u00f6\u011fretim y\u0131l\u0131n\u0131n ba\u015flamas\u0131yla 3 d\u00f6nemdir yap\u0131lan \u2018Beslenme Saati\u2019 projesi haz\u0131rl\u0131klar\u0131n\u0131 tamamlad\u0131. \u0130htiya\u00e7 sahibi ailelerin \u00e7ocuklar\u0131na y\u00f6nelik yap\u0131lan proje ile ilk etap bin 500 \u00e7ocu\u011fa toplam 237 bin 876 \u00f6\u011f\u00fcn da\u011f\u0131t\u0131ld\u0131. Da\u011f\u0131t\u0131lan \u00f6\u011f\u00fcnlerin i\u00e7erisine \u00e7ocuklar\u0131n \u00f6\u011f\u00fcn olarak almalar\u0131 gereken kalori ve vitamin de\u011ferleri hesaplanarak \u00fcr\u00fcn yerle\u015ftirildi. Beylikd\u00fcz\u00fc Belediye Ba\u015fkan\u0131 Mehmet Murat \u00c7al\u0131k projenin tan\u0131t\u0131m\u0131n\u0131 d\u00fczenlenen bas\u0131n toplant\u0131s\u0131 ile duyurdu. Ba\u015fkan \u00c7al\u0131k, bas\u0131n toplant\u0131s\u0131 \u00f6ncesinde ise \u00e7ocuklara \u00f6\u011f\u00fcnlerin haz\u0131rland\u0131\u011f\u0131 mutfa\u011f\u0131 gezip \u00e7al\u0131\u015fanlara da yard\u0131m etti.<\/span><\/p>\n<p><span style=\"font-family: arial, helvetica, sans-serif; font-size: 14px;\">Ba\u015fkan \u00c7al\u0131k, devlet okullar\u0131nda okuyan ihtiya\u00e7 sahibi ailelerin \u00e7ocuklar\u0131na destek vermek istediklerini kaydederek, \u201cBiz Beslenme Saati projesini 2021 y\u0131l\u0131nda faaliyete ge\u00e7irdik bizim 3\u2019\u00fcnc\u00fc sezonumuz olacak. Bug\u00fcne kadar yakla\u015f\u0131k 237 bin 876 g\u0131da paket deste\u011fini evlatlar\u0131m\u0131za ve ailelerimize ula\u015ft\u0131rd\u0131k. Bug\u00fcn\u00fcn ko\u015fullar\u0131nda ciddi bir destek. Evlatlar\u0131m\u0131z okulda di\u011fer arkada\u015flar\u0131m\u0131zdan geri kalmas\u0131n istiyoruz. E\u011fitim \u00f6\u011fretimde f\u0131rsat e\u015fitli\u011fi birinci hedefimiz. Biz istiyoruz ki \u00e7ocuk g\u00fcn i\u00e7erisinde almas\u0131 gereken kalorinin bir miktar\u0131n\u0131 bizim vermi\u015f oldu\u011fumuz beslenme \u00e7antalar\u0131 ile sa\u011flas\u0131nlar. Bunu yaparken Kad\u0131n Aile M\u00fcd\u00fcrl\u00fc\u011f\u00fcm\u00fcz personellerimiz yan\u0131 s\u0131ra diyetisyenler e\u015fli\u011finde uzmanlar e\u015fli\u011finde haz\u0131rlan\u0131yor men\u00fcler. \u00c7ocuklar\u0131n ayn\u0131 yemekten s\u0131k\u0131lma olay\u0131n\u0131 da kald\u0131rmak i\u00e7in men\u00fclerimizi yeniliyoruz. Ama mutlaka \u00e7ocuklar\u0131n men\u00fclerinde i\u00e7ece\u011fi bir meyve suyu s\u00fct bulunduruyoruz. Mutlaka mevsim meyvesi bu paketin i\u00e7erisinde var. Mutlaka kuruyemi\u015f bulunduruyoruz\u201d dedi.<\/span><\/p>\n<p><span style=\"font-family: arial, helvetica, sans-serif; font-size: 14px;\">Haz\u0131rlanan paketlerde marka olmad\u0131\u011f\u0131n\u0131 s\u00f6yleyen \u00c7al\u0131k, \u201cBir i\u015fi yapars\u0131n\u0131z k\u0131ymetlidir ama nas\u0131l yapt\u0131\u011f\u0131n\u0131z o i\u015ften daha k\u0131ymetlidir. Bizim arzumuz iste\u011fimiz y\u00f6netimler de\u011fi\u015fse de y\u00f6netimdeki arkada\u015flar de\u011fi\u015fse de bu projenin art\u0131k Beylikd\u00fcz\u00fc\u2019n\u00fcn vazge\u00e7ilmezlerinden birisi olmas\u0131. Burada depolar\u0131m\u0131z var bu depolar bizim y\u00f6nlendirmelerimiz ile davet etti\u011fimiz i\u015f insanlar\u0131 taraf\u0131ndan dolduruluyor. Bu kentte kazan\u00e7 sa\u011flayan bu kentin hizmetlerinden istifade eden kendi ekonomik \u00f6zg\u00fcrl\u00fc\u011f\u00fcn\u00fc sa\u011flam\u0131\u015f i\u015f adamlar\u0131 buraya katk\u0131lar sa\u011fl\u0131yor. Bu da bizi \u00e7ok mutlu ediyor. Burada kurumsal olarak Beylikd\u00fcz\u00fc Belediyesi deste\u011fi vard\u0131r. Ama onun d\u0131\u015f\u0131nda burada \u00e7ok ciddi bir hay\u0131rsever katk\u0131s\u0131 ile mutfak k\u0131sm\u0131m\u0131z d\u00f6nd\u00fcr\u00fcl\u00fcyor hem de \u00e7ocuklar\u0131m\u0131za beslenme saatinde verdi\u011fimiz g\u0131dalar\u0131 burada kendimiz \u00fcretiyoruz\u201d diye konu\u015ftu.<\/span><\/p>\n","protected":false},"excerpt":{"rendered":"<p>Beylikd\u00fcz\u00fc Belediyesi taraf\u0131ndan ilk\u00f6\u011fretim \u00e7a\u011f\u0131ndaki ihtiya\u00e7 sahibi ailelerin \u00e7ocuklar\u0131na y\u00f6nelik d\u00fczenlenen uygulama \u00e7er\u00e7evesinde 3 d\u00f6nemde bin 500 \u00e7ocu\u011fa 237 bin<\/p>\n","protected":false},"author":3,"featured_media":15186,"comment_status":"open","ping_status":"open","sticky":false,"template":"","format":"standard","meta":{"colormag_page_container_layout":"default_layout","colormag_page_sidebar_layout":"default_layout","footnotes":""},"categories":[1,5,8],"tags":[],"class_list":["post-15184","post","type-post","status-publish","format-standard","has-post-thumbnail","hentry","category-genel","category-gundem","category-siyaset"],"_links":{"self":[{"href":"https:\/\/marmarayerelhizmet.com\/index.php\/wp-json\/wp\/v2\/posts\/15184","targetHints":{"allow":["GET"]}}],"collection":[{"href":"https:\/\/marmarayerelhizmet.com\/index.php\/wp-json\/wp\/v2\/posts"}],"about":[{"href":"https:\/\/marmarayerelhizmet.com\/index.php\/wp-json\/wp\/v2\/types\/post"}],"author":[{"embeddable":true,"href":"https:\/\/marmarayerelhizmet.com\/index.php\/wp-json\/wp\/v2\/users\/3"}],"replies":[{"embeddable":true,"href":"https:\/\/marmarayerelhizmet.com\/index.php\/wp-json\/wp\/v2\/comments?post=15184"}],"version-history":[{"count":0,"href":"https:\/\/marmarayerelhizmet.com\/index.php\/wp-json\/wp\/v2\/posts\/15184\/revisions"}],"wp:featuredmedia":[{"embeddable":true,"href":"https:\/\/marmarayerelhizmet.com\/index.php\/wp-json\/wp\/v2\/media\/15186"}],"wp:attachment":[{"href":"https:\/\/marmarayerelhizmet.com\/index.php\/wp-json\/wp\/v2\/media?parent=15184"}],"wp:term":[{"taxonomy":"category","embeddable":true,"href":"https:\/\/marmarayerelhizmet.com\/index.php\/wp-json\/wp\/v2\/categories?post=15184"},{"taxonomy":"post_tag","embeddable":true,"href":"https:\/\/marmarayerelhizmet.com\/index.php\/wp-json\/wp\/v2\/tags?post=15184"}],"curies":[{"name":"wp","href":"https:\/\/api.w.org\/{rel}","templated":true}]}}