{"id":15172,"date":"2023-09-13T16:02:46","date_gmt":"2023-09-13T13:02:46","guid":{"rendered":"https:\/\/marmarayerelhizmet.com\/?p=15172"},"modified":"2023-09-13T16:02:46","modified_gmt":"2023-09-13T13:02:46","slug":"kanlica-yogurt-festivali-basliyor","status":"publish","type":"post","link":"https:\/\/marmarayerelhizmet.com\/index.php\/2023\/09\/13\/kanlica-yogurt-festivali-basliyor\/","title":{"rendered":"Kanl\u0131ca Yo\u011furt Festivali Ba\u015fl\u0131yor"},"content":{"rendered":"<p><strong><span style=\"font-family: arial, helvetica, sans-serif; font-size: 14px;\">Beykoz\u2019un me\u015fhur tad\u0131 Tarihi Kanl\u0131ca Yo\u011furdunun tan\u0131t\u0131laca\u011f\u0131 \u201c7. Beykoz Kanl\u0131ca Yo\u011furt Festivali\u201d e\u011flenceli ve renkli anlara ev sahipli\u011fi yapacak. Karadeniz M\u00fczi\u011fi\u2019nin sevilen sesi Volkan Arslan\u2019\u0131n konser verece\u011fi festivalde, 5 bin ki\u015filik yo\u011furt ikram\u0131 ve \u00e7ocuk etkinleri yer alacak.<br \/>\n<\/span><\/strong><br \/>\n<span style=\"font-family: arial, helvetica, sans-serif; font-size: 14px;\">Beykoz Belediyesi taraf\u0131ndan il\u00e7eye \u00f6zg\u00fc Tarihi Kanl\u0131ca Yo\u011furdunun tan\u0131t\u0131m\u0131na katk\u0131da bulunmak ve nostaljik lezzeti gelecek nesillere ula\u015ft\u0131rmak amac\u0131yla geleneksel olarak d\u00fczenlenen festival il\u00e7ede tar\u0131m\u0131 canland\u0131rmay\u0131 da hedefliyor.<\/span><\/p>\n<p><strong><span style=\"font-family: arial, helvetica, sans-serif; font-size: 14px;\">Sade, ball\u0131, re\u00e7elli, pudral\u0131<\/span><\/strong><br \/>\n<span style=\"font-family: arial, helvetica, sans-serif; font-size: 14px;\">Osmanl\u0131 d\u00f6neminde, Bo\u011fazi\u00e7i\u2019nin sayfiye yeri Kanl\u0131ca s\u0131rtlar\u0131nda otlayan ke\u00e7ilerin s\u00fct\u00fcnden mayalanan ve pembe rengiyle naml\u0131 Kanl\u0131ca yo\u011furdu, gerek saray e\u015fraf\u0131 gerek halk taraf\u0131ndan ra\u011fbet g\u00f6r\u00fcyor.<\/span><br \/>\n<span style=\"font-family: arial, helvetica, sans-serif; font-size: 14px;\">Bug\u00fcn farkl\u0131 aile i\u015fletmeleri taraf\u0131ndan ya\u015fat\u0131lan geleneksel lezzeti tatmak i\u00e7in \u0130stanbul\u2019un bir\u00e7ok yerinden ziyaret\u00e7iler y\u0131l\u0131n her d\u00f6neminde tarihi semte geliyor. Sadesi ve pudra \u015fekerlisi g\u00f6zde olan yo\u011furdun ball\u0131 ve re\u00e7elli se\u00e7enekleri de bulunuyor.<\/span><\/p>\n<p><strong><span style=\"font-family: arial, helvetica, sans-serif; font-size: 14px;\">Volkan Arslan\u2019dan hareketli Karadeniz t\u00fcrk\u00fcleri<\/span><\/strong><br \/>\n<span style=\"font-family: arial, helvetica, sans-serif; font-size: 14px;\">\u0130stanbullular\u0131n yo\u011fun ilgi g\u00f6stermesi beklenen, Tarihi Kanl\u0131ca Meydan\u0131\u2019nda yap\u0131lacak festival yo\u011furt ikram\u0131yla ba\u015flayacak. Beykoz Belediye Ba\u015fkan\u0131 Murat Ayd\u0131n\u2019\u0131n tarihi meydanda il\u00e7e sakinleriyle bulu\u015faca\u011f\u0131 festivalde \u00e7ocuklar i\u00e7in renkli g\u00f6steriler sergilenecek. Etkinlik \u00e7er\u00e7evesinde Karadeniz M\u00fczi\u011fi\u2019nin ba\u015far\u0131l\u0131 ismi Volkan Arslan son alb\u00fcm\u00fcnden \u015fark\u0131lar\u0131n yer ald\u0131\u011f\u0131 hareketli ve e\u011flenceli bir konser verecek.<\/span><\/p>\n","protected":false},"excerpt":{"rendered":"<p>Beykoz\u2019un me\u015fhur tad\u0131 Tarihi Kanl\u0131ca Yo\u011furdunun tan\u0131t\u0131laca\u011f\u0131 \u201c7. Beykoz Kanl\u0131ca Yo\u011furt Festivali\u201d e\u011flenceli ve renkli anlara ev sahipli\u011fi yapacak. Karadeniz<\/p>\n","protected":false},"author":3,"featured_media":15174,"comment_status":"open","ping_status":"open","sticky":false,"template":"","format":"standard","meta":{"colormag_page_container_layout":"default_layout","colormag_page_sidebar_layout":"default_layout","footnotes":""},"categories":[1,5,6,8],"tags":[],"class_list":["post-15172","post","type-post","status-publish","format-standard","has-post-thumbnail","hentry","category-genel","category-gundem","category-kultur-sanat","category-siyaset"],"_links":{"self":[{"href":"https:\/\/marmarayerelhizmet.com\/index.php\/wp-json\/wp\/v2\/posts\/15172","targetHints":{"allow":["GET"]}}],"collection":[{"href":"https:\/\/marmarayerelhizmet.com\/index.php\/wp-json\/wp\/v2\/posts"}],"about":[{"href":"https:\/\/marmarayerelhizmet.com\/index.php\/wp-json\/wp\/v2\/types\/post"}],"author":[{"embeddable":true,"href":"https:\/\/marmarayerelhizmet.com\/index.php\/wp-json\/wp\/v2\/users\/3"}],"replies":[{"embeddable":true,"href":"https:\/\/marmarayerelhizmet.com\/index.php\/wp-json\/wp\/v2\/comments?post=15172"}],"version-history":[{"count":0,"href":"https:\/\/marmarayerelhizmet.com\/index.php\/wp-json\/wp\/v2\/posts\/15172\/revisions"}],"wp:featuredmedia":[{"embeddable":true,"href":"https:\/\/marmarayerelhizmet.com\/index.php\/wp-json\/wp\/v2\/media\/15174"}],"wp:attachment":[{"href":"https:\/\/marmarayerelhizmet.com\/index.php\/wp-json\/wp\/v2\/media?parent=15172"}],"wp:term":[{"taxonomy":"category","embeddable":true,"href":"https:\/\/marmarayerelhizmet.com\/index.php\/wp-json\/wp\/v2\/categories?post=15172"},{"taxonomy":"post_tag","embeddable":true,"href":"https:\/\/marmarayerelhizmet.com\/index.php\/wp-json\/wp\/v2\/tags?post=15172"}],"curies":[{"name":"wp","href":"https:\/\/api.w.org\/{rel}","templated":true}]}}