{"id":15168,"date":"2023-09-13T15:43:38","date_gmt":"2023-09-13T12:43:38","guid":{"rendered":"https:\/\/marmarayerelhizmet.com\/?p=15168"},"modified":"2023-09-13T15:43:38","modified_gmt":"2023-09-13T12:43:38","slug":"yurt-basvuru-sonuclari-aciklandi","status":"publish","type":"post","link":"https:\/\/marmarayerelhizmet.com\/index.php\/2023\/09\/13\/yurt-basvuru-sonuclari-aciklandi\/","title":{"rendered":"Yurt Ba\u015fvuru Sonu\u00e7lar\u0131 A\u00e7\u0131kland\u0131"},"content":{"rendered":"<p><span style=\"font-size: 14px;\"><strong><span style=\"font-family: arial, helvetica, sans-serif;\">Gen\u00e7lik ve Spor Bakan\u0131 Osman A\u015fk\u0131n Bak, 2023-2024 e\u011fitim \u00f6\u011fretim y\u0131l\u0131 yurt ba\u015fvuru sonu\u00e7lar\u0131n\u0131n a\u00e7\u0131kland\u0131\u011f\u0131n\u0131, ilk yerle\u015ftirme oran\u0131n\u0131n y\u00fczde 87 oldu\u011funu bildirdi.<br \/>\n<\/span><\/strong><\/span><br \/>\n<span style=\"font-family: arial, helvetica, sans-serif; font-size: 14px;\">Gen\u00e7lik ve Spor Bakan\u0131 Bak, Ankara Cebeci&#8217;deki Yurt Koordinasyon Merkezi&#8217;nde yapt\u0131\u011f\u0131 a\u00e7\u0131klamada 29 A\u011fustos ile 2 Eyl\u00fcl tarihleri aras\u0131nda ger\u00e7ekle\u015fen yurt yerle\u015ftirme s\u00fcrecinin ilk a\u015famas\u0131n\u0131n tamamland\u0131\u011f\u0131n\u0131 belirterek, ba\u015fvurular\u0131n 12 kamu kurumu taraf\u0131ndan dijital olarak analiz edildi\u011fini s\u00f6yledi. \u201cTitizlik ve hassasiyetle ger\u00e7ekle\u015ftirilen yerle\u015ftirme s\u00fcrecinde ba\u015fvurusu ge\u00e7erli say\u0131lan \u00f6\u011frencilerimizi gelir, ba\u015far\u0131 ve sosyal durum kriterlerini esas alarak de\u011ferlendirdik ve buna g\u00f6re dijital ortamda bir puanlama s\u0131ras\u0131 olu\u015fturduk\u201d ifadeleriyle s\u00fcrece ili\u015fkin bilgi veren Bakan Bak, bu s\u0131ralamayla \u00f6\u011frencilerin kazand\u0131klar\u0131 okula en yak\u0131n yurtlara yerle\u015fti\u011fini bildirdi. Bakan Osman a\u015fk\u0131n Bak, \u201cE\u011fer o yurtta yer yok ise bir sonraki en yak\u0131n yurda yerle\u015ftirildiler. Yurt kapasitemiz ge\u00e7ti\u011fimiz y\u0131la oranla art\u0131\u015f g\u00f6sterdi. An itibar\u0131yla 81 il, 260 il\u00e7e ve KKTC\u2019de olmak \u00fczere 822 yurt ve toplam 950 bin yatak kapasitesi ile gen\u00e7lerimizin hizmetindeyiz. Yap\u0131m\u0131 h\u0131zla devam eden yurtlar\u0131m\u0131z var; onlar\u0131n k\u0131sa s\u00fcre i\u00e7erisinde tamamlanaca\u011f\u0131 bilgisini de buradan payla\u015fmak istiyorum. B\u00f6ylece k\u0131sa zaman i\u00e7erisinde 1 milyon yatak kapasitesi hedefimize ula\u015fm\u0131\u015f olaca\u011f\u0131z\u201d dedi.<\/span><br \/>\n<span style=\"font-family: arial, helvetica, sans-serif; font-size: 14px;\">\u00d6\u011frencilerin yaln\u0131zca bar\u0131nmada de\u011fil, pek \u00e7ok alanda ihtiya\u00e7lar\u0131na cevap verecek imkanlarla hizmet ettiklerini vurgulayan Bak, \u201cYurtlar\u0131m\u0131z\u0131n standartlar\u0131 olduk\u00e7a y\u00fcksek. Tercih edilme oran\u0131m\u0131z bu iddiam\u0131z\u0131n en a\u00e7\u0131k ispat\u0131\u201d dedi.<\/span><\/p>\n<p><span style=\"font-size: 14px;\"><strong><span style=\"font-family: arial, helvetica, sans-serif;\">\u201c\u0130lk a\u015famada y\u00fczde 87\u2019lik bir yerle\u015ftirme oran\u0131 ile yeni bir rekora imza att\u0131k\u201d<\/span><\/strong><\/span><br \/>\n<span style=\"font-family: arial, helvetica, sans-serif; font-size: 14px;\">Bakan Bak, 2023-2024 y\u0131l\u0131 yurt ba\u015fvurular\u0131 ilk yerle\u015ftirme oranlar\u0131na ili\u015fkin \u015funlar\u0131 aktard\u0131:<\/span><br \/>\n<span style=\"font-family: arial, helvetica, sans-serif; font-size: 14px;\">\u201c\u0130lk a\u015famada y\u00fczde 87\u2019lik bir yerle\u015ftirme oran\u0131 ile yeni bir rekora imza att\u0131k. Bug\u00fcne kadarki en y\u00fcksek talebi alm\u0131\u015f olmam\u0131za ra\u011fmen tarihimizin en y\u00fcksek yerle\u015ftirme oran\u0131na ula\u015ft\u0131k. \u00d6\u011frencilerimiz ve ailelerimiz sonu\u00e7lara e-Devlet \u00fczerinden ula\u015fabilirler. Yedek yerle\u015ftirmelerimiz h\u0131zla devam edecek. Pazartesi ve per\u015fembe g\u00fcnleri olmak \u00fczere haftada iki g\u00fcn yedek yerle\u015ftirme sonu\u00e7lar\u0131n\u0131 a\u00e7\u0131klayaca\u011f\u0131z. \u00d6\u011frencilerimiz bu sonu\u00e7lar\u0131 da yine e-Devlet \u00fczerinden takip edebilirler. \u00c7ok k\u0131sa s\u00fcre i\u00e7erisinde de kalan \u00f6\u011frencilerimizin tamam\u0131n\u0131 yerle\u015ftirmi\u015f olaca\u011f\u0131z.\u201d<\/span><\/p>\n<p><span style=\"font-size: 14px;\"><strong><span style=\"font-family: arial, helvetica, sans-serif;\">Deprem b\u00f6lgesindeki iller i\u00e7in karar<\/span><\/strong><\/span><br \/>\n<span style=\"font-family: arial, helvetica, sans-serif; font-size: 14px;\">Kahramanmara\u015f merkezli depremlerden etkilenen \u00f6\u011frencilerin t\u00fcm\u00fcn\u00fc \u00f6ncelikli gruba dahil ederek yurtlara yerle\u015ftirdiklerini dile getiren Bak, \u201c2023-2024 e\u011fitim \u00f6\u011fretim y\u0131l\u0131nda Ad\u0131yaman, Hatay ve Kahramanmara\u015f illerimiz i\u00e7in &#8216;e\u011fitimin \u00e7evrimi\u00e7i yap\u0131lmas\u0131&#8217; karar\u0131 do\u011frultusunda s\u00f6z konusu illerimizdeki yurtlar\u0131m\u0131za yerle\u015ftirme yap\u0131lmam\u0131\u015ft\u0131r. Bu illerde y\u00fcz y\u00fcze e\u011fitim g\u00f6recek \u00f6\u011frencilerimiz, durumlar\u0131n\u0131 belgelendirmeleri halinde Bakanl\u0131\u011f\u0131m\u0131z taraf\u0131ndan belirlenen yurtlarda kalabileceklerdir\u201d dedi.<\/span><\/p>\n<p><span style=\"font-size: 14px;\"><strong><span style=\"font-family: arial, helvetica, sans-serif;\">\u201cYurtlar\u0131m\u0131z\u0131n her ge\u00e7en g\u00fcn artan kapasitesi ve kalitesi ortada\u201d<\/span><\/strong><\/span><br \/>\n<span style=\"font-family: arial, helvetica, sans-serif; font-size: 14px;\">Bakan Bak, \u00f6\u011frencilerin ihtiya\u00e7 duyduklar\u0131 her anda onlara destek olacaklar\u0131 mesaj\u0131n\u0131 vererek, \u201cYurtlar\u0131m\u0131z, burslar\u0131m\u0131z, \u00f6\u011frenci kredilerimiz, gen\u00e7lik merkezlerimiz, proje desteklerimiz, spor tesislerimiz ve daha niceleri ile her daim yanlar\u0131nda olaca\u011f\u0131z. Gen\u00e7leri merkeze alan bir hizmet anlay\u0131\u015f\u0131na sahibiz. Yurtlar\u0131m\u0131z\u0131n her ge\u00e7en g\u00fcn artan kapasitesi ve kalitesi ortada. Ge\u00e7ti\u011fimiz y\u0131l bildi\u011finiz gibi tarihi bir ad\u0131m atarak, kredi geri \u00f6demelerinde enflasyon etkisini ortadan kald\u0131rd\u0131k\u201d diye konu\u015ftu.<\/span><\/p>\n<p><span style=\"font-size: 14px;\"><strong><span style=\"font-family: arial, helvetica, sans-serif;\">\u201cYerle\u015ftirme s\u00fcrecimizin her bir a\u015famas\u0131nda sizleri bilgilendirmeye devam edece\u011fiz\u201d<\/span><\/strong><\/span><br \/>\n<span style=\"font-family: arial, helvetica, sans-serif; font-size: 14px;\">Gen\u00e7lik i\u00e7in \u00fcretmeye ve \u00e7al\u0131\u015fmaya devam edeceklerini s\u00f6yleyen Bak, \u201cYurtlar\u0131m\u0131zda gen\u00e7lerimizi b\u00fcy\u00fck bir hasret ve heyecanla bekledi\u011fimizi yeniden ifade etmek istiyorum. \u00c7al\u0131\u015fma arkada\u015flar\u0131m\u0131z gen\u00e7lerimiz i\u00e7in haftalard\u0131r haz\u0131rl\u0131k yap\u0131yorlar. Hep birlikte sa\u011fl\u0131k, afiyet ve huzur dolu bir e\u011fitim y\u0131l\u0131 ge\u00e7irmeyi \u00fcmit ediyorum. Yerle\u015ftirme s\u00fcrecimizin her bir a\u015famas\u0131nda sizleri bilgilendirmeye devam edece\u011fiz. Bu vesileyle yeniden b\u00fct\u00fcn \u00f6\u011frencilerimize ho\u015f geldiniz diyor ve s\u00fcrecimizin hay\u0131rl\u0131 olmas\u0131n\u0131 diliyorum\u201d ifadelerini kulland\u0131.<\/span><\/p>\n","protected":false},"excerpt":{"rendered":"<p>Gen\u00e7lik ve Spor Bakan\u0131 Osman A\u015fk\u0131n Bak, 2023-2024 e\u011fitim \u00f6\u011fretim y\u0131l\u0131 yurt ba\u015fvuru sonu\u00e7lar\u0131n\u0131n a\u00e7\u0131kland\u0131\u011f\u0131n\u0131, ilk yerle\u015ftirme oran\u0131n\u0131n y\u00fczde 87<\/p>\n","protected":false},"author":3,"featured_media":15170,"comment_status":"open","ping_status":"open","sticky":false,"template":"","format":"standard","meta":{"colormag_page_container_layout":"default_layout","colormag_page_sidebar_layout":"default_layout","footnotes":""},"categories":[45,1,5,8],"tags":[],"class_list":["post-15168","post","type-post","status-publish","format-standard","has-post-thumbnail","hentry","category-egitim","category-genel","category-gundem","category-siyaset"],"_links":{"self":[{"href":"https:\/\/marmarayerelhizmet.com\/index.php\/wp-json\/wp\/v2\/posts\/15168","targetHints":{"allow":["GET"]}}],"collection":[{"href":"https:\/\/marmarayerelhizmet.com\/index.php\/wp-json\/wp\/v2\/posts"}],"about":[{"href":"https:\/\/marmarayerelhizmet.com\/index.php\/wp-json\/wp\/v2\/types\/post"}],"author":[{"embeddable":true,"href":"https:\/\/marmarayerelhizmet.com\/index.php\/wp-json\/wp\/v2\/users\/3"}],"replies":[{"embeddable":true,"href":"https:\/\/marmarayerelhizmet.com\/index.php\/wp-json\/wp\/v2\/comments?post=15168"}],"version-history":[{"count":0,"href":"https:\/\/marmarayerelhizmet.com\/index.php\/wp-json\/wp\/v2\/posts\/15168\/revisions"}],"wp:featuredmedia":[{"embeddable":true,"href":"https:\/\/marmarayerelhizmet.com\/index.php\/wp-json\/wp\/v2\/media\/15170"}],"wp:attachment":[{"href":"https:\/\/marmarayerelhizmet.com\/index.php\/wp-json\/wp\/v2\/media?parent=15168"}],"wp:term":[{"taxonomy":"category","embeddable":true,"href":"https:\/\/marmarayerelhizmet.com\/index.php\/wp-json\/wp\/v2\/categories?post=15168"},{"taxonomy":"post_tag","embeddable":true,"href":"https:\/\/marmarayerelhizmet.com\/index.php\/wp-json\/wp\/v2\/tags?post=15168"}],"curies":[{"name":"wp","href":"https:\/\/api.w.org\/{rel}","templated":true}]}}