{"id":15156,"date":"2023-09-12T19:09:24","date_gmt":"2023-09-12T16:09:24","guid":{"rendered":"https:\/\/marmarayerelhizmet.com\/?p=15156"},"modified":"2023-09-12T19:09:24","modified_gmt":"2023-09-12T16:09:24","slug":"kura-cekimi-yapildi","status":"publish","type":"post","link":"https:\/\/marmarayerelhizmet.com\/index.php\/2023\/09\/12\/kura-cekimi-yapildi\/","title":{"rendered":"Kura \u00c7ekimi Yap\u0131ld\u0131"},"content":{"rendered":"<p><strong><span style=\"font-family: arial, helvetica, sans-serif; font-size: 14px;\">Ziraat T\u00fcrkiye Kupas\u0131 \u00d6n Eleme Turu kura \u00e7ekimi, TFF Amat\u00f6r \u0130\u015flerden Sorumlu \u0130cra Kurulu \u00dcyesi Ali D\u00fc\u015fmez&#8217;in kat\u0131l\u0131m\u0131 ile yap\u0131ld\u0131. T\u00fcrkiye Kupas\u0131&#8217;nda \u00d6n Eleme Turu ma\u00e7lar\u0131 17 Eyl\u00fcl&#8217;de oynanacak.<br \/>\n<\/span><\/strong><br \/>\n<span style=\"font-family: arial, helvetica, sans-serif; font-size: 14px;\">Ziraat T\u00fcrkiye Kupas\u0131 \u00d6n Eleme Turu kura \u00e7ekimi, TFF Amat\u00f6r \u0130\u015flerden Sorumlu \u0130cra Kurulu \u00dcyesi Ali D\u00fc\u015fmez&#8217;in kat\u0131l\u0131m\u0131 ile ger\u00e7ekle\u015ftirildi. Kura \u00e7ekimini \u00e7evrimi\u00e7i toplant\u0131 daveti ile 28 kul\u00fcp temsilcisi ve misafirler de canl\u0131 olarak takip etti. Yap\u0131lan kura \u00e7ekimi \u00f6ncesinde konu\u015fan Ali D\u00fc\u015fmez, &#8220;T\u00fcrkiye Kupas\u0131&#8217;n\u0131n 2012 y\u0131l\u0131ndan bu zamana &#8216;T\u00fcrkiye&#8217;yi Kucakl\u0131yor&#8217; slogan\u0131 ile \u00e7\u0131kt\u0131\u011f\u0131 yolda, bug\u00fcn de \u00fclkemizdeki t\u00fcm illerimizin kat\u0131l\u0131m\u0131n\u0131n sa\u011flanaca\u011f\u0131 bir kura \u00e7ekimi yapaca\u011f\u0131z. \u0130lk y\u0131llar\u0131nda 32 civar\u0131nda profesyonel tak\u0131m\u0131n olmad\u0131\u011f\u0131 illerden, bu y\u0131l profesyonel tak\u0131m\u0131n olmad\u0131\u011f\u0131 il say\u0131s\u0131 17&#8217;lere d\u00fc\u015fm\u00fc\u015ft\u00fcr. TFF Ba\u015fkan\u0131 ve Y\u00f6netim Kurulumuzun tevecc\u00fch\u00fc ile, profesyonel tak\u0131m\u0131 olmayan t\u00fcm illerin kat\u0131l\u0131m\u0131 ve ge\u00e7ti\u011fimiz sezon depremden dolay\u0131 devam edemeyen iki grup haricindeki kalan 12 BAL grubunda TFF 3. Lig&#8217;e \u00e7\u0131kamayarak BAL puan tablosunda \u00fcst s\u0131rada tamamlayan, her gruptan bir tak\u0131m olacak \u015fekilde 12 tak\u0131m\u0131n da eklenmesi suretiyle, 2023-2024 sezonunda toplamda 28 amat\u00f6r tak\u0131m T\u00fcrkiye Kupas\u0131&#8217;nda m\u00fccadele edecektir. Kupada amat\u00f6r tak\u0131mlar\u0131n bulunmas\u0131n\u0131n hem turnuvaya heyecan verdi\u011fini, hem de o \u015fehirlere bereket getirdi\u011fini d\u00fc\u015f\u00fcnmekteyim. Kul\u00fcplerimizin mali durumlar\u0131n\u0131 da d\u00fc\u015f\u00fcnerek, kupaya \u00f6n eleme turundan kat\u0131lacak 28 tak\u0131m\u0131m\u0131z\u0131 seyahat mesafelerine g\u00f6re 7 ayr\u0131 torbaya ay\u0131rd\u0131k. B\u00f6ylece tak\u0131mlar olabildi\u011fi kadar yak\u0131n mesafelerdeki tak\u0131mlarla e\u015fle\u015ferek seyahat masraflar\u0131n\u0131 d\u00fc\u015f\u00fcrm\u00fc\u015f olacaklar. Yap\u0131lacak olan kura \u00e7ekimimizin t\u00fcm tak\u0131mlar\u0131m\u0131za hay\u0131rl\u0131 olmas\u0131n\u0131 dilerken, ma\u00e7lar\u0131n sakatl\u0131ks\u0131z ve fair play i\u00e7erisinde oynanmas\u0131n\u0131 temenni ediyor, amat\u00f6r tak\u0131mlar\u0131m\u0131z\u0131n T\u00fcrkiye Kupas\u0131&#8217;na dahil edilmesindeki tevecc\u00fchleri nedeniyle TFF Ba\u015fkan\u0131m\u0131za, Y\u00f6netim Kurulumuza ve \u00e7al\u0131\u015fanlar\u0131na te\u015fekk\u00fcr ediyorum&#8221; diye konu\u015ftu.<\/span><br \/>\n<span style=\"font-family: arial, helvetica, sans-serif; font-size: 14px;\">Ziraat T\u00fcrkiye Kupas\u0131&#8217;nda \u00d6n Eleme Turu kar\u015f\u0131la\u015fmalar\u0131 17 Eyl\u00fcl&#8217;de yap\u0131lacak. Tek ma\u00e7 eleme us\u00fcl\u00fcne g\u00f6re oynanacak m\u00fcsabakalarda rakibini ma\u011flup eden ekipler bir \u00fcst tura y\u00fckselecek.<\/span><\/p>\n","protected":false},"excerpt":{"rendered":"<p>Ziraat T\u00fcrkiye Kupas\u0131 \u00d6n Eleme Turu kura \u00e7ekimi, TFF Amat\u00f6r \u0130\u015flerden Sorumlu \u0130cra Kurulu \u00dcyesi Ali D\u00fc\u015fmez&#8217;in kat\u0131l\u0131m\u0131 ile yap\u0131ld\u0131.<\/p>\n","protected":false},"author":3,"featured_media":15158,"comment_status":"open","ping_status":"open","sticky":false,"template":"","format":"standard","meta":{"colormag_page_container_layout":"default_layout","colormag_page_sidebar_layout":"default_layout","footnotes":""},"categories":[1,5,9],"tags":[],"class_list":["post-15156","post","type-post","status-publish","format-standard","has-post-thumbnail","hentry","category-genel","category-gundem","category-spor"],"_links":{"self":[{"href":"https:\/\/marmarayerelhizmet.com\/index.php\/wp-json\/wp\/v2\/posts\/15156","targetHints":{"allow":["GET"]}}],"collection":[{"href":"https:\/\/marmarayerelhizmet.com\/index.php\/wp-json\/wp\/v2\/posts"}],"about":[{"href":"https:\/\/marmarayerelhizmet.com\/index.php\/wp-json\/wp\/v2\/types\/post"}],"author":[{"embeddable":true,"href":"https:\/\/marmarayerelhizmet.com\/index.php\/wp-json\/wp\/v2\/users\/3"}],"replies":[{"embeddable":true,"href":"https:\/\/marmarayerelhizmet.com\/index.php\/wp-json\/wp\/v2\/comments?post=15156"}],"version-history":[{"count":0,"href":"https:\/\/marmarayerelhizmet.com\/index.php\/wp-json\/wp\/v2\/posts\/15156\/revisions"}],"wp:featuredmedia":[{"embeddable":true,"href":"https:\/\/marmarayerelhizmet.com\/index.php\/wp-json\/wp\/v2\/media\/15158"}],"wp:attachment":[{"href":"https:\/\/marmarayerelhizmet.com\/index.php\/wp-json\/wp\/v2\/media?parent=15156"}],"wp:term":[{"taxonomy":"category","embeddable":true,"href":"https:\/\/marmarayerelhizmet.com\/index.php\/wp-json\/wp\/v2\/categories?post=15156"},{"taxonomy":"post_tag","embeddable":true,"href":"https:\/\/marmarayerelhizmet.com\/index.php\/wp-json\/wp\/v2\/tags?post=15156"}],"curies":[{"name":"wp","href":"https:\/\/api.w.org\/{rel}","templated":true}]}}