{"id":15152,"date":"2023-09-12T18:18:24","date_gmt":"2023-09-12T15:18:24","guid":{"rendered":"https:\/\/marmarayerelhizmet.com\/?p=15152"},"modified":"2023-09-12T18:18:24","modified_gmt":"2023-09-12T15:18:24","slug":"erdekte-orman-yangini","status":"publish","type":"post","link":"https:\/\/marmarayerelhizmet.com\/index.php\/2023\/09\/12\/erdekte-orman-yangini\/","title":{"rendered":"Erdek&#8217;te Orman Yang\u0131n\u0131"},"content":{"rendered":"<p><strong><span style=\"font-family: arial, helvetica, sans-serif; font-size: 14px;\">Bal\u0131kesir&#8217;in Erdek il\u00e7esine ba\u011fl\u0131 Atat\u00fcrk Mahallesi&#8217;nin k\u0131rsal S\u0131\u011f\u0131r Yolu Mevkisinde ba\u015flayan orman yang\u0131n\u0131 itfaiye ekiplerinin \u00e7al\u0131\u015fmalar\u0131 sonucu s\u00f6nd\u00fcr\u00fcld\u00fc.<br \/>\n<\/span><\/strong><br \/>\n<span style=\"font-family: arial, helvetica, sans-serif; font-size: 14px;\">Edinilen bilgiye g\u00f6re, nedeni bilinmeyen bir sebeple \u00e7\u0131kan yang\u0131na \u00e7ok say\u0131da itfaiye, polis ve jandarma ekibi sevk edildi. \u0130tfaiye ekipleri s\u00f6nd\u00fcrme \u00e7al\u0131\u015fmalar\u0131n\u0131 \u015fiddetli r\u00fczgara ra\u011fmen b\u00fcy\u00fcmeden ve ba\u015fka yere s\u0131\u00e7ramadan 4 saat i\u00e7inde s\u00f6nd\u00fcrd\u00fc. Yang\u0131n\u0131n s\u00f6nd\u00fcr\u00fclmesinin ard\u0131ndan itfaiye ekipleri, 911 Arama Kurtarma ekipleri ve Erdek Belediyesi&#8217;ne ba\u011fl\u0131 arama kurtarma ekipleri so\u011futma \u00e7al\u0131\u015fmalar\u0131n\u0131 ger\u00e7ekle\u015ftirdi.<\/span><br \/>\n<span style=\"font-family: arial, helvetica, sans-serif; font-size: 14px;\">Yang\u0131nda herhangi bir can kayb\u0131 olmazken yang\u0131n\u0131n \u00e7\u0131k\u0131\u015f sebebi ara\u015ft\u0131r\u0131l\u0131yor.<\/span><\/p>\n","protected":false},"excerpt":{"rendered":"<p>Bal\u0131kesir&#8217;in Erdek il\u00e7esine ba\u011fl\u0131 Atat\u00fcrk Mahallesi&#8217;nin k\u0131rsal S\u0131\u011f\u0131r Yolu Mevkisinde ba\u015flayan orman yang\u0131n\u0131 itfaiye ekiplerinin \u00e7al\u0131\u015fmalar\u0131 sonucu s\u00f6nd\u00fcr\u00fcld\u00fc. Edinilen bilgiye<\/p>\n","protected":false},"author":3,"featured_media":15154,"comment_status":"open","ping_status":"open","sticky":false,"template":"","format":"standard","meta":{"colormag_page_container_layout":"default_layout","colormag_page_sidebar_layout":"default_layout","footnotes":""},"categories":[1,5],"tags":[],"class_list":["post-15152","post","type-post","status-publish","format-standard","has-post-thumbnail","hentry","category-genel","category-gundem"],"_links":{"self":[{"href":"https:\/\/marmarayerelhizmet.com\/index.php\/wp-json\/wp\/v2\/posts\/15152","targetHints":{"allow":["GET"]}}],"collection":[{"href":"https:\/\/marmarayerelhizmet.com\/index.php\/wp-json\/wp\/v2\/posts"}],"about":[{"href":"https:\/\/marmarayerelhizmet.com\/index.php\/wp-json\/wp\/v2\/types\/post"}],"author":[{"embeddable":true,"href":"https:\/\/marmarayerelhizmet.com\/index.php\/wp-json\/wp\/v2\/users\/3"}],"replies":[{"embeddable":true,"href":"https:\/\/marmarayerelhizmet.com\/index.php\/wp-json\/wp\/v2\/comments?post=15152"}],"version-history":[{"count":0,"href":"https:\/\/marmarayerelhizmet.com\/index.php\/wp-json\/wp\/v2\/posts\/15152\/revisions"}],"wp:featuredmedia":[{"embeddable":true,"href":"https:\/\/marmarayerelhizmet.com\/index.php\/wp-json\/wp\/v2\/media\/15154"}],"wp:attachment":[{"href":"https:\/\/marmarayerelhizmet.com\/index.php\/wp-json\/wp\/v2\/media?parent=15152"}],"wp:term":[{"taxonomy":"category","embeddable":true,"href":"https:\/\/marmarayerelhizmet.com\/index.php\/wp-json\/wp\/v2\/categories?post=15152"},{"taxonomy":"post_tag","embeddable":true,"href":"https:\/\/marmarayerelhizmet.com\/index.php\/wp-json\/wp\/v2\/tags?post=15152"}],"curies":[{"name":"wp","href":"https:\/\/api.w.org\/{rel}","templated":true}]}}