{"id":15148,"date":"2023-09-12T18:16:33","date_gmt":"2023-09-12T15:16:33","guid":{"rendered":"https:\/\/marmarayerelhizmet.com\/?p=15148"},"modified":"2023-09-12T18:16:33","modified_gmt":"2023-09-12T15:16:33","slug":"a-milli-takim-japonyaya-4-2-maglup","status":"publish","type":"post","link":"https:\/\/marmarayerelhizmet.com\/index.php\/2023\/09\/12\/a-milli-takim-japonyaya-4-2-maglup\/","title":{"rendered":"A Milli Tak\u0131m, Japonya&#8217;ya 4-2 Ma\u011flup"},"content":{"rendered":"<p><span style=\"font-size: 14px;\"><strong><span style=\"font-family: arial, helvetica, sans-serif;\">A Milli Futbol Tak\u0131m\u0131, Bel\u00e7ika&#8217;da oynanan \u00f6zel ma\u00e7ta Japonya&#8217;ya 4-2&#8217;lik skorla ma\u011flup oldu.<br \/>\n<\/span><\/strong><\/span><br \/>\n<span style=\"font-family: arial, helvetica, sans-serif; font-size: 14px;\">A Milli Tak\u0131m, Bel\u00e7ika&#8217;n\u0131n Genk \u015fehrindeki Cegeka Arena&#8217;da oynanan haz\u0131rl\u0131k m\u00fcsabakas\u0131nda Japonya ile kar\u015f\u0131 kar\u015f\u0131ya geldi. Milliler, Japonya kar\u015f\u0131s\u0131nda U\u011furcan \u00c7ak\u0131r, Mert M\u00fcld\u00fcr, Ozan Kabak, \u00c7a\u011flar S\u00f6y\u00fcnc\u00fc, Onur Bulut, Salih \u00d6zcan, Yusuf Sar\u0131, Salih U\u00e7an, Orkun K\u00f6k\u00e7\u00fc, \u0130rfan Can Kahveci ve Bertu\u011f Y\u0131ld\u0131r\u0131m 11&#8217;i ile sahaya \u00e7\u0131kt\u0131. M\u00fccadelenin 15. dakikas\u0131nda Japonya, Atsuki Ito&#8217;nun kaydetti\u011fi golle 1-0 \u00f6ne ge\u00e7ti. 28. ve 32. dakikalarda Keito Nakamura&#8217;nun buldu\u011fu gollerle Japonlar, 3-0&#8217;l\u0131k \u00fcst\u00fcnl\u00fc\u011f\u00fc yakalad\u0131. 44. dakikada Ozan Kabak&#8217;\u0131n gol\u00fcyle Milliler fark\u0131 2&#8217;ye indirdi. \u0130lk yar\u0131 3-1 Japonya \u00fcst\u00fcnl\u00fc\u011f\u00fc ile noktaland\u0131. A Milli Tak\u0131m, 62. dakikada Bertu\u011f Y\u0131ld\u0131r\u0131m&#8217;\u0131n att\u0131\u011f\u0131 golle skoru 3-2&#8217;ye getirdi. 78. dakikada Japonya Junya Ito&#8217;nun penalt\u0131dan buldu\u011fu golle 4-2 \u00f6ne ge\u00e7ti ve kar\u015f\u0131la\u015fma bu skorla sona erdi.<\/span><br \/>\n<span style=\"font-family: arial, helvetica, sans-serif; font-size: 14px;\">\u00d6te yandan A Milli Tak\u0131m&#8217;da Yusuf Sar\u0131, ilk kez milli formay\u0131 giydi.<\/span><\/p>\n","protected":false},"excerpt":{"rendered":"<p>A Milli Futbol Tak\u0131m\u0131, Bel\u00e7ika&#8217;da oynanan \u00f6zel ma\u00e7ta Japonya&#8217;ya 4-2&#8217;lik skorla ma\u011flup oldu. A Milli Tak\u0131m, Bel\u00e7ika&#8217;n\u0131n Genk \u015fehrindeki Cegeka<\/p>\n","protected":false},"author":3,"featured_media":15150,"comment_status":"open","ping_status":"open","sticky":false,"template":"","format":"standard","meta":{"colormag_page_container_layout":"default_layout","colormag_page_sidebar_layout":"default_layout","footnotes":""},"categories":[1,5,9],"tags":[],"class_list":["post-15148","post","type-post","status-publish","format-standard","has-post-thumbnail","hentry","category-genel","category-gundem","category-spor"],"_links":{"self":[{"href":"https:\/\/marmarayerelhizmet.com\/index.php\/wp-json\/wp\/v2\/posts\/15148","targetHints":{"allow":["GET"]}}],"collection":[{"href":"https:\/\/marmarayerelhizmet.com\/index.php\/wp-json\/wp\/v2\/posts"}],"about":[{"href":"https:\/\/marmarayerelhizmet.com\/index.php\/wp-json\/wp\/v2\/types\/post"}],"author":[{"embeddable":true,"href":"https:\/\/marmarayerelhizmet.com\/index.php\/wp-json\/wp\/v2\/users\/3"}],"replies":[{"embeddable":true,"href":"https:\/\/marmarayerelhizmet.com\/index.php\/wp-json\/wp\/v2\/comments?post=15148"}],"version-history":[{"count":0,"href":"https:\/\/marmarayerelhizmet.com\/index.php\/wp-json\/wp\/v2\/posts\/15148\/revisions"}],"wp:featuredmedia":[{"embeddable":true,"href":"https:\/\/marmarayerelhizmet.com\/index.php\/wp-json\/wp\/v2\/media\/15150"}],"wp:attachment":[{"href":"https:\/\/marmarayerelhizmet.com\/index.php\/wp-json\/wp\/v2\/media?parent=15148"}],"wp:term":[{"taxonomy":"category","embeddable":true,"href":"https:\/\/marmarayerelhizmet.com\/index.php\/wp-json\/wp\/v2\/categories?post=15148"},{"taxonomy":"post_tag","embeddable":true,"href":"https:\/\/marmarayerelhizmet.com\/index.php\/wp-json\/wp\/v2\/tags?post=15148"}],"curies":[{"name":"wp","href":"https:\/\/api.w.org\/{rel}","templated":true}]}}