{"id":15140,"date":"2023-09-12T18:12:23","date_gmt":"2023-09-12T15:12:23","guid":{"rendered":"https:\/\/marmarayerelhizmet.com\/?p=15140"},"modified":"2023-09-12T18:12:23","modified_gmt":"2023-09-12T15:12:23","slug":"bisiklet-yarisindan-fazlasi","status":"publish","type":"post","link":"https:\/\/marmarayerelhizmet.com\/index.php\/2023\/09\/12\/bisiklet-yarisindan-fazlasi\/","title":{"rendered":"&#8216;Bisiklet Yar\u0131\u015f\u0131ndan Fazlas\u0131&#8217;"},"content":{"rendered":"<p><strong><span style=\"font-family: arial, helvetica, sans-serif; font-size: 14px;\">T\u00fcrkiye Bisiklet Federasyonu Ba\u015fkan\u0131 Emin M\u00fcft\u00fco\u011flu, 58. Cumhurba\u015fkanl\u0131\u011f\u0131 T\u00fcrkiye Bisiklet Turu tan\u0131t\u0131m toplant\u0131s\u0131nda yapt\u0131\u011f\u0131 konu\u015fmada, \u201c190 \u00fclkede 13 dilde milyonlarca ki\u015fi taraf\u0131ndan izlenen ve her g\u00fcn yakla\u015f\u0131k 2 bin ki\u015finin bir etaptan di\u011ferine hareket etti\u011fi g\u00f6rsel bir \u015f\u00f6len, bisiklet sporuna ilginin artmas\u0131 ve T\u00fcrkiye tan\u0131t\u0131m\u0131nda \u00f6nemli bir ileti\u015fim platformu olarak g\u00f6r\u00fcyoruz\u201d dedi.<br \/>\n<\/span><\/strong><br \/>\n<span style=\"font-family: arial, helvetica, sans-serif; font-size: 14px;\">Cumhurba\u015fkanl\u0131\u011f\u0131 himayelerinde, Gen\u00e7lik ve Spor Bakanl\u0131\u011f\u0131\u2019n\u0131n destekleriyle T\u00fcrkiye Bisiklet Federasyonu taraf\u0131ndan 8-15 Ekim 2023 tarihleri aras\u0131nda ger\u00e7ekle\u015ftirilecek 58. Cumhurba\u015fkanl\u0131\u011f\u0131 T\u00fcrkiye Bisiklet Turu\u2019nun tan\u0131t\u0131m toplant\u0131s\u0131 ger\u00e7ekle\u015ftirildi. \u0130stanbul Atat\u00fcrk K\u00fclt\u00fcr Merkezi\u2019ndeki organizasyona; \u0130stanbul Vali Yard\u0131mc\u0131s\u0131 \u00dcnal K\u0131l\u0131\u00e7arslan, T\u00fcrkiye Bisiklet Federasyonu Ba\u015fkan\u0131 Emin M\u00fcft\u00fco\u011flu, Cumhurba\u015fkanl\u0131\u011f\u0131 \u0130dari \u0130\u015fler Ba\u015fkanl\u0131\u011f\u0131 Destek ve Mali Hizmetler Genel M\u00fcd\u00fcr\u00fc Mehmet Tuncer, Gen\u00e7lik ve Spor Bakanl\u0131\u011f\u0131 Spor Hizmetleri Genel M\u00fcd\u00fcr Yard\u0131mc\u0131s\u0131 Murat Kocakaya, Gen\u00e7lik ve Spor \u0130l M\u00fcd\u00fcr\u00fc Burhanettin Hac\u0131cafero\u011flu, T\u00fcrkiye Engelliler Spor Yard\u0131m ve E\u011fitim Vakf\u0131 (TESYEV) Ba\u015fkan\u0131 Dr. Av. Murat Aksu, Beykoz Belediye Ba\u015fkan\u0131 Murat Ayd\u0131n, Hollanda \u0130stanbul Ba\u015fkonsolosu Arjen Uijterlinde ve \u00e7ok say\u0131da davetli kat\u0131ld\u0131.<\/span><\/p>\n<p><strong><span style=\"font-family: arial, helvetica, sans-serif; font-size: 14px;\">Emin M\u00fcft\u00fco\u011flu: \u201cT\u00fcrkiye tan\u0131t\u0131m\u0131nda \u00f6nemli bir ileti\u015fim platformu\u201d<\/span><\/strong><br \/>\n<span style=\"font-family: arial, helvetica, sans-serif; font-size: 14px;\">T\u00fcrkiye Bisiklet Federasyonu Ba\u015fkan\u0131 Emin M\u00fcft\u00fco\u011flu, Kahramanmara\u015f merkezli meydana gelen depremlerde hayatlar\u0131n\u0131 kaybedenlere ba\u015fsa\u011fl\u0131\u011f\u0131 dileyerek s\u00f6zlerine ba\u015flad\u0131. M\u00fcft\u00fco\u011flu, 2023 y\u0131l\u0131nda ger\u00e7ekle\u015ftirilen organizasyonlar hakk\u0131nda bilgiler vererek, \u201cCumhurba\u015fkan\u0131m\u0131z Recep Tayyip Erdo\u011fan\u2019\u0131n himayelerinde ki kendilerine \u00e7ok te\u015fekk\u00fcr etmek istiyoruz. Bu y\u0131l Cumhuriyet\u2019imizin 100. y\u0131l\u0131. Bisiklet ailesinde de 100 y\u0131l; sporun ve tabana yay\u0131lmas\u0131 ile ilgili \u00e7ok \u00f6nemli organizasyonlar yap\u0131yoruz. Cumhurba\u015fkanl\u0131\u011f\u0131 Bisiklet Turu, do\u011faya ve tarihe uzanan, k\u0131talar\u0131 bulu\u015fturan \u00f6zel bir parkurda ger\u00e7ekle\u015ftirece\u011fiz. D\u00fcnyaca \u00fcnl\u00fc bisiklet\u00e7ilerin m\u00fccadele etti\u011fi, 8 g\u00fcn boyunca 2 saatin \u00fczerinde s\u00fcreyle ulusal ve uluslararas\u0131 kanallarda canl\u0131 yay\u0131nlanan, 190 \u00fclkede 13 dilde milyonlarca ki\u015fi taraf\u0131ndan izlenen ve her g\u00fcn yakla\u015f\u0131k 2 bin ki\u015finin bir etaptan di\u011ferine hareket etti\u011fi g\u00f6rsel bir \u015f\u00f6len, bisiklet sporuna ilginin artmas\u0131 ve T\u00fcrkiye tan\u0131t\u0131m\u0131nda \u00f6nemli bir ileti\u015fim platformu olarak g\u00f6r\u00fcyoruz. Bu y\u00f6nleriyle ve 58 y\u0131ll\u0131k tarihiyle ger\u00e7ekten \u00fclkemizin marka organizasyonlar\u0131n\u0131n ba\u015f\u0131nda geliyor. Bu y\u0131l 6 \u015eubat deprem felaketi nedeniyle 8-15 Ekim 2023 tarihlerine ertelenen, Cumhurba\u015fkanl\u0131\u011f\u0131 himayelerinde, Gen\u00e7lik ve Spor Bakanl\u0131\u011f\u0131\u2019n\u0131n destekleriyle, federasyonumuz taraf\u0131ndan 8 etapta ger\u00e7ekle\u015ftirece\u011fimiz organizasyon 14 \u00fclkeden 24 tak\u0131mdan 168 bisiklet\u00e7inin kat\u0131l\u0131m\u0131yla Alanya\u2019da ba\u015flayarak, \u0130stanbul Sultanahmet Meydan\u0131&#8217;nda sona erecek. T\u00fcrkiye Y\u00fczy\u0131l\u0131 ayn\u0131 zamanda T\u00fcrkiye Bisiklet Federasyonu\u2019nun da 100. y\u0131l\u0131. Bu y\u0131la \u00f6zel \u2018Bisikleti B\u00fcy\u00fct\u00fcyoruz\u2019 vizyonu ile Bisiklet yar\u0131\u015flar\u0131n\u0131 Anadolu\u2019ya yaym\u0131\u015f bulunuyoruz. Y\u0131llar i\u00e7inde farkl\u0131 etkileri ile \u00fclkemizde bisiklet k\u00fclt\u00fcr\u00fcn\u00fcn olu\u015fmas\u0131na katk\u0131 sa\u011flad\u0131\u011f\u0131n\u0131 g\u00f6rd\u00fc\u011f\u00fcm\u00fcz Cumhurba\u015fkanl\u0131\u011f\u0131 T\u00fcrkiye Bisiklet Turu\u2019nu, 2023 y\u0131l\u0131nda \u2018Bisiklet Yar\u0131\u015f\u0131ndan Fazlas\u0131\u2019 olarak konumlayarak pek \u00e7ok misyonu da \u00fcstlenmi\u015f bulunuyoruz. TUR 2023 i\u00e7in destek ve emek verecek t\u00fcm ekiplere, payda\u015flar\u0131m\u0131za, Cumhurba\u015fkan\u0131m\u0131za, Valilerimize, Belediye Ba\u015fkanlar\u0131m\u0131za, emniyet, jandarma, sa\u011fl\u0131k ekiplerine, hakemlerimize, motorize ekiplerimize, siz de\u011ferli medya mensuplar\u0131 dostlar\u0131m\u0131za \u015fimdiden \u00e7ok te\u015fekk\u00fcr ediyoruz\u201d \u015feklinde konu\u015ftu.<\/span><\/p>\n<p><strong><span style=\"font-family: arial, helvetica, sans-serif; font-size: 14px;\">Murat Kocakaya: \u201cTur \u00fclkemizin tan\u0131t\u0131m\u0131nda \u00f6nemli yere sahip\u201d<\/span><\/strong><br \/>\n<span style=\"font-family: arial, helvetica, sans-serif; font-size: 14px;\">Gen\u00e7lik ve Spor Bakanl\u0131\u011f\u0131 Spor Hizmetleri Genel M\u00fcd\u00fcr Yard\u0131mc\u0131s\u0131 Murat Kocakaya, \u201cBu sene 58.\u2019si d\u00fczenlenecek TUR, 8 etaptan olu\u015facak. 24 tak\u0131m\u0131n yer alaca\u011f\u0131 organizasyonda uluslararas\u0131 sporcular yer alacak ve \u00fclkemizden 4 tak\u0131m m\u00fccadele edecek. TUR halk\u0131m\u0131za bisiklet sporunu sevdirmenin yan\u0131 sora \u00fclkemizin tan\u0131t\u0131m\u0131nda da \u00f6nemli yere sahip. Organizasyonda eme\u011fi olan herkese te\u015fekk\u00fcr ediyorum\u201d diye konu\u015ftu.<\/span><\/p>\n<p><strong><span style=\"font-family: arial, helvetica, sans-serif; font-size: 14px;\">Mehmet Tuncer: \u201cTur \u00fclkemizin spordaki geli\u015fimine \u00e7ok b\u00fcy\u00fck katl\u0131 sunuyor\u201d<\/span><\/strong><br \/>\n<span style=\"font-family: arial, helvetica, sans-serif; font-size: 14px;\">Tan\u0131t\u0131m toplant\u0131s\u0131nda konu\u015fma yapan Cumhurba\u015fkanl\u0131\u011f\u0131 \u0130dari \u0130\u015fler Ba\u015fkanl\u0131\u011f\u0131 Destek ve Mali Hizmetler Genel M\u00fcd\u00fcr\u00fc Mehmet Tuncer ise \u015fu ifadeleri kulland\u0131:<\/span><br \/>\n<span style=\"font-family: arial, helvetica, sans-serif; font-size: 14px;\">\u201cCumhurba\u015fkanl\u0131\u011f\u0131 Bisiklet Turu, \u00fclkemizin spordaki geli\u015fimine \u00e7ok b\u00fcy\u00fck katk\u0131 sunuyor. Gen\u00e7lerimizin \u00e7ocukluktan beri bisikletle bir ba\u011f kurmas\u0131ndan dolay\u0131 katk\u0131lar\u0131m\u0131z\u0131 s\u00fcrd\u00fcr\u00fcyoruz. Di\u011fer bir amac\u0131m\u0131z ise turizm amac\u0131ndan tan\u0131t\u0131m\u0131n\u0131 sunmakt\u0131r. Sporseverler ge\u00e7ti\u011fimiz y\u0131l canl\u0131 yay\u0131nlarla organizasyonu izlemi\u015flerdir. T\u00fcrkiye Y\u00fczy\u0131l\u0131 vizyonu ile spor bran\u015flar\u0131nda gelen zaferler bizleri gururland\u0131rmaktad\u0131r. Yar\u0131m as\u0131rdan fazlad\u0131r devam eden organizasyona eme\u011fi ge\u00e7en herkese te\u015fekk\u00fcr ediyorum.\u201d<\/span><\/p>\n<p><strong><span style=\"font-family: arial, helvetica, sans-serif; font-size: 14px;\">Parkur nefesleri kesecek<\/span><\/strong><br \/>\n<span style=\"font-family: arial, helvetica, sans-serif; font-size: 14px;\">58. Cumhurba\u015fkanl\u0131\u011f\u0131 T\u00fcrkiye Bisiklet Turu &#8216;Bir Bisiklet Yar\u0131\u015f\u0131ndan Fazlas\u0131&#8217; slogan\u0131yla 8 Ekim Pazar g\u00fcn\u00fc Alanya\u2019dan ba\u015flayarak, 15 Ekim Pazar g\u00fcn\u00fc \u0130stanbul\u2019da sona erecek.<\/span><br \/>\n<span style=\"font-family: arial, helvetica, sans-serif; font-size: 14px;\">23-30 Nisan 2023 tarihlerinde planlanan ancak 6 \u015eubat deprem felaketi nedeni ile Uluslararas\u0131 Bisiklet Birli\u011fi\u2019nin destekleri ile ekim ay\u0131na ertelenen 58. Cumhurba\u015fkanl\u0131\u011f\u0131 T\u00fcrkiye Bisiklet Turu; 8 g\u00fcn, 8 etapta; Alanya\u2019dan Kemer\u2019e, Kalkan\u2019dan Fethiye\u2019ye, Marmaris\u2019ten Bodrum\u2019a, Sel\u00e7uk\u2019tan Manisa ve \u0130zmir\u2019e uzanan g\u00fczergah boyunca d\u00fcnyaca \u00fcnl\u00fc pedallar\u0131n m\u00fccadelesine sahne olurken, yedinci etap sonunda tak\u0131mlar\u0131n \u0130zmir\u2019den \u0130stanbul\u2019a transferinin ard\u0131ndan \u0130stanbul-Sultanahmet etab\u0131 ile sona erecek.<\/span><br \/>\n<span style=\"font-family: arial, helvetica, sans-serif; font-size: 14px;\">TUR\u2019da ge\u00e7mi\u015fte yar\u0131\u015fm\u0131\u015f ve performanslar\u0131yla d\u00fcnya bisikletinin zirvesine y\u00fckselen onlarca bisiklet\u00e7i yar\u0131\u015facak. 1.231,2 kilometrelik 2023 parkuru \u015fu \u015fekilde olacak:<\/span><br \/>\n<span style=\"font-family: arial, helvetica, sans-serif; font-size: 14px;\">1. Etap: 8 Ekim 2023 Alanya &#8211; Antalya (134 km)<\/span><br \/>\n<span style=\"font-family: arial, helvetica, sans-serif; font-size: 14px;\">2. Etap: 9 Ekim 2023 Kemer &#8211; Kalkan (165 km)<\/span><br \/>\n<span style=\"font-family: arial, helvetica, sans-serif; font-size: 14px;\">3. Etap: 10 Ekim 2023 Fethiye &#8211; Babada\u011f (102,9 km)<\/span><br \/>\n<span style=\"font-family: arial, helvetica, sans-serif; font-size: 14px;\">4. Etap: 11 Ekim 2023 Fethiye &#8211; Marmaris (162,1 km)<\/span><br \/>\n<span style=\"font-family: arial, helvetica, sans-serif; font-size: 14px;\">5. Etap: 12 Ekim 2023 Marmaris &#8211; Yal\u0131kavak (180,5 km)<\/span><br \/>\n<span style=\"font-family: arial, helvetica, sans-serif; font-size: 14px;\">6. Etap: 13 Ekim 2023 Bodrum &#8211; Sel\u00e7uk (193,2 km)<\/span><br \/>\n<span style=\"font-family: arial, helvetica, sans-serif; font-size: 14px;\">7. Etap: 14 Ekim 2023 Sel\u00e7uk &#8211; Manisa- \u0130zmir (159,8 km)<\/span><br \/>\n<span style=\"font-family: arial, helvetica, sans-serif; font-size: 14px;\">8. Etap: 15 Ekim 2023 \u0130stanbul &#8211; Sultanahmet (133,7 km)<\/span><\/p>\n<p><strong><span style=\"font-family: arial, helvetica, sans-serif; font-size: 14px;\">14 \u00fclkeden 24 tak\u0131m, 168 bisiklet\u00e7i m\u00fccadele edecek<\/span><\/strong><br \/>\n<span style=\"font-family: arial, helvetica, sans-serif; font-size: 14px;\">D\u00fcnyan\u0131n en \u00f6nemli profesyonel tak\u0131mlar\u0131n\u0131n, d\u00fcnya ve olimpiyat madalyal\u0131 sporcular ile T\u00fcrk sporcular ve gen\u00e7 yeteneklerin yer alaca\u011f\u0131 organizasyonda Almanya, Bel\u00e7ika, Amerika Birle\u015fik Devletleri, Birle\u015fik Arap Emirlikleri, Hollanda, \u0130spanya, \u0130svi\u00e7re, \u0130talya, Japonya, Kazakistan, Kolombiya, Romanya, T\u00fcrkiye, Yeni Zelanda olmak \u00fczere; 14 \u00fclkeden 24 tak\u0131m ve 168 bisiklet\u00e7i yar\u0131\u015facak.<\/span><br \/>\n<span style=\"font-family: arial, helvetica, sans-serif; font-size: 14px;\">Tour de France, Giro d\u2019Italia gibi Grand Tour\u2019larda etap kazanan ve en iyi sprinter unvan\u0131 elde eden Cumhurba\u015fkanl\u0131\u011f\u0131 T\u00fcrkiye Bisiklet Turu\u2019nda ilk s\u0131rada tamamlad\u0131\u011f\u0131 11 sprint etab\u0131 ile etap galibiyeti rekorunu elinde tutan \u00fcnl\u00fc \u0130ngiliz Bisiklet\u00e7i Mark Cavendish, Kazakistan\u2019\u0131n Astana Tak\u0131m\u0131 ile start alacak. UCI d\u00fcnya s\u0131ralamas\u0131nda 7\u2019nci s\u0131rada yer alan 2023 Tour de France\u2019da Ye\u015fil Mayo Lideri olan ve Cumhurba\u015fkanl\u0131\u011f\u0131 T\u00fcrkiye Bisiklet Turu\u2019nda 2021 ve 2022 y\u0131llar\u0131nda 3 etap zaferi kazanan Bel\u00e7ikal\u0131 gen\u00e7 bisiklet\u00e7i Jasper Philipsen, Alpecin tak\u0131m\u0131 ile gelen bir di\u011fer y\u0131ld\u0131z isim. Hollanda Milli Tak\u0131m\u0131\u2019n\u0131n D\u00fcnya \u015eampiyonu sporcular\u0131 Havik Yoeri ve van Schip Jan-Willem gibi \u00f6nemli isimler 58.Cumhurba\u015fkanl\u0131\u011f\u0131 T\u00fcrkiye Bisiklet Turu\u2019nda yer alacak.<\/span><br \/>\n<span style=\"font-family: arial, helvetica, sans-serif; font-size: 14px;\">Organizasyonun UCI kategorilerinde 4 World, 7 Pro, 12 Continental Tak\u0131m ile 1 Milli Tak\u0131m pelotonda m\u00fccadele verecek.<\/span><\/p>\n<p><strong><span style=\"font-family: arial, helvetica, sans-serif; font-size: 14px;\">WorldTeams kategorisinde kat\u0131lan tak\u0131mlar<\/span><\/strong><br \/>\n<span style=\"font-family: arial, helvetica, sans-serif; font-size: 14px;\">Alpecin-Deceuninck (Bel\u00e7ika), Astana Qazaqstan Team (Kazakistan), Bora &#8211; Hansgrohe (Almanya), UAE Team Emirates (Birle\u015fik Arap Emirlikleri)<\/span><\/p>\n<p><strong><span style=\"font-family: arial, helvetica, sans-serif; font-size: 14px;\">ProTeams kategorisinde kat\u0131lan tak\u0131mlar<\/span><\/strong><br \/>\n<span style=\"font-family: arial, helvetica, sans-serif; font-size: 14px;\">Bingoal WB (Bel\u00e7ika), Burgos-BH (\u0130spanya), Corratec Selle Italia (\u0130talya), Eolo-Kometa Cycling Team (\u0130talya), Green Project-Bardianicsf-Faizine (\u0130talya), Q36.5 Pro Cycling Team (\u0130svi\u00e7re), Team Novo Nordisk (Amerika Birle\u015fik Devletleri)<\/span><\/p>\n<p><strong><span style=\"font-family: arial, helvetica, sans-serif; font-size: 14px;\">ContinentalTeams kategorisinde kat\u0131lan tak\u0131mlar<\/span><\/strong><br \/>\n<span style=\"font-family: arial, helvetica, sans-serif; font-size: 14px;\">Abloc CT (Hollanda), Beykoz Belediyesi Spor Kul\u00fcb\u00fc (T\u00fcrkiye), Bike AID (Almanya), Global 6 Cycling (Yeni Zelanda), Konya B\u00fcy\u00fck\u015fehir Belediye Spor (T\u00fcrkiye), P &amp; S Benotti (Almanya), Sakarya BB Pro Team (T\u00fcrkiye), Shimano Racing (Japonya), Sofer &#8211; Savini DUE &#8211; OMZ (Romanya), Spor Toto Cycling Team (T\u00fcrkiye), Tarteletto &#8211; Isorex (Bel\u00e7ika), Team Medellin &#8211; EPM (Kolombiya)<\/span><\/p>\n<p><strong><span style=\"font-family: arial, helvetica, sans-serif; font-size: 14px;\">Milli Tak\u0131m kategorisinde kat\u0131lan tak\u0131m<\/span><\/strong><br \/>\n<span style=\"font-family: arial, helvetica, sans-serif; font-size: 14px;\">Team Netherlands (Hollanda)<\/span><\/p>\n","protected":false},"excerpt":{"rendered":"<p>T\u00fcrkiye Bisiklet Federasyonu Ba\u015fkan\u0131 Emin M\u00fcft\u00fco\u011flu, 58. Cumhurba\u015fkanl\u0131\u011f\u0131 T\u00fcrkiye Bisiklet Turu tan\u0131t\u0131m toplant\u0131s\u0131nda yapt\u0131\u011f\u0131 konu\u015fmada, \u201c190 \u00fclkede 13 dilde milyonlarca<\/p>\n","protected":false},"author":3,"featured_media":15142,"comment_status":"open","ping_status":"open","sticky":false,"template":"","format":"standard","meta":{"colormag_page_container_layout":"default_layout","colormag_page_sidebar_layout":"default_layout","footnotes":""},"categories":[1,5,8,9],"tags":[],"class_list":["post-15140","post","type-post","status-publish","format-standard","has-post-thumbnail","hentry","category-genel","category-gundem","category-siyaset","category-spor"],"_links":{"self":[{"href":"https:\/\/marmarayerelhizmet.com\/index.php\/wp-json\/wp\/v2\/posts\/15140","targetHints":{"allow":["GET"]}}],"collection":[{"href":"https:\/\/marmarayerelhizmet.com\/index.php\/wp-json\/wp\/v2\/posts"}],"about":[{"href":"https:\/\/marmarayerelhizmet.com\/index.php\/wp-json\/wp\/v2\/types\/post"}],"author":[{"embeddable":true,"href":"https:\/\/marmarayerelhizmet.com\/index.php\/wp-json\/wp\/v2\/users\/3"}],"replies":[{"embeddable":true,"href":"https:\/\/marmarayerelhizmet.com\/index.php\/wp-json\/wp\/v2\/comments?post=15140"}],"version-history":[{"count":0,"href":"https:\/\/marmarayerelhizmet.com\/index.php\/wp-json\/wp\/v2\/posts\/15140\/revisions"}],"wp:featuredmedia":[{"embeddable":true,"href":"https:\/\/marmarayerelhizmet.com\/index.php\/wp-json\/wp\/v2\/media\/15142"}],"wp:attachment":[{"href":"https:\/\/marmarayerelhizmet.com\/index.php\/wp-json\/wp\/v2\/media?parent=15140"}],"wp:term":[{"taxonomy":"category","embeddable":true,"href":"https:\/\/marmarayerelhizmet.com\/index.php\/wp-json\/wp\/v2\/categories?post=15140"},{"taxonomy":"post_tag","embeddable":true,"href":"https:\/\/marmarayerelhizmet.com\/index.php\/wp-json\/wp\/v2\/tags?post=15140"}],"curies":[{"name":"wp","href":"https:\/\/api.w.org\/{rel}","templated":true}]}}