{"id":15120,"date":"2023-09-12T11:02:25","date_gmt":"2023-09-12T08:02:25","guid":{"rendered":"https:\/\/marmarayerelhizmet.com\/?p=15120"},"modified":"2023-09-12T11:02:25","modified_gmt":"2023-09-12T08:02:25","slug":"assosta-2-bin-300-yillik-izler","status":"publish","type":"post","link":"https:\/\/marmarayerelhizmet.com\/index.php\/2023\/09\/12\/assosta-2-bin-300-yillik-izler\/","title":{"rendered":"Assos&#8217;ta 2 Bin 300 Y\u0131ll\u0131k \u0130zler"},"content":{"rendered":"<p><strong><span style=\"font-family: arial, helvetica, sans-serif;\">\u00c7anakkale\u2019nin Ayvac\u0131k il\u00e7esindeki Assos \u00d6ren Yeri&#8217;nde Agora\u2019n\u0131n do\u011fusundaki Roma D\u00f6nemi Nymphaeumu&#8217;nda (Abidevi \u00c7e\u015fme) y\u00fcr\u00fct\u00fclen kaz\u0131larla; \u00e7\u00f6pl\u00fck olarak kullan\u0131lan alanda M\u00d6 3. y\u00fczy\u0131la tarihlenen buluntular, 2 bin 300 y\u0131l \u00f6nceki ya\u015fam izlerine \u0131\u015f\u0131k tutacak.<br \/>\n<\/span><\/strong><br \/>\n<span style=\"font-family: arial, helvetica, sans-serif;\">Ba\u015fta Aristoteles olmak \u00fczere Platon&#8217;un \u00f6\u011frencilerinin faaliyette bulundu\u011fu Yunan \u015fehir devletlerinin iyi korunmu\u015f \u00f6rnekleri aras\u0131nda g\u00f6sterilen 7 bin y\u0131ll\u0131k Assos \u00d6ren Yeri\u2019nde, \u00c7anakkale Onsekiz Mart \u00dcniversitesi (\u00c7OM\u00dc) \u0130nsan ve Toplum Bilimleri Fak\u00fcltesi Arkeoloji B\u00f6l\u00fcm\u00fc \u00d6\u011fretim \u00dcyesi Prof. Dr. Nurettin Arslan ba\u015fkanl\u0131\u011f\u0131nda 25 ki\u015filik ekip taraf\u0131nda kaz\u0131 \u00e7al\u0131\u015fmalar\u0131 s\u00fcrd\u00fcr\u00fcl\u00fcyor. Kaz\u0131lar, K\u00fclt\u00fcr ve Turizm Bakanl\u0131\u011f\u0131, T\u00fcrk Tarih Kurumu, \u0130\u00c7DA\u015e ve \u00c7anakkale Valili\u011fi taraf\u0131ndan destekleniyor. Kaz\u0131larda, \u00e7e\u015fitli \u00fcniversitelerden akademisyen ve \u00f6\u011frenciler yer ald\u0131\u011f\u0131 kaz\u0131 12 ayl\u0131k kaz\u0131 program\u0131nda yer al\u0131yor. Arazideki onar\u0131m ve d\u00fczenlenme faaliyetlerinin yan\u0131nda kaz\u0131 laboratuvar\u0131nda eserlerin restorasyon ve belgeleme faaliyetleri yap\u0131l\u0131yor. Assos \u00d6ren Yeri&#8217;nde Agora\u2019n\u0131n do\u011fusundaki Roma D\u00f6nemi Nymphaeumu&#8217;nda (Abidevi \u00c7e\u015fme) y\u00fcr\u00fct\u00fclen kaz\u0131larda, \u00e7\u00f6pl\u00fck olarak kullan\u0131lan (Botros) alanda M\u00d6 3. y\u00fczy\u0131la tarihlenen, Assos\u2019ta g\u00fcndelik hayatta kullan\u0131lan kap, kacaklar, dini rit\u00fcelle kullan\u0131lan pi\u015fmi\u015f topraktan yap\u0131lm\u0131\u015f k\u00fc\u00e7\u00fck heykelcikler (terracottalar) ve kandiller bulundu. Bu buluntular, 2 bin 300 y\u0131l \u00f6nceki ya\u015fam izlerine \u0131\u015f\u0131k tutacak.<\/span><br \/>\n<span style=\"font-family: arial, helvetica, sans-serif;\">Assos \u00d6ren Yeri\u2019nde Roma D\u00f6nemi&#8217;ne ait bir \u00e7e\u015fme binas\u0131nda devam eden kaz\u0131 s\u0131ras\u0131nda \u00e7e\u015fme ile ana kaya aras\u0131ndaki \u00e7\u00f6pl\u00fck olarak kullan\u0131lan bo\u015fluk alanda Assos\u2019ta g\u00fcndelik hayatta insanlar\u0131n kulland\u0131klar\u0131 buluntulara ula\u015ft\u0131klar\u0131n\u0131 belirten Assos \u00d6ren Yeri Kaz\u0131 Ba\u015fkan\u0131 Prof. Dr. Nurettin Arslan, \u201c\u00c7e\u015fme yap\u0131s\u0131n\u0131n kenar\u0131ndaki bo\u015flukta g\u00fcndelik hayatta kullan\u0131lan par\u00e7alar ele ge\u00e7irildi. Bu par\u00e7alardan y\u00fczlerce var. Baz\u0131lar\u0131 iyi korunmu\u015f \u00f6rnekler. Bu par\u00e7alardan insanlar\u0131n g\u00fcnl\u00fck hayatta i\u00e7mek i\u00e7in kulland\u0131klar\u0131 seramik kaplar, insanlar\u0131n ayd\u0131nlatmada kulland\u0131klar\u0131 lamba, kandil dedi\u011fimiz objelerden \u00e7ok fazla say\u0131da \u00f6rnek var. Pi\u015fmi\u015f topraktan yap\u0131lm\u0131\u015f &#8216;terracottalar&#8217; dedi\u011fimiz heykelcikler var. Assos\u2019ta biliyoruz ki, klasik d\u00f6nemden itibaren \u00fcretimi oldu\u011funu biliyoruz. Terracottalar mezarlara hediye olarak kullan\u0131lan e\u015fyalar. Bu par\u00e7alar\u0131n d\u0131\u015f\u0131nda \u00e7ocuklar\u0131n oyuncak olarak kulland\u0131klar\u0131 objeler aras\u0131nda yer al\u0131yor. \u00d6n\u00fcm\u00fczdeki 1 ay i\u00e7inde bu \u00e7\u00f6pl\u00fckte bulunan b\u00fct\u00fcn eserlerin istatisti\u011fini yap\u0131p, \u00fczerine \u00e7al\u0131\u015ft\u0131\u011f\u0131m\u0131z zaman, Assos\u2019ta antik d\u00f6nemde millattan sonra 3 ve 4\u2019\u00fcnc\u00fc y\u00fczy\u0131lda insanlar\u0131n g\u00fcndelik ya\u015famlar\u0131 hakk\u0131na bilgiler elde edebilece\u011fiz. Bu par\u00e7alar\u0131n tarihleri, baz\u0131 terrecottalar Helenistik D\u00f6nem dedi\u011fimiz belki milattan \u00f6nce 2. y\u00fczy\u0131la kadar gidiyor ama a\u011f\u0131rl\u0131kl\u0131 olarak bu \u00e7\u00f6pl\u00fc\u011f\u00fcn tarihinin milattan sonra 3 ve 4\u2019\u00fcnc\u00fc y\u00fczy\u0131l oldu\u011funu s\u00f6yleyebiliriz. Ge\u00e7 Roma D\u00f6nemi oldu\u011funu s\u00f6ylemek m\u00fcmk\u00fcn\u201d dedi.<\/span><\/p>\n","protected":false},"excerpt":{"rendered":"<p>\u00c7anakkale\u2019nin Ayvac\u0131k il\u00e7esindeki Assos \u00d6ren Yeri&#8217;nde Agora\u2019n\u0131n do\u011fusundaki Roma D\u00f6nemi Nymphaeumu&#8217;nda (Abidevi \u00c7e\u015fme) y\u00fcr\u00fct\u00fclen kaz\u0131larla; \u00e7\u00f6pl\u00fck olarak kullan\u0131lan alanda M\u00d6<\/p>\n","protected":false},"author":3,"featured_media":15122,"comment_status":"open","ping_status":"open","sticky":false,"template":"","format":"standard","meta":{"colormag_page_container_layout":"default_layout","colormag_page_sidebar_layout":"default_layout","footnotes":""},"categories":[1,5],"tags":[],"class_list":["post-15120","post","type-post","status-publish","format-standard","has-post-thumbnail","hentry","category-genel","category-gundem"],"_links":{"self":[{"href":"https:\/\/marmarayerelhizmet.com\/index.php\/wp-json\/wp\/v2\/posts\/15120","targetHints":{"allow":["GET"]}}],"collection":[{"href":"https:\/\/marmarayerelhizmet.com\/index.php\/wp-json\/wp\/v2\/posts"}],"about":[{"href":"https:\/\/marmarayerelhizmet.com\/index.php\/wp-json\/wp\/v2\/types\/post"}],"author":[{"embeddable":true,"href":"https:\/\/marmarayerelhizmet.com\/index.php\/wp-json\/wp\/v2\/users\/3"}],"replies":[{"embeddable":true,"href":"https:\/\/marmarayerelhizmet.com\/index.php\/wp-json\/wp\/v2\/comments?post=15120"}],"version-history":[{"count":0,"href":"https:\/\/marmarayerelhizmet.com\/index.php\/wp-json\/wp\/v2\/posts\/15120\/revisions"}],"wp:featuredmedia":[{"embeddable":true,"href":"https:\/\/marmarayerelhizmet.com\/index.php\/wp-json\/wp\/v2\/media\/15122"}],"wp:attachment":[{"href":"https:\/\/marmarayerelhizmet.com\/index.php\/wp-json\/wp\/v2\/media?parent=15120"}],"wp:term":[{"taxonomy":"category","embeddable":true,"href":"https:\/\/marmarayerelhizmet.com\/index.php\/wp-json\/wp\/v2\/categories?post=15120"},{"taxonomy":"post_tag","embeddable":true,"href":"https:\/\/marmarayerelhizmet.com\/index.php\/wp-json\/wp\/v2\/tags?post=15120"}],"curies":[{"name":"wp","href":"https:\/\/api.w.org\/{rel}","templated":true}]}}