{"id":15102,"date":"2023-09-11T18:12:44","date_gmt":"2023-09-11T15:12:44","guid":{"rendered":"https:\/\/marmarayerelhizmet.com\/?p=15102"},"modified":"2023-09-11T18:12:44","modified_gmt":"2023-09-11T15:12:44","slug":"erdogandan-hindistan-donusu-aciklamalar","status":"publish","type":"post","link":"https:\/\/marmarayerelhizmet.com\/index.php\/2023\/09\/11\/erdogandan-hindistan-donusu-aciklamalar\/","title":{"rendered":"Erdo\u011fan&#8217;dan Hindistan D\u00f6n\u00fc\u015f\u00fc A\u00e7\u0131klamalar"},"content":{"rendered":"<p><strong><span style=\"font-family: arial, helvetica, sans-serif; font-size: 14px;\">Cumhurba\u015fkan\u0131 Recep Tayyip Erdo\u011fan, &#8220;Gelecek sene bu vakitlerde \u00e7ok net bir \u015fekilde enflasyonun kal\u0131c\u0131 bir \u015fekilde d\u00fc\u015ft\u00fc\u011f\u00fcn\u00fc in\u015fallah g\u00f6rece\u011fiz&#8221; dedi.<br \/>\n<\/span><\/strong><br \/>\n<span style=\"font-family: arial, helvetica, sans-serif; font-size: 14px;\">Cumhurba\u015fkan\u0131 Recep Tayyip Erdo\u011fan, Hindistan ziyareti d\u00f6n\u00fc\u015f\u00fcnde u\u00e7akta gazetecilerin sorular\u0131n\u0131 yan\u0131tlad\u0131. Erdo\u011fan, 9-10 Eyl\u00fcl 2023 tarihinde Yeni Delhi&#8217;de d\u00fczenlenen 18&#8217;inci G20 Liderler Zirvesi&#8217;ni tamamlad\u0131\u011f\u0131n\u0131, zirve sonu\u00e7lar\u0131yla ilgili kapsaml\u0131 de\u011ferlendirmeyi uluslararas\u0131 bas\u0131nla ger\u00e7ekle\u015ftirilen toplant\u0131da yapt\u0131klar\u0131n\u0131 hat\u0131rlatt\u0131. Toplant\u0131da \u2018Tek D\u00fcnya, Tek Aile ve Tek Gelecek&#8217; temas\u0131 alt\u0131nda g\u00fcndemlerindeki konular\u0131n ele al\u0131nd\u0131\u011f\u0131n\u0131 belirten Erdo\u011fan, \u201c\u0130\u015ftirak etti\u011fimiz oturumlarda k\u00fcresel g\u00fcndemin \u00f6nemli konular\u0131 hakk\u0131nda g\u00f6r\u00fc\u015f al\u0131\u015fveri\u015finde bulunduk. \u00dclkemizin tavr\u0131n\u0131 ve duru\u015funu ortaya koyduk. T\u00fcrkiye olarak bundan sonra da t\u00fcm insanl\u0131\u011f\u0131 ilgilendiren hususlarda aktif rol\u00fc \u00fcstlenmeye devam edece\u011fiz. K\u00fcresel sistemin daha adil, daha ku\u015fat\u0131c\u0131 ve e\u015fitlik\u00e7i bir yap\u0131ya kavu\u015fmas\u0131 i\u00e7in \u00e7al\u0131\u015fmalar\u0131m\u0131z\u0131 s\u00fcrd\u00fcrece\u011fiz. Kar\u015f\u0131 kar\u015f\u0131ya kald\u0131\u011f\u0131m\u0131z her hadise, \u2018D\u00fcnya be\u015ften b\u00fcy\u00fckt\u00fcr&#8217; tespitimizin ne kadar hakl\u0131 oldu\u011funu tekrar g\u00f6steriyor. Birileri rahats\u0131z olsa da bundan geri ad\u0131m atmayaca\u011f\u0131z. Yeni Delhi Zirvesi&#8217;nde Afrika Birli\u011fi&#8217;nin G20&#8217;ye daimi \u00fcyelik talebi de karara ba\u011fland\u0131. G\u00fc\u00e7l\u00fc destek verdi\u011fimiz bu hususta olumlu bir karar al\u0131nm\u0131\u015f olmas\u0131n\u0131 memnuniyetle kar\u015f\u0131l\u0131yoruz. Afrika&#8217;n\u0131n sesini k\u00fcresel ve b\u00f6lgesel meselelerde yank\u0131 bulmas\u0131n\u0131 hep \u00f6nemsedik. G20 platformunda Afrika&#8217;yla mevcut i\u015fbirli\u011fimizi daha da peki\u015ftirece\u011fiz. G20 bug\u00fcne kadar kar\u015f\u0131la\u015ft\u0131\u011f\u0131m\u0131z bir\u00e7ok s\u0131namada liderlik g\u00f6revini ba\u015far\u0131yla yerine getirdi ve etkinli\u011fini kan\u0131tlad\u0131. \u0130\u00e7inde bulundu\u011fumuz ekonomik s\u0131k\u0131nt\u0131lar\u0131n \u00fcstesinden de yine G20&#8217;nin kararl\u0131, etkili ve \u00e7\u00f6z\u00fcm odakl\u0131 anlay\u0131\u015f\u0131yla gelece\u011fimize inan\u0131yorum. Zirve bildirgesinde Karadeniz giri\u015fimiyle ilgili \u00e7abalar\u0131m\u0131za at\u0131f yap\u0131lmas\u0131n\u0131, kutsal kitaplara y\u00f6nelik sald\u0131r\u0131lar\u0131n k\u0131nanmas\u0131n\u0131, S\u0131f\u0131r At\u0131k projelerinin \u00f6nemine de\u011finilmesini, ter\u00f6r meselesinde net tutum al\u0131nmas\u0131n\u0131, \u00fclkemiz, b\u00f6lgemiz ve t\u00fcm d\u00fcnya ad\u0131na k\u0131ymetli buluyoruz. Uluslararas\u0131 toplumun sorumlu bir \u00fcyesi olarak gelecekte de \u00fczerimize d\u00fc\u015feni yapmaya devam edece\u011fiz. \u0130ki g\u00fcn boyunca ger\u00e7ekle\u015ftirdi\u011fimiz isti\u015farelerin hay\u0131rl\u0131 sonu\u00e7lar do\u011furmas\u0131n\u0131 temenni ediyorum\u201d de\u011ferlendirmesinde bulundu.<\/span><\/p>\n<p><strong><span style=\"font-family: arial, helvetica, sans-serif; font-size: 14px;\">&#8220;Putin, Bat\u0131&#8217;n\u0131n kendisine verdi\u011fi s\u00f6zleri tutmad\u0131\u011f\u0131n\u0131 s\u00f6yledi&#8221;<\/span><\/strong><br \/>\n<span style=\"font-family: arial, helvetica, sans-serif; font-size: 14px;\">Bir gazetecinin \u2018Tah\u0131l koridorunun gelece\u011fini nas\u0131l g\u00f6r\u00fcyorsunuz&#8217; sorusuna ili\u015fkin Cumhurba\u015fkan\u0131 Erdo\u011fan, \u201cPazartesi g\u00fcn\u00fc So\u00e7i&#8217;ye yapm\u0131\u015f oldu\u011fumuz ziyarette, Say\u0131n Putin ile bu konular\u0131 enine boyuna ele ald\u0131k. Say\u0131n Putin, Bat\u0131&#8217;n\u0131n kendisine verdi\u011fi s\u00f6zleri tutmad\u0131\u011f\u0131n\u0131 s\u00f6yledi. \u0130lk etapta 1 milyon ton tah\u0131l\u0131 g\u00f6nderece\u011finden bahsetti. Biz de \u00f6zellikle Lavrov ile yapt\u0131\u011f\u0131m\u0131z g\u00f6r\u00fc\u015fmede, 1 milyon ton tah\u0131l\u0131, fakir Afrika \u00fclkelerine Katar-T\u00fcrkiye-Rusya olarak g\u00f6ndermeyi planlad\u0131k. Yapmay\u0131 d\u00fc\u015f\u00fcnd\u00fc\u011f\u00fcm\u00fcz bu ihracat\u0131, tekrar g\u00f6zden ge\u00e7irmek suretiyle ad\u0131mlar\u0131m\u0131z\u0131 ataca\u011f\u0131z. Daha \u00f6nce 33 milyon ton malum tah\u0131l sevkiyat\u0131 yap\u0131lm\u0131\u015ft\u0131. Yeniden bu miktar\u0131 artt\u0131rmak suretiyle en az geli\u015fmi\u015f Afrika \u00fclkelerini rahatlatal\u0131m teklifinde bulunduk. Lavrov da \u2018Bunu Ba\u015fkan ile g\u00f6zden ge\u00e7irelim&#8217; dedi. Ben tekrar Say\u0131n Putin ile bu konuyu telefonda g\u00f6r\u00fc\u015fece\u011fim, bu miktar\u0131 art\u0131rmak suretiyle en az geli\u015fmi\u015f Afrika \u00fclkelerini rahatlatmakta fayda var\u201d a\u00e7\u0131klamas\u0131nda bulundu.<\/span><br \/>\n<span style=\"font-family: arial, helvetica, sans-serif; font-size: 14px;\">\u2018Diyalogu \u00f6nceleyerek ve kazan-kazan ilkesiyle yap\u0131lan her g\u00f6r\u00fc\u015fmenin \u00fclkemiz ve insanl\u0131k i\u00e7in hay\u0131rl\u0131 sonu\u00e7lar do\u011furaca\u011f\u0131na inan\u0131yorum&#8217; diyen Cumhurba\u015fkan\u0131 Erdo\u011fan, \u201c\u0130nsan odakl\u0131 diplomasimiz, bar\u0131\u015fa y\u00f6nelik \u00e7abalar\u0131m\u0131z ve k\u00fcresel meselelerdeki etkin rol\u00fcm\u00fcz t\u00fcm \u00fclkelerce ve uluslararas\u0131 kurulu\u015flarca takdir ediliyor. G20&#8217;de de bu takdir, sonu\u00e7 bildirgesine girerek, kay\u0131tlara ge\u00e7mi\u015f oldu. Gerek zirve marj\u0131ndaki geni\u015f kat\u0131l\u0131ml\u0131 toplant\u0131larda gerek ikili g\u00f6r\u00fc\u015fmelerimizde T\u00fcrkiye&#8217;nin tah\u0131l koridoru anla\u015fmas\u0131n\u0131n devam etmesi i\u00e7in hangi gayretleri g\u00f6sterdi\u011fini, hangi kolayla\u015ft\u0131r\u0131c\u0131 ad\u0131mlar\u0131 att\u0131\u011f\u0131n\u0131, bu konuyla ilgili g\u00fcndemimizde hangi planlar\u0131n oldu\u011funu ve taraflara neler \u00f6nerdi\u011fimizi anlatt\u0131k. Ayn\u0131 gayret ve \u00e7abay\u0131 s\u00fcrd\u00fcrmeye devam edece\u011fiz. D\u00fcnyan\u0131n yeni bir g\u0131da, enerji ya da ba\u015fka bir krize s\u00fcr\u00fcklenmemesi, daha fazla insan kan\u0131 akmamas\u0131 i\u00e7in istikrarla\u015ft\u0131r\u0131c\u0131 g\u00fc\u00e7 olarak her masada yer alaca\u011f\u0131z. Birle\u015fmi\u015f Milletler Genel Kurulunda da konu ana g\u00fcndem maddelerinden olacak. \u00dclkemizin konuya dair yapt\u0131\u011f\u0131 \u00e7al\u0131\u015fmalar\u0131 detayl\u0131ca orada da dile getirece\u011fim. D\u00fcnyan\u0131n yeni bir krize girmemesi, fakir \u00fclkelerin a\u00e7l\u0131kla kar\u015f\u0131 kar\u015f\u0131ya kalmamas\u0131 i\u00e7in biz \u00fczerimize d\u00fc\u015feni yapt\u0131k, yapmaya devam ediyoruz. Bunun da d\u00fcnya kamuoyunca, halklar\u0131nca bilinmesi gerekiyor. O y\u00fczden yapt\u0131\u011f\u0131m\u0131z \u00e7al\u0131\u015fmalar\u0131 her platformda anlataca\u011f\u0131z. Milletler, \u00f6zellikle de Bat\u0131l\u0131 \u00fclkelerin halklar\u0131, g\u0131da krizinin \u00f6nlenmesi i\u00e7in \u00e7abalayan yeg\u00e2ne \u00fclkenin T\u00fcrkiye oldu\u011funu bilmeli. Biz T\u00fcrkiye olarak \u00e7\u00f6z\u00fcmler \u00fcretmeye ve sonuna kadar bu koridorun yeniden a\u00e7\u0131lmas\u0131 i\u00e7in \u00e7aba sarf etmeye devam ederiz\u201d dedi.<\/span><\/p>\n<p><strong><span style=\"font-family: arial, helvetica, sans-serif; font-size: 14px;\">&#8220;Putin ile g\u00f6r\u00fc\u015fmelerimizi devam ettirece\u011fiz&#8221;<\/span><\/strong><br \/>\n<span style=\"font-family: arial, helvetica, sans-serif; font-size: 14px;\">\u201cSize G20&#8217;de tah\u0131l koridoru, bar\u0131\u015f s\u00fcreci, k\u00fcresel \u00e7aptaki mevzularda liderlerden, oradaki di\u011fer \u00fclkelerin bakanlar\u0131ndan gelen talepler oldu mu&#8221; sorusuna ili\u015fkin Cumhurba\u015fkan\u0131 Erdo\u011fan, \u201cBir\u00e7ok liderle ikili g\u00f6r\u00fc\u015fmeler yapt\u0131m. Zirve marj\u0131nda bir araya geldi\u011fim devlet ve h\u00fck\u00fcmet ba\u015fkanlar\u0131, T\u00fcrkiye&#8217;nin \u00e7abalar\u0131n\u0131n ne kadar de\u011ferli oldu\u011funu dile getirdiler. G\u00f6r\u00fc\u015fme yapt\u0131\u011f\u0131m liderlerin hepsi de \u00f6zellikle Karadeniz Tah\u0131l Koridoru&#8217;nun i\u015fletilmesi hususunda bizden yine ricada bulundular. Tabii t\u00fcm liderlerin ortak temennisi, Karadeniz Giri\u015fimi&#8217;nin devam\u0131 y\u00f6n\u00fcnde. Bu konudaki \u00e7abalar\u0131m\u0131za, g\u00f6r\u00fc\u015fmelerimde \u00f6zellikle de\u011finiyorum. \u00c7\u00fcnk\u00fc konunun vahametinin ve T\u00fcrkiye&#8217;nin \u00e7abalar\u0131n\u0131n bilinmesi, g\u00f6r\u00fcnmesi gerekir. T\u00fcrkiye olarak sava\u015f\u0131n ilk an\u0131ndan itibaren bar\u0131\u015f\u0131n sa\u011flanmas\u0131 i\u00e7in y\u00fcr\u00fctt\u00fc\u011f\u00fcm\u00fcz yo\u011fun diplomasiden pek \u00e7ok \u00fclkenin haberi var. Ancak gelinen a\u015famada Bat\u0131l\u0131 \u00fclkelerin de harekete ge\u00e7erek, verdikleri s\u00f6zleri yerine getirmesi gerekiyor. Tabii biz, Say\u0131n Putin&#8217;in \u015fimdilik 1 milyon ton tah\u0131l g\u00f6nderme teklifini g\u00fcndeme getirdik. Telefon diplomasisini s\u00fcrd\u00fcrmek suretiyle bu miktar\u0131 art\u0131rma noktas\u0131nda Say\u0131n Putin&#8217;den ricada bulunaca\u011f\u0131z. Tabii bu konuda Bat\u0131&#8217;n\u0131n da kendine d\u00fc\u015fen g\u00f6revleri yerine getirmesi laz\u0131m. Olay sadece tah\u0131l de\u011fil, bir de burada g\u00fcbre sevkiyat\u0131 var. Bu g\u00fcbre meselesi de hafife al\u0131nacak bir konu de\u011fil. Dolay\u0131s\u0131yla her iki \u00fcr\u00fcn\u00fcn de hedeflerine ula\u015ft\u0131r\u0131lmas\u0131 i\u00e7in Say\u0131n Putin ile g\u00f6r\u00fc\u015fmelerimizi devam ettirece\u011fiz. D\u0131\u015fi\u015fleri Bakan\u0131 Hakan Fidan ayn\u0131 \u015fekilde yak\u0131n markajla konuyu takip edecek ve b\u00f6ylece temennim odur ki bu s\u0131k\u0131nt\u0131lar\u0131 a\u015fm\u0131\u015f olaca\u011f\u0131z\u201d ifadelerini kulland\u0131.<\/span><\/p>\n<p><strong><span style=\"font-family: arial, helvetica, sans-serif; font-size: 14px;\">&#8220;Bat\u0131l\u0131 \u00fclkeler, T\u00fcrkiye&#8217;nin \u00e7abalar\u0131n\u0131 takdir etmekle birlikte kendileri de \u00e7aba harcamal\u0131&#8221;<\/span><\/strong><br \/>\n<span style=\"font-family: arial, helvetica, sans-serif; font-size: 14px;\">&#8220;Rusya&#8217;n\u0131n talepleri a\u00e7\u0131k, net ortada&#8221; diyen Cumhurba\u015fkan\u0131 Erdo\u011fan s\u00f6zlerini \u015fu \u015fekilde devam ettirdi:<\/span><br \/>\n<span style=\"font-family: arial, helvetica, sans-serif; font-size: 14px;\">\u201cRusya&#8217;n\u0131n talepleri a\u00e7\u0131k, net ortada. Rusya&#8217;n\u0131n eksiklik olarak g\u00f6rd\u00fc\u011f\u00fc baz\u0131 hususlar var biliyorsunuz. Bu koridordan g\u00f6nderecekleri tah\u0131l\u0131n paras\u0131n\u0131 alabilmek i\u00e7in bir \u00f6deme mekanizmas\u0131n\u0131n kurulmas\u0131n\u0131 ve gemilerinin sigortalar\u0131n\u0131n yap\u0131labilmesi i\u00e7in yapt\u0131r\u0131mlar\u0131n d\u0131\u015f\u0131nda tutulmas\u0131n\u0131 istiyorlar. Bizler de bu sorunlar\u0131n \u00e7\u00f6z\u00fclmesi ve bir netice alabilmek i\u00e7in \u00e7abal\u0131yoruz. Talepleri kar\u015f\u0131land\u0131\u011f\u0131nda tah\u0131l sevkiyat\u0131n\u0131n da ba\u015flayaca\u011f\u0131n\u0131 Say\u0131n Putin dile getirdi. Bat\u0131l\u0131 \u00fclkeler, T\u00fcrkiye&#8217;nin \u00e7abalar\u0131n\u0131 takdir etmekle birlikte kendileri de \u00e7aba harcamal\u0131, verdikleri s\u00f6zleri yerine getirmeli.\u201d<\/span><br \/>\n<span style=\"font-family: arial, helvetica, sans-serif; font-size: 14px;\">&#8220;ABD ile yak\u0131n d\u00f6nemde iki \u00fclke ticaretini bu hedef rakama y\u00fckseltecek yeni ad\u0131mlar olabilir mi? ABD seyahatinizde ekonomi ve ticaret anlam\u0131nda \u00f6ncelikleriniz neler olacak&#8221; sorusuna Cumhurba\u015fkan\u0131 Erdo\u011fan \u015fu \u015fekilde cevap verdi:<\/span><br \/>\n<span style=\"font-family: arial, helvetica, sans-serif; font-size: 14px;\">\u201cBildi\u011finiz \u00fczere Amerika Birle\u015fik Devletleri&#8217;ne Birle\u015fmi\u015f Milletler Genel Kurulu toplant\u0131s\u0131 i\u00e7in gidiyoruz. Hem o toplant\u0131da verece\u011fimiz mesajlar hem de zirve marj\u0131nda yapaca\u011f\u0131m\u0131z ikili temaslarla ilgili yo\u011fun bir \u00e7al\u0131\u015fma i\u00e7indeyiz. Amerika seyahatinde \u00fclkemizde yat\u0131r\u0131mlar\u0131 olan bir\u00e7ok markayla bir araya gelece\u011fiz. Bunlarla do\u011frudan g\u00f6r\u00fc\u015fmelerimiz olacak ve b\u00fct\u00fcn bunlarla beraber de her y\u0131l geleneksel hale getirilen T\u00fcrk-Amerikan \u0130\u015f Konseyi&#8217;nin malum bir yeme\u011fi olur \u00d6yle zannediyorum ki bu defa da yine bu yeme\u011fi d\u00fczenlemek suretiyle bir heyecan, bir co\u015fku, i\u015f adamlar\u0131na verecekler kanaatindeyim. Fakat ben hepsinden \u00f6te \u00f6zellikle bu markalarla ikili g\u00f6r\u00fc\u015fmeyi \u00e7ok \u00f6nemsiyorum. Bunlar\u0131n zaten T\u00fcrkiye&#8217;de \u00e7ok ciddi yat\u0131r\u0131mlar\u0131 da var. Onlarla yapaca\u011f\u0131m\u0131z g\u00f6r\u00fc\u015fmelerin neticeleri, bizlere \u00e7ok daha \u00f6nemli baz\u0131 geli\u015fmelerin kaydedildi\u011fini g\u00f6sterir. \u00d6rne\u011fin mesela bir firman\u0131n deniz \u00fczerinde g\u00fcne\u015f santrali kurma gibi hedefleri vard\u0131. T\u00fcrkiye&#8217;deki orta\u011f\u0131yla beraber bu ad\u0131m\u0131 atma niyetini ortaya koydular. Fakat bu hamle hen\u00fcz yap\u0131lm\u0131\u015f de\u011fil. Bunun yan\u0131nda GES&#8217;le ilgili geli\u015fmeler var, g\u00fcne\u015f enerjisinde at\u0131lan baz\u0131 ad\u0131mlar var. Bunlar\u0131 \u00e7ok \u00e7ok \u00f6nemsiyoruz. R\u00fczgar ve g\u00fcne\u015f enerjisinde at\u0131lacak bu ad\u0131mlar\u0131n yan\u0131nda n\u00fckleer enerjide de Akkuyu ile att\u0131\u011f\u0131m\u0131z ad\u0131m var. Sinop&#8217;u da Say\u0131n Putin ile konu\u015ftuk. Sinop&#8217;ta ataca\u011f\u0131m\u0131z ad\u0131m. Bir de bu seyahatte 3&#8217;\u00fcnc\u00fc bir santralin kurulmas\u0131 hususunda G\u00fcney Kore Cumhurba\u015fkan\u0131&#8217;yla da bir g\u00f6r\u00fc\u015fme yapt\u0131k. Ve b\u00fct\u00fcn bu ad\u0131mlarla birlikte enerjide s\u0131k\u0131nt\u0131m\u0131z kalmayacak. T\u00fcm bunlarla birlikte T\u00fcrkiye&#8217;nin enerji noktas\u0131ndaki g\u00fcc\u00fcn\u00fc ne yapacakt\u0131r, art\u0131racakt\u0131r.&#8221;<\/span><\/p>\n<p><strong><span style=\"font-family: arial, helvetica, sans-serif; font-size: 14px;\">&#8220;Ata\u015fehir&#8217;de \u0130stanbul Finans Merkezinin bir kulesini de enerji merkezi haline getirme hedefimiz var&#8221;<\/span><\/strong><br \/>\n<span style=\"font-family: arial, helvetica, sans-serif; font-size: 14px;\">Ata\u015fehir&#8217;de \u0130stanbul Finans Merkezinin bir kulesini de enerji merkezi haline getirme hedeflerinin oldu\u011funu ifade eden Erdo\u011fan, \u201cEnerjide hat olman\u0131n \u00f6tesinde Ata\u015fehir&#8217;de \u0130stanbul Finans Merkezinin bir kulesini de enerji merkezi haline getirme hedefimiz var. Bir kuleyi enerjiye tahsis edece\u011fiz. Enerji deyince de bunun i\u00e7inde tabii elektrik enerjisinden tutunuz, GES, HES, do\u011fal gaz, bunun yan\u0131nda maden, b\u00fct\u00fcn yeralt\u0131 madenlerinin de i\u00e7inde yer ald\u0131\u011f\u0131 bir enerji merkezi olacak. Nas\u0131l Londra&#8217;n\u0131n enerji piyasas\u0131 varsa, Hamburg enerji piyasas\u0131 varsa in\u015fallah \u0130stanbul Finans Merkezi de Enerji ve Tabii Kaynaklar Bakanl\u0131\u011f\u0131m\u0131z\u0131n sevk ve idare etti\u011fi bir merkez haline d\u00f6n\u00fc\u015f\u00fcyor. \u00d6te taraftan Washington merkezli bir finans kurulu\u015fu, \u00f6zel bir \u015firketin yat\u0131r\u0131m\u0131 olan Ceyhan&#8217;daki petrokimya tesisine 550 milyon dolar finansman sa\u011flad\u0131. Cezayir Devlet Ba\u015fkan\u0131 Tebbun ile \u0130stanbul&#8217;da yapt\u0131\u011f\u0131m\u0131z g\u00f6r\u00fc\u015fmede, bu konularla ilgili m\u00fc\u015fterek ad\u0131m\u0131m\u0131z\u0131 geli\u015ftirmekten bahsetti. 550 milyon dolar finansman\u0131n Ceyhan&#8217;daki yat\u0131r\u0131ma girmesi \u00e7ok \u00e7ok \u00f6nemli\u201d dedi.<\/span><\/p>\n<p><strong><span style=\"font-family: arial, helvetica, sans-serif; font-size: 14px;\">&#8220;Siyasi ili\u015fkilerimizde yakalad\u0131\u011f\u0131m\u0131z\u0131 olumlu hava, \u00f6n\u00fcm\u00fczdeki d\u00f6nemde ticaretimize de pozitif yans\u0131yacakt\u0131r&#8221;<\/span><\/strong><br \/>\n<span style=\"font-family: arial, helvetica, sans-serif; font-size: 14px;\">ABD ile yakalanan olumlu havan\u0131n \u00f6n\u00fcm\u00fczdeki d\u00f6nemlerde ticarete de pozitif \u015fekilde yans\u0131yaca\u011f\u0131n\u0131n alt\u0131n\u0131 \u00e7izen Erdo\u011fan, \u201cEkonomimizin sa\u011flad\u0131\u011f\u0131m\u0131z destekleyici ad\u0131mlar ve \u00f6zel sekt\u00f6r\u00fcn dinamizmi ile ortaya koydu\u011fu geli\u015fim t\u00fcm \u00fclkeler gibi Amerika Birle\u015fik Devletleri&#8217;ndeki yat\u0131r\u0131mc\u0131lar\u0131n da ilgisini \u00e7ekiyor. 2019&#8217;da 20 milyar dolar\u0131n alt\u0131ndaki ticaret hacmimizi 2022 y\u0131l\u0131nda 32 milyar dolar\u0131n \u00fczerine ta\u015f\u0131yabildiysek, 100 milyar dolar hedefimize de ula\u015faca\u011f\u0131z demektir. Siyasi ili\u015fkilerimizde yakalad\u0131\u011f\u0131m\u0131z\u0131 olumlu hava, \u00f6n\u00fcm\u00fczdeki d\u00f6nemde ticaretimize de pozitif yans\u0131yacakt\u0131r, kimsenin \u015f\u00fcphesi olmas\u0131n. Enerji, otomotiv, demir \u00e7elik gibi ihracat kalemlerinin say\u0131s\u0131n\u0131 ve miktar\u0131n\u0131 art\u0131rmak temel \u00f6nceli\u011fimiz olacak. Var olan i\u015f birli\u011fi alanlar\u0131m\u0131z\u0131, sekt\u00f6rleri \u00e7e\u015fitlendirmek i\u00e7in i\u015f adamlar\u0131m\u0131za da b\u00fcy\u00fck g\u00f6rev d\u00fc\u015f\u00fcyor. T\u00fcrk i\u015f adamlar\u0131 da ABD&#8217;li partnerleriyle ortakl\u0131klar\u0131n\u0131 g\u00fcncellemeli, yeni hedefler belirlemeli. T\u00fcrk ve ABD&#8217;li yat\u0131r\u0131mc\u0131lar, i\u015f adamlar\u0131 daha cesur davranabilirler. \u00c7\u00fcnk\u00fc \u00fclkelerinin y\u00f6netimlerinde ticareti art\u0131racak iradeye sahip, buna g\u00f6re politikalar y\u00fcr\u00fcten iktidarlar mevcut\u201d a\u00e7\u0131klamas\u0131nda bulundu.<\/span><br \/>\n<span style=\"font-family: arial, helvetica, sans-serif; font-size: 14px;\">\u2018OVP hakk\u0131nda yabanc\u0131 kurumlar\u0131n yapt\u0131\u011f\u0131 a\u00e7\u0131klamalar\u0131 nas\u0131l de\u011ferlendirirsiniz?&#8217; ili\u015fkin soruya Cumhurba\u015fkan\u0131 Erdo\u011fan, \u201cBuradaki en b\u00fcy\u00fck avantaj\u0131m\u0131z program\u0131n geni\u015f bir \u015fekilde sahiplenilmesi. \u00dc\u00e7 ayakl\u0131 bir program a\u00e7\u0131klad\u0131k. Birinci aya\u011f\u0131 tabii ki depreme ra\u011fmen, deprem yaralar\u0131n\u0131 sararken mali disiplini koruyaca\u011f\u0131z. 2-3 y\u0131l a\u00e7\u0131klar\u0131m\u0131z y\u00fcksek olacak ama daha sonras\u0131nda Maastricht Kriterlerini \u00e7ok rahat bir \u015fekilde sa\u011flayaca\u011f\u0131z. Zaten borcumuzun milli gelire oran\u0131 olduk\u00e7a d\u00fc\u015f\u00fck. \u0130kinci husus enflasyonla m\u00fccadele yani dezenflasyon program\u0131 Buna ili\u015fkin de \u00e7ok net bir yol haritas\u0131 var. Ona y\u00f6nelik de ald\u0131\u011f\u0131m\u0131z para politikas\u0131 yani miktarsal s\u0131k\u0131la\u015ft\u0131rma, se\u00e7ici kredi s\u0131k\u0131la\u015ft\u0131rmas\u0131 gibi bir\u00e7ok tedbir var. Bunlar\u0131n etkili olmas\u0131 zaman alacak. Para politikas\u0131nda al\u0131nan tedbirlerin etkisi gecikmeli oluyor. Dolay\u0131s\u0131yla b\u00fct\u00fcn \u00fclkelerde bu s\u00fcre\u00e7 b\u00f6yle, biraz zaman alacak. Onun i\u00e7in biraz sab\u0131rl\u0131 olmam\u0131z gerekiyor. Gelecek sene bu vakitlerde \u00e7ok net bir \u015fekilde enflasyonun kal\u0131c\u0131 bir \u015fekilde d\u00fc\u015ft\u00fc\u011f\u00fcn\u00fc in\u015fallah g\u00f6rece\u011fiz. \u00dc\u00e7\u00fcnc\u00fc husus da tabii ki yap\u0131sal reformlar Yap\u0131sal reformlar maliye politikas\u0131n\u0131 ve para politikas\u0131n\u0131 g\u00fc\u00e7l\u00fc bir \u015fekilde destekleyecek. \u0130nan\u0131yorum ki T\u00fcrkiye&#8217;nin kredi notu \u00e7ok ciddi bir \u015fekilde \u00f6n\u00fcm\u00fczdeki d\u00f6nemde y\u00fckseltilmek zorunda kal\u0131nacak. \u00c7\u00fcnk\u00fc \u00e7ok net bir \u015fekilde T\u00fcrkiye&#8217;nin g\u00f6stergeleri zaman i\u00e7erisinde mevcut kredi notunun \u00e7ok \u00f6tesinde bir kredi notunu hak edecek. T\u00fcrkiye&#8217;ye fon ak\u0131\u015f\u0131 g\u00fc\u00e7l\u00fc bir \u015fekilde ba\u015flayacak\u201d de\u011ferlendirmesinde bulundu.<\/span><br \/>\n<span style=\"font-family: arial, helvetica, sans-serif; font-size: 14px;\">Enflasyon konusunda biraz zorlu bir s\u00fcre\u00e7 olacaklar\u0131n\u0131 ve bunu kabulleneceklerini belirten Erdo\u011fan, \u201cEnflasyonla m\u00fccadele ve g\u00fc\u00e7l\u00fc ekonomi i\u00e7in kal\u0131c\u0131 \u00e7\u00f6z\u00fcmlerimizi ve kapsaml\u0131 yol haritam\u0131z\u0131 Orta Vadeli Program ile ortaya koyduk. Bu yol haritas\u0131nda fiyat istikrar\u0131, finansal istikrar, be\u015feri sermaye, istihdam, ye\u015fil ve dijital \u00e7\u00f6z\u00fcm, afet y\u00f6netimi, kamu maliyesi, i\u015f ve yat\u0131r\u0131m ortam\u0131 alanlar\u0131nda reformlar\u0131 hangi takvimde ne \u015fekilde yapaca\u011f\u0131m\u0131z yer al\u0131yor. \u00d6te yandan \u00fclkemiz, istikrarl\u0131 y\u00f6netimi, demokrasiye olan ba\u011fl\u0131l\u0131\u011f\u0131 ve i\u015f kurma, i\u015f yapma imkanlar\u0131yla yabanc\u0131 yat\u0131r\u0131mc\u0131lar i\u00e7in cazip f\u0131rsatlar bar\u0131nd\u0131r\u0131yor. Yat\u0131r\u0131m ve ihracat odakl\u0131 b\u00fcy\u00fcme politikam\u0131z da uluslararas\u0131 sermayeyi T\u00fcrkiye&#8217;ye \u00e7ekecektir. 21 y\u0131ld\u0131r her alanda ortaya koydu\u011fumuz reform nitelikli ad\u0131mlar da i\u015fimizi ne kadar ciddiye ald\u0131\u011f\u0131m\u0131z\u0131n bir g\u00f6stergesi olmu\u015ftur. T\u00fcm bunlar T\u00fcrkiye&#8217;ye olan g\u00fcvenin bo\u015fa \u00e7\u0131kmad\u0131\u011f\u0131n\u0131 yabanc\u0131 yat\u0131r\u0131mc\u0131ya g\u00f6stermi\u015ftir. Att\u0131\u011f\u0131m\u0131z ve ataca\u011f\u0131m\u0131z ad\u0131mlarla T\u00fcrkiye&#8217;ye g\u00fcvenen, bize inanan t\u00fcm yat\u0131r\u0131mc\u0131lar kazanm\u0131\u015ft\u0131r\u201d dedi.<\/span><br \/>\n<span style=\"font-family: arial, helvetica, sans-serif; font-size: 14px;\">T\u00fcrkiye&#8217;yi \u00f6n\u00fcm\u00fczdeki aylarda ekonomik anlamda nas\u0131l bir d\u00f6nem bekliyor? Enflasyonla m\u00fccadele konusunda at\u0131lacak ad\u0131mlar nelerdir? sorusuna ili\u015fkin Erdo\u011fan, \u201cDezenflasyonla birlikte in\u015fallah biz enflasyonun belini k\u0131raca\u011f\u0131z, bu konuda da herhangi bir endi\u015femiz yok. Orta Vadeli Program sadece \u00fclkemizde de\u011fil d\u00fcnyada \u00e7ok \u00e7ok olumlu bir yank\u0131 uyand\u0131rd\u0131 ve Orta Vadeli Program&#8217;\u0131n uyand\u0131rd\u0131\u011f\u0131 bu yank\u0131yla birlikte de piyasalara farkl\u0131 bir canl\u0131l\u0131k geldi, geliyor. Bir de yurt d\u0131\u015f\u0131ndan T\u00fcrkiye&#8217;ye kredi ak\u0131\u015f\u0131 da in\u015fallah ba\u015fl\u0131yor. Gerek Suudi Arabistan ile yapt\u0131\u011f\u0131m\u0131z buradaki g\u00f6r\u00fc\u015fme, gerek Birle\u015fik Arap Emirlikleri ile yapt\u0131\u011f\u0131m\u0131z g\u00f6r\u00fc\u015fmelerle \u00e7ok \u00e7ok verimli ge\u00e7ti. \u0130n\u015fallah yapt\u0131\u011f\u0131m\u0131z anla\u015fmalar\u0131n kar\u015f\u0131l\u0131\u011f\u0131 T\u00fcrkiye&#8217;ye \u00e7ok ciddi manada hem yat\u0131r\u0131mlar\u0131 \u00e7ekecek hem de nakit giri\u015fini de in\u015fallah art\u0131racak. T\u00fcrkiye&#8217;yi \u00f6n\u00fcm\u00fczdeki g\u00fcnlerde ayd\u0131nl\u0131k g\u00fcnler beklemektedir. Baz\u0131 sekt\u00f6rlerdeki fahi\u015f fiyat art\u0131\u015flar\u0131n\u0131n \u00f6n\u00fcne ge\u00e7tik. T\u00fcm sekt\u00f6rlerde de fiyat art\u0131\u015flar\u0131n\u0131 kontrol alt\u0131na alaca\u011f\u0131z. Fahi\u015f fiyat art\u0131\u015flar\u0131n\u0131 durduracak mekanizman\u0131n tavizsiz i\u015flemesiyle enflasyon h\u0131zl\u0131 bir d\u00fc\u015f\u00fc\u015fe ge\u00e7ecektir. \u015eu anda bunu sa\u011fl\u0131yoruz. 21 y\u0131lda T\u00fcrkiye&#8217;yi g\u00fc\u00e7l\u00fc bir ekonomik ve finansal yap\u0131ya kavu\u015fturduk. K\u00fcresel ve b\u00f6lgesel nedenler, son olarak da ya\u015fad\u0131\u011f\u0131m\u0131z asr\u0131n felaketi ekonomide s\u0131k\u0131nt\u0131lar\u0131 beraberinde getirse de zaman\u0131nda ald\u0131\u011f\u0131m\u0131z tedbirler sonu\u00e7 vermeye ba\u015flad\u0131. Al\u0131nan kararlar\u0131n, tedbirlerin h\u0131zl\u0131 sonu\u00e7lar vermeyece\u011fini de biliyoruz. Bir ge\u00e7i\u015f s\u00fcreci, enflasyonun yava\u015flama, durma ve geriye gitme s\u00fcreci var. \u015eu an her \u015fey kontrol alt\u0131nda, dengeli bir \u015fekilde y\u00fcr\u00fct\u00fclen politikalarla, yap\u0131sal reformlarla T\u00fcrkiye&#8217;yi tekrar tek haneli enflasyona kavu\u015fturaca\u011f\u0131z. \u00d6n\u00fcm\u00fczdeki s\u00fcre\u00e7te enflasyonun dizginlemi\u015f ve fiyat istikrar\u0131n\u0131 sa\u011flam\u0131\u015f, yat\u0131r\u0131m-istihdam-\u00fcretim ve istihdama dayal\u0131 b\u00fcy\u00fcme politikalar\u0131 ile kalk\u0131nm\u0131\u015f bir T\u00fcrkiye tablosu ortaya \u00e7\u0131kacakt\u0131r. Bu \u00fclkeyi tek haneli enflasyonla tan\u0131\u015ft\u0131ran, enflasyonla m\u00fccadeleyi en iyi yapan bizim kadrolar\u0131m\u0131z. Yat\u0131r\u0131m, istihdam, \u00fcretim ve ihracat odakl\u0131 y\u00fcr\u00fctt\u00fc\u011f\u00fcm\u00fcz \u00e7al\u0131\u015fmam\u0131zla hedeflerimize k\u0131sa zamanda ula\u015faca\u011f\u0131z. \u00c7al\u0131\u015fmalar\u0131m\u0131z\u0131n olumlu sonu\u00e7lar\u0131n\u0131 almaya ba\u015flad\u0131k. Ataca\u011f\u0131m\u0131z yeni ad\u0131mlarla da kal\u0131c\u0131 \u00e7\u00f6z\u00fcmleri hayata ge\u00e7irece\u011fimize inan\u0131yorum. T\u00fcrkiye Y\u00fczy\u0131l\u0131 vizyonumuz ve ona ula\u015fmak i\u00e7in ataca\u011f\u0131m\u0131z nice ad\u0131mlar T\u00fcrkiye&#8217;nin ekonomik alanda da y\u0131ld\u0131z\u0131n\u0131 parlatacak. Vatanda\u015f\u0131m\u0131z\u0131 hak etti\u011fi kal\u0131c\u0131 ve s\u00fcrd\u00fcr\u00fclebilir refah art\u0131\u015f\u0131na ula\u015ft\u0131racakt\u0131r\u201d a\u00e7\u0131klamas\u0131nda bulundu.<\/span><br \/>\n<span style=\"font-family: arial, helvetica, sans-serif; font-size: 14px;\">\u2018T\u00fcrkiye&#8217;nin enerjide merkez \u00fclke olma hedefinin yani s\u0131ra, k\u00fcresel enerji krizinde de kritik bir rol\u00fc var. Bu ba\u011flamda yak\u0131n bir zamanda somut ad\u0131m bekler miyiz? Zirve kapsam\u0131ndaki temaslarda yakla\u015f\u0131m nas\u0131ld\u0131?&#8217; sorusuna Cumhurba\u015fkan\u0131 Erdo\u011fan \u015fu \u015fekilde cevap verdi:<\/span><br \/>\n<span style=\"font-family: arial, helvetica, sans-serif; font-size: 14px;\">\u201cAta\u015fehir&#8217;deki finans merkezimiz malum a\u00e7\u0131l\u0131\u015f\u0131n\u0131 bizzat kendim yapt\u0131m ve baz\u0131 finans sekt\u00f6r\u00fcne ait kurulu\u015flar buraya yerle\u015fti. Kamu bankalar\u0131 buraya yerle\u015fti. A\u00e7\u0131l\u0131\u015fta da g\u00f6rd\u00fcm ger\u00e7ekten \u00e7ok \u00e7ok g\u00fczel bir finans merkezine sahip olduk. \u015eimdi bu at\u0131lacak ad\u0131mla bir enerji merkezinin Ata\u015fehir&#8217;de kurulmas\u0131n\u0131 sa\u011flayaca\u011f\u0131z. Orada sadece do\u011fal gaz olmayacak. Orada petrol, madenler, yenilenebilir enerji, cevherlerden m\u00fccevherlere varan bir\u00e7ok ad\u0131m at\u0131lacak. Alt\u0131n borsas\u0131 dedi\u011fimiz zaman sadece bildi\u011fimiz yerde de\u011fil, icab\u0131nda orada da ciddi bir sirk\u00fclasyon meydana gelecek ve b\u00fct\u00fcn bunlarla beraber Trakya&#8217;da ise bir do\u011fal gaz merkezi olacak. So\u00e7i ziyaretinde de bunu Say\u0131n Putin ile g\u00f6r\u00fc\u015ft\u00fck. Malum bizim \u015fu anda Trakya&#8217;dan gelen do\u011fal gaz yakla\u015f\u0131k y\u00fczde 40-50, T\u00fcrkiye&#8217;nin ihtiyac\u0131n\u0131 kar\u015f\u0131layacak ama \u015fu anda Avrupa bizden do\u011fal gaz bekliyor. \u00d6rne\u011fin bir Macaristan bizden do\u011fal gaz bekliyor ve bizim de onlara verdi\u011fimiz s\u00f6zler var. \u2018Biz, sizin do\u011fal gaz talebinizi buradan kar\u015f\u0131layaca\u011f\u0131z&#8217; dedik ve Trakya merkezli olan da\u011f\u0131t\u0131mdan Avrupa&#8217;ya da oradan do\u011fal gaz temin edece\u011fiz. Ata\u015fehir enerjinin bir\u00e7ok \u00e7e\u015fidinin adeta pazarland\u0131\u011f\u0131, da\u011f\u0131t\u0131m\u0131n\u0131n yap\u0131ld\u0131\u011f\u0131 yer olacak.\u201d<\/span><br \/>\n<span style=\"font-family: arial, helvetica, sans-serif; font-size: 14px;\">G\u00f6r\u00fc\u015fmeler \u00e7er\u00e7evesinde liderle enerji konusunda ili\u015fkileri, at\u0131lacak yeni ad\u0131mlar\u0131 konu\u015ftuklar\u0131n\u0131 ifade eden Erdo\u011fan, \u201cZirve marj\u0131nda ve uluslararas\u0131 t\u00fcm platformlarda muhataplar\u0131m\u0131zla yapt\u0131\u011f\u0131m\u0131z g\u00f6r\u00fc\u015fmelerimizde enerji konusunu \u00f6ncelikli ve ayr\u0131 bir ba\u015fl\u0131k alt\u0131nda ele al\u0131yoruz. Enerji konusunda her zaman yeni ve farkl\u0131 \u00e7al\u0131\u015fmalar\u0131m\u0131z olmu\u015ftur, olacakt\u0131r. G\u00f6r\u00fc\u015ft\u00fc\u011f\u00fcm\u00fcz liderlerle enerji konusundaki ili\u015fkilerimizi, at\u0131lacak yeni ad\u0131mlar\u0131 konu\u015ftuk. Rus gaz\u0131n\u0131n T\u00fcrkiye \u00fczerinden Avrupa&#8217;ya ula\u015ft\u0131r\u0131lmas\u0131 i\u00e7in \u00e7al\u0131\u015fmalar\u0131m\u0131z devam ediyor. Ba\u015fka \u00fclkelerin de kaynaklar\u0131n\u0131n Avrupa pazar\u0131na ula\u015fmas\u0131 T\u00fcrkiye&#8217;nin k\u00fcresel enerji merkezi olmas\u0131 ile m\u00fcmk\u00fcn. \u00d6zellikle \u00f6n\u00fcm\u00fczdeki s\u00fcre\u00e7te T\u00fcrkiye&#8217;de kurulacak fiziki do\u011falgaz \u00fcss\u00fc gibi ataca\u011f\u0131m\u0131z somut ad\u0131mlarla k\u00fcresel do\u011falgaz fiyat\u0131 T\u00fcrkiye&#8217;de belirlenecek. Bunun i\u00e7in \u00e7al\u0131\u015fmalar\u0131m\u0131z devam ediyor. \u00c7al\u0131\u015fmalar olgunla\u015ft\u0131k\u00e7a, nihayete erdirme a\u015famas\u0131na gelindi\u011finde, yeni m\u00fcjdelerimizi de kamuoyu ile payla\u015f\u0131r\u0131z. Fiyatland\u0131rma olay\u0131 onlarla birlikte ataca\u011f\u0131m\u0131z bir ad\u0131m, alaca\u011f\u0131m\u0131z bir karar. Bunlar\u0131 Enerji ve Tabii Kaynaklar Bakanl\u0131\u011f\u0131m\u0131z, Bakan\u0131m\u0131z muhataplar\u0131yla bu g\u00f6r\u00fc\u015ferek neticelendirecek. Bu g\u00f6r\u00fc\u015fmelerin neticesinde m\u00fc\u015fterek alaca\u011f\u0131m\u0131z kararlarla da yola devam edece\u011fiz. Bak\u0131n bu ara mesela petrolde Suudi Arabistan ve Rusya fiyatlarla \u015f\u00f6yle bir oynad\u0131. Fiyatlarla oynaman\u0131n neticesinde d\u00fcnya ne yapt\u0131? Tek ba\u015f\u0131na &#8216;Ben verdim karar\u0131 oldu&#8217;yla olmaz. Beraber olacak\u201d belirtti.<\/span><br \/>\n<span style=\"font-family: arial, helvetica, sans-serif; font-size: 14px;\">\u2018Hindistan Ba\u015fbakan\u0131&#8217;n\u0131n g\u00fcndeme getirdi\u011fi Hindistan &#8211; Orta Do\u011fu &#8211; Avrupa Tren Hatt\u0131, \u00c7in&#8217;in ku\u015fak-yol projesine kar\u015f\u0131 ABD destekli bir plan olarak de\u011ferlendirilebilir mi? Joe Biden da hemen destek verdi. \u00c7in&#8217;i engellemeye y\u00f6nelik yeni bir hamle midir? \u2018 sorusuna ili\u015fkin Cumhurba\u015fkan\u0131 Erdo\u011fan \u015fu \u015fekilde cevap verdi: \u201cBiz jeostratejik konumumuz itibari ile d\u00fcnyadaki b\u00fct\u00fcn koridorlarla ilgili geli\u015fmeleri yak\u0131ndan takip ediyoruz. Ku\u015fak ve yol giri\u015fimi konusunda \u00c7in mesafe ald\u0131, devam ediyor. Biliyorsunuz bizim de \u00c7in&#8217;in att\u0131\u011f\u0131 bu ad\u0131ma y\u00f6nelik ald\u0131\u011f\u0131m\u0131z mesafe var. Yani Marmaray&#8217;a var\u0131ncaya kadar hepsi o projenin, plan\u0131n i\u00e7inde.<\/span><br \/>\n<span style=\"font-family: arial, helvetica, sans-serif; font-size: 14px;\">Biz diplomasiyi kazan-kazan ilkesi \u00e7er\u00e7evesinde y\u00fcr\u00fct\u00fcyoruz ve bu alternatif g\u00fczergahlardan ne \u00f6l\u00e7\u00fcde yararlanabiliriz ne kazanabiliriz bunun \u00e7al\u0131\u015fmas\u0131n\u0131 yap\u0131yoruz. \u00dclkeler ticari yol ve g\u00fczergahlarla, etki alanlar\u0131n\u0131 da geli\u015ftirme gayretindeler. Bunun da fark\u0131nday\u0131z. Ancak bizler \u2018yol medeniyettir&#8217; diyen bir \u015fiarla konuya bak\u0131yor ve t\u00fcm bu projelerin medeniyetin geli\u015fmesine, insanlar\u0131n refah\u0131na, bar\u0131\u015f\u0131na hizmet etmesi temennisinde bulunuyoruz.\u201d<\/span><br \/>\n<span style=\"font-family: arial, helvetica, sans-serif; font-size: 14px;\">\u2018Biz \u015funu diyoruz, T\u00fcrkiyesiz bir koridor olmaz. T\u00fcrkiye, \u00f6nemli bir \u00fcretim ve ticaret \u00fcss\u00fc&#8217; s\u00f6zlerini kullanan Cumhurba\u015fkan\u0131 Erdo\u011fan:<\/span><br \/>\n<span style=\"font-family: arial, helvetica, sans-serif; font-size: 14px;\">\u201cDo\u011fudan bat\u0131ya trafik i\u00e7in en uygun hat T\u00fcrkiye \u00fczerinden ge\u00e7mek durumunda. Bu s\u00fcre\u00e7te bizim \u00e7ok \u00f6nemsedi\u011fimiz bir ad\u0131m ise K\u00f6rfez&#8217;in bizimle beraber att\u0131\u011f\u0131 ad\u0131m. Irak, Katar, Abu Dabi \u00fczerinden, T\u00fcrkiye \u00fczerinden Avrupa&#8217;ya giden bir yoldan bir koridordan bahsediyoruz. Bu konuda \u00f6zellikle Muhammed Bin Zayed d\u00fcn \u00e7ok daha kararl\u0131 bir telkinde bulundu, &#8216;Bu i\u015fi uzatmayal\u0131m, 60 g\u00fcnde g\u00f6r\u00fc\u015fmeleri arkada\u015flar\u0131m\u0131z bitirsinler ve hemen temelleri atal\u0131m, yola koyulal\u0131m&#8217; dedi. Yani bu i\u015fin heyecan\u0131n\u0131 bu denli duyuyorlar ve biz de gerek D\u0131\u015fi\u015fleri Bakan\u0131m\u0131z Hakan Fidan&#8217;a, gerek Ula\u015ft\u0131rma ve Altyap\u0131 Bakan\u0131m\u0131z Abdulkadir Uralo\u011flu&#8217;na gerekli talimatlar\u0131 verdim. Onlar muhataplar\u0131yla g\u00f6r\u00fc\u015ferek in\u015fallah bu ad\u0131m\u0131 atacaklar. Bu rakam \u00f6yle ufak rakam de\u011fil. Ama Birle\u015fik Arap Emirlikleri bu i\u015fe \u00e7ok haz\u0131r. Katar \u00e7ok haz\u0131r. Bizler de buna \u00e7ok \u00e7ok haz\u0131r\u0131z. Bu ad\u0131m\u0131 in\u015fallah bu \u015fekilde atm\u0131\u015f olaca\u011f\u0131z.\u201d<\/span><br \/>\n<span style=\"font-family: arial, helvetica, sans-serif; font-size: 14px;\">&#8220;Muhalefet \u015fu anda kazanmay\u0131 de\u011fil kaybetmeyi konu\u015fuyor.&#8221; de\u011ferlendirmeleri var. Bu a\u00e7\u0131klamalarla ilgili neler s\u00f6ylersiniz? Sorusuna Erdo\u011fan, \u201cOnlar zaten kendi aralar\u0131nda de\u011ferlendirmelerini yap\u0131yor. Ne diyor Genel Ba\u015fkan? Diyor ki &#8216;Alt\u0131l\u0131 masa de\u011fil gerekirse on alt\u0131l\u0131 masa.&#8217; Yani biraz daha konu\u015fsa on alt\u0131l\u0131 masa y\u00fcz altm\u0131\u015f alt\u0131l\u0131 masa da olacakt\u0131. Ama masa devrildi. K\u00f6t\u00fc devrildi. O masan\u0131n i\u00e7erisinde bu belediye ba\u015fkanlar\u0131 da vard\u0131. Hepsi Cumhurba\u015fkan\u0131 yard\u0131mc\u0131s\u0131 da oldular. Gelinen nokta ortada Bizim b\u00f6yle bir derdimiz yok. Biz bu belediye ba\u015fkanl\u0131\u011f\u0131n\u0131 \u0130stanbul&#8217;da da yapt\u0131k, Ankara&#8217;da da yapt\u0131k. Bizim belediye ba\u015fkanl\u0131\u011f\u0131m\u0131z\u0131n kalitesi, seviyesi nedir? Bunu \u0130stanbullu gayet iyi bilir, Ankaral\u0131 gayet iyi bilir. \u00d6b\u00fcr tarafta \u015f\u00f6yle bir \u0130zmir&#8217;e bak\u0131n. \u0130zmir&#8217;in belediyecili\u011fi ne durumda g\u00f6r\u00fcyorsunuz. \u015eu anda \u0130zmir bir felaketi ya\u015f\u0131yor. T\u00fcrkiye&#8217;de maalesef \u015fu anda oralarda ya\u015fayan vatanda\u015flar\u0131m &#8216;illallah&#8217; diyor. Adana&#8217;ya bak\u0131n, Mersin&#8217;e bak\u0131n ayn\u0131. Antalya&#8217;da i\u015fte Menderes Bey&#8217;den sonra bir d\u00f6nem ya\u015fand\u0131. Maalesef berbat. Buralarda yap\u0131lan hizmetin ne oldu\u011funu ya\u015fayanlar biliyor. Lafla, konu\u015fmakla bu i\u015f olmuyor. M\u00fch\u00fcr vurmakla bu i\u015f olmuyor. Neyin m\u00fchr\u00fc? Hangi sel afetinde giydin \u00e7izmeleri geldin sel afetiyle m\u00fccadele ettin? Bunlar\u0131n b\u00f6yle bir derdi yok. Onun i\u00e7in burada en b\u00fcy\u00fck karar merci \u0130stanbulludur, Ankaral\u0131d\u0131r ve onlar da Adana olsun, Antalya olsun, Mersin olsun, b\u00fct\u00fcn buralarda inan\u0131yorum ben, en g\u00fczel karar\u0131 en ba\u011flay\u0131c\u0131 karar\u0131 benim milletim verecek. Bunlarla daha fazla gidilmez\u201d dedi.<\/span><br \/>\n<span style=\"font-family: arial, helvetica, sans-serif; font-size: 14px;\">AK Parti&#8217;nin 21 y\u0131ld\u0131r iktidar olarak kendi rekorlar\u0131n\u0131 yenilemek i\u00e7in kendi kendileriyle yar\u0131\u015ft\u0131klar\u0131n\u0131n alt\u0131n\u0131 \u00e7izen Erdo\u011fan, \u201cBiz 21 y\u0131ld\u0131r iktidar olarak, kendi rekorlar\u0131m\u0131z\u0131 yenilemek i\u00e7in kendimizle yar\u0131\u015f\u0131yoruz. AK Parti&#8217;nin, kendisiyle yar\u0131\u015fan, hizmette yar\u0131\u015fan bir partidir. Muhalefet ise rant i\u00e7in, koltuk i\u00e7in yar\u0131\u015fan partilerden olu\u015fuyor. CHP&#8217;nin evlere \u015fenlik genel ba\u015fkan\u0131n\u0131n durumu da farkl\u0131 de\u011fil. O da koltuk hayalleri ile d\u00f6nd\u00fc dola\u015ft\u0131 en son mevcut koltu\u011funu koruyabilmek i\u00e7in masalar\u0131 tokatlamaya kadar i\u015fi getirdi. Genel se\u00e7imler \u00f6ncesi kurduklar\u0131 9&#8217;lu masada \u00e7evirdikleri d\u00fcmenler yeni yeni ortaya sa\u00e7\u0131l\u0131yor. T\u00fcm milletimiz, masada d\u00f6nen pazarl\u0131klar\u0131, masa alt\u0131ndan kimlerin birbirini tekmeledi\u011fini g\u00f6rd\u00fc, daha da g\u00f6recektir. Bunlar sabah ba\u015fka ak\u015fam ba\u015fka konu\u015furlar. Bunlar \u0130zmir&#8217;de ba\u015fka, Ankara&#8217;da ba\u015fka, Diyarbak\u0131r&#8217;da ba\u015fka, Erzurum&#8217;da ba\u015fka konu\u015furlar. \u0130\u015fte bu y\u00fczden bunlar\u0131n ne dedi\u011finden \u00e7ok ne yapacaklar\u0131n\u0131 bekleyip g\u00f6rmek laz\u0131m. Art\u0131k milletim bunlar\u0131n ger\u00e7ek y\u00fcz\u00fcn\u00fc g\u00f6rd\u00fc. T\u00fcrkiye gibi b\u00fcy\u00fck ve g\u00fc\u00e7l\u00fc bir \u00fclke b\u00f6yle kifayetsizlerin elindeki bir muhalefeti hak etmiyor. Tek dertleri rant ve koltuk olan bir muhalefetin \u00fclkemize ve vatanda\u015flar\u0131m\u0131za bir hayr\u0131 olmaz. Girdikleri t\u00fcm se\u00e7imi kaybetmelerine ra\u011fmen, \u2018ba\u015far\u0131l\u0131y\u0131z&#8217; a\u00e7\u0131klamalar\u0131 bile yapt\u0131klar\u0131 i\u015fi ciddiye almad\u0131klar\u0131n\u0131, se\u00e7menleriyle dalga ge\u00e7tiklerini g\u00f6steriyor. Ba\u015far\u0131l\u0131y\u0131z a\u00e7\u0131klamas\u0131n\u0131 yapanlar, barda\u011f\u0131n dolu taraf\u0131na falan bakm\u0131yor. Bunlar bardaklar\u0131n\u0131n bo\u015f oldu\u011funu anlamayacak kadar saflar. Yerel se\u00e7imlerde de CHP&#8217;nin eline d\u00fc\u015fen \u015fehirlerimizi de milletin tertemiz oylar\u0131 ile kurtaracak ve Cumhur ittifak\u0131na verecek inanc\u0131nday\u0131z. Bunun i\u00e7in rehavete kap\u0131lmadan \u00e7ok \u00e7al\u0131\u015facak ve milletin g\u00f6nl\u00fcn\u00fc de se\u00e7imi de kazanaca\u011f\u0131z\u201d dedi.<\/span><br \/>\n<span style=\"font-family: arial, helvetica, sans-serif; font-size: 14px;\">CHP vekili Sezgin Tanr\u0131kul&#8217;un TSK hakk\u0131nda a\u00e7\u0131klamalar\u0131na ili\u015fkin gelen soruya de\u011ferlendirmelerde bulunan Erdo\u011fan \u201cHer \u015feyden \u00f6nce bu zat bir vatansever, bir milliyetperver ki\u015fi de\u011fil. Bu zat, her \u015feyden \u00f6nce PKK ter\u00f6r \u00f6rg\u00fct\u00fcyle YPG&#8217;yle, HDP&#8217;yle bunlarla el ele kol kola dola\u015fanlar bunlar. Bunlar tabii genel ba\u015fkanlar\u0131yla beraber de ayn\u0131 \u015feyleri yapmad\u0131lar m\u0131? Ter\u00f6r \u00f6rg\u00fctlerinin temsilcileriyle bunlar Ankara&#8217;dan \u0130stanbul&#8217;a y\u00fcr\u00fcmediler mi? Ama bu ismini verdi\u011finiz zat, ter\u00f6ristlerin cenaze merasimlerinden tutun da\u011fdakilerle beraber y\u00fcr\u00fcmeye var\u0131ncaya kadar bunlar\u0131n hepsini yapm\u0131\u015f olan ki\u015filer. \u0130nan\u0131yorum ki bu se\u00e7imde benim vatanda\u015f\u0131m art\u0131k bunlara yerel bazda y\u00fcr\u00fc demeyecek. Bunlar\u0131n ipini kesecek diye inan\u0131yorum. B\u00f6yle d\u00fc\u015f\u00fcn\u00fcyorum. Milletle milletin de\u011ferleriyle uzaktan yak\u0131ndan ba\u011f\u0131 olmayanlar\u0131n al\u00e7ak iftiralar\u0131ndan ba\u015fka bir \u015fey de\u011fil bu. S\u00fcrekli \u00e7amur at izi kals\u0131n t\u00fcr\u00fc a\u00e7\u0131klamalarla d\u00fc\u015fman\u0131na bile zulmetmeyen T\u00fcrk Silahl\u0131 Kuvvetleri&#8217;ne iftiralar atmaktan b\u0131kmad\u0131lar. Mehmet\u00e7i\u011fin ve milletin d\u00fc\u015fman\u0131 bir ismin T\u00fcrkiye&#8217;nin ikinci b\u00fcy\u00fck partisinin mensubu olmas\u0131 da ayr\u0131ca d\u00fc\u015f\u00fcnd\u00fcr\u00fcc\u00fcd\u00fcr. Se\u00e7imde Kandil&#8217;den CHP&#8217;ye ve onun aday\u0131 Kemal K\u0131l\u0131\u00e7daro\u011flu&#8217;na selamlar ve destekler g\u00f6nderilirken bu \u015fah\u0131s CHP kimli\u011fiyle ter\u00f6r \u00f6rg\u00fct\u00fcn\u00fcn kuruldu\u011fu k\u00f6yden \u00f6rg\u00fcte selam veriyordu. Bu millet CHP ile ter\u00f6r \u00f6rg\u00fct\u00fcn\u00fcn o dayan\u0131\u015fmas\u0131n\u0131 unutmad\u0131, sand\u0131kta da yan\u0131t\u0131n\u0131 verdi. Bu \u015fah\u0131s, d\u00fcnyan\u0131n en \u015ferefli, en mert ordusuna dil uzatman\u0131n cezas\u0131n\u0131 hukuk \u00f6n\u00fcnde alacakt\u0131r. D\u00fc\u015fmanlar\u0131n\u0131n bile mertli\u011finden \u00f6vg\u00fcyle s\u00f6z etti\u011fi T\u00fcrk Silahl\u0131 Kuvvetlerimize yap\u0131lan bu namert\u00e7e hakaret, iftiralar cezas\u0131z kalmayacakt\u0131r\u201d dedi.<\/span><br \/>\n<span style=\"font-family: arial, helvetica, sans-serif; font-size: 14px;\">Yeni bir anayasa ili\u015fkin nas\u0131l bir yol izlenece\u011fini sorusuna ili\u015fkin Erdo\u011fan,\u201d 2011&#8217;de, 2015&#8217;te oldu\u011fu gibi Parlamentodaki partilere \u015f\u00fcphesiz tekliflerimizi g\u00f6t\u00fcrece\u011fiz. Ama hepsinden \u00f6nce Cumhur \u0130ttifak\u0131 olarak biz \u00f6n haz\u0131rl\u0131klar\u0131m\u0131z\u0131 yapaca\u011f\u0131z ve bu \u00f6n haz\u0131rl\u0131klar\u0131m\u0131z\u0131 yapt\u0131ktan sonra da Parlamentoda grubu olanlarla bu konuyu olgunla\u015ft\u0131rman\u0131n gayreti i\u00e7erisinde olaca\u011f\u0131z. Zira anayasa olmazsa olmaz\u0131m\u0131z. Yani bir kenara bunu atmam\u0131z m\u00fcmk\u00fcn de\u011fil. \u015eu an itibar\u0131yla parlamentodaki grubumuz di\u011fer gruplarla g\u00f6r\u00fc\u015fmelerini yap\u0131p e\u011fer birlikte bir ad\u0131m atabilirsek, m\u00fc\u015fterek olarak b\u00f6yle bir sivil anayasay\u0131 yapabilirsek ad\u0131m\u0131m\u0131z bu olacak. Eksikler nelerdir? Neler de\u011fildir? Bunlar\u0131 g\u00f6zden ge\u00e7irip kuraca\u011f\u0131m\u0131z komisyonlarla da bu \u00e7al\u0131\u015fmalar\u0131 in\u015fallah s\u00fcrd\u00fcrece\u011fiz. Darbelere bak\u0131\u015f\u0131m\u0131z ve darbe anayasalar\u0131na kar\u015f\u0131 tutumumuz siyasi hayat\u0131m\u0131z\u0131n \u00f6zeti gibidir. \u00dclkemizi sivil anayasaya kavu\u015fturmak arzumuz da hayalin \u00f6tesinde, siyasetimizin aksiyonu oldu. T\u00fcrkiye&#8217;nin 21 y\u0131lda yarg\u0131 te\u015fkilat\u0131n\u0131n fiziki yap\u0131s\u0131n\u0131 g\u00fc\u00e7lendirdik, be\u015fer\u00ee varl\u0131\u011f\u0131n\u0131 s\u00fcrekli tahkim ettik. T\u00fcm bu yap\u0131lanlar\u0131 sivil bir anayasayla da ta\u00e7land\u0131rmak, T\u00fcrkiye Y\u00fczy\u0131l\u0131n\u0131 sivil bir anayasa ile in\u015fa etmek istiyoruz. T\u00fcrkiye art\u0131k darbe d\u00f6neminin mahs\u00fcl\u00fc bir anayasa ile y\u00f6netilmeyi hak etmiyor. T\u00fcrkiye&#8217;ye yeni, sivil, \u00f6zg\u00fcrl\u00fck\u00e7\u00fc bir anayasa yapmak yak\u0131\u015f\u0131r. Millet T\u00fcrkiye B\u00fcy\u00fck Millet Meclisi aritmeti\u011fini \u015fekillendirirken partilere \u2018uzla\u015f\u0131n ve art\u0131k yeni anayasa yap\u0131n&#8217; mesaj\u0131n\u0131 da vermi\u015ftir. Meclis zemininde m\u00fcmk\u00fcn olan en geni\u015f uzla\u015f\u0131 ile sivil toplumun t\u00fcm kesimlerin fikirleri de al\u0131narak yeni bir anayasa yapmak m\u00fcmk\u00fcnd\u00fcr. Arzumuz sivil anayasay\u0131 en geni\u015f kat\u0131l\u0131mla, mutabakatla haz\u0131rlamak. Yasama y\u0131l\u0131n\u0131n a\u00e7\u0131lmas\u0131yla birlikte de Cumhur \u0130ttifak\u0131 olarak bu konu \u00fczerine yo\u011funla\u015faca\u011f\u0131z\u201d a\u00e7\u0131klamas\u0131nda bulundu.<\/span><br \/>\n<span style=\"font-family: arial, helvetica, sans-serif; font-size: 14px;\">M\u0131s\u0131r Cumhurba\u015fkan\u0131 Sisi ile g\u00f6r\u00fc\u015fmeye ili\u015fkin gelen soruya Cumhurba\u015fkan\u0131 Erdo\u011fan, \u201cG\u00f6r\u00fc\u015fmemiz gayet olumlu ge\u00e7ti. Davet konusu da g\u00fcndeme geldi. \u00d6ncelikle d\u0131\u015fi\u015fleri bakanlar\u0131m\u0131z\u0131, istihbarat ba\u015fkanlar\u0131m\u0131z\u0131 g\u00f6revlendirdik. Onlar birbirleriyle kar\u015f\u0131l\u0131kl\u0131 olarak g\u00f6r\u00fc\u015fmelerini yapacaklar. Onlar tabii \u00f6nce bizi bekliyorlar ama ben dedim ki &#8216;Biz sizi bekliyoruz&#8217;. Tarih verilmedi. Tarihi bakan arkada\u015flar\u0131m\u0131z ve istihbarat ba\u015fkan\u0131m\u0131z g\u00f6r\u00fc\u015fecekler. Ona g\u00f6re de ad\u0131mlar\u0131m\u0131z\u0131 ataca\u011f\u0131z. G\u00f6r\u00fc\u015fmemizde kendilerine de g\u00f6revlendirdikleri b\u00fcy\u00fckel\u00e7inin sunaca\u011f\u0131 g\u00fcven mektubunu yak\u0131nda kabul edece\u011fimi s\u00f6yledim. T\u00fcrkiye ve M\u0131s\u0131r ili\u015fkilerini hak etti\u011fi seviyeye birlikte en k\u0131sa zamanda ula\u015ft\u0131raca\u011f\u0131z. Her iki \u00fclke ekonomi ve ticari alanda b\u00fcy\u00fck potansiyele sahip. Kar\u015f\u0131l\u0131kl\u0131 ticaret hacmimizi iki kat\u0131na \u00e7\u0131kartmak i\u00e7in \u00e7al\u0131\u015fma yapaca\u011f\u0131z. Biliyorsunuz Y\u00fcksek D\u00fczeyli Stratejik \u0130\u015fbirli\u011fi Konseyi olu\u015fturmu\u015ftuk. Bunu yeniden canland\u0131rmak i\u00e7in \u00e7al\u0131\u015faca\u011f\u0131z. \u0130li\u015fkilerimizin eskisinden daha iyi hale gelmesi Suriye meselesi ba\u015fta olmak \u00fczere bir\u00e7ok b\u00f6lgesel sorun alan\u0131nda olumlu neticeler almam\u0131z\u0131 sa\u011flayabilir\u201d ifadelerini kulland\u0131.<\/span><br \/>\n<span style=\"font-family: arial, helvetica, sans-serif; font-size: 14px;\">\u201cT\u00fcrkiye&#8217;nin Hindistan ve b\u00f6lge \u00fclkelerine y\u00f6nelik bir a\u00e7\u0131l\u0131m\u0131 s\u00f6z konusu olabilir mi? Acaba d\u00fcnyada bir y\u00f6n de\u011fi\u015fikli\u011fi mi olacak? T\u00fcrkiye nas\u0131l davranacak?\u201d sorusuna ili\u015fkin Cumhurba\u015fkan\u0131 Erdo\u011fan, \u201cG20&#8217;nin i\u00e7erisinde sadece do\u011fu \u00fclkeleri yok, bat\u0131l\u0131 pek \u00e7ok \u00fclke de var. G20, adeta do\u011fuyla bat\u0131n\u0131n bir sentezi. Ancak bu son geli\u015fmelerde Bat\u0131 ile maalesef Rusya-Ukrayna olay\u0131nda bir \u00e7at\u0131\u015fma var diyebilirim. Nedir bu \u00e7at\u0131\u015fma? \u0130\u015fte Say\u0131n Putin&#8217;in &#8216;Bat\u0131 bana verdi\u011fi s\u00f6zleri tutmad\u0131, onun i\u00e7in tah\u0131l koridorunu sekteye u\u011fratt\u0131m&#8217; diyor. Nedir o? 50 y\u0131l Bat\u0131 bize verdi\u011fi s\u00f6z\u00fc tuttu mu? Avrupa Birli\u011fi olay\u0131nda elli y\u0131ld\u0131r bizi oyal\u0131yor. Bug\u00fcn yine Avrupa Birli\u011fi Konseyi Ba\u015fkan\u0131 Charles Michel ile g\u00f6r\u00fc\u015ft\u00fck, s\u00f6yledik. Bu terazi, bu kadar s\u0131kleti \u00e7ekmez\u201d dedi.<\/span><\/p>\n","protected":false},"excerpt":{"rendered":"<p>Cumhurba\u015fkan\u0131 Recep Tayyip Erdo\u011fan, &#8220;Gelecek sene bu vakitlerde \u00e7ok net bir \u015fekilde enflasyonun kal\u0131c\u0131 bir \u015fekilde d\u00fc\u015ft\u00fc\u011f\u00fcn\u00fc in\u015fallah g\u00f6rece\u011fiz&#8221; dedi.<\/p>\n","protected":false},"author":3,"featured_media":15104,"comment_status":"open","ping_status":"open","sticky":false,"template":"","format":"standard","meta":{"colormag_page_container_layout":"default_layout","colormag_page_sidebar_layout":"default_layout","footnotes":""},"categories":[1,5,8],"tags":[],"class_list":["post-15102","post","type-post","status-publish","format-standard","has-post-thumbnail","hentry","category-genel","category-gundem","category-siyaset"],"_links":{"self":[{"href":"https:\/\/marmarayerelhizmet.com\/index.php\/wp-json\/wp\/v2\/posts\/15102","targetHints":{"allow":["GET"]}}],"collection":[{"href":"https:\/\/marmarayerelhizmet.com\/index.php\/wp-json\/wp\/v2\/posts"}],"about":[{"href":"https:\/\/marmarayerelhizmet.com\/index.php\/wp-json\/wp\/v2\/types\/post"}],"author":[{"embeddable":true,"href":"https:\/\/marmarayerelhizmet.com\/index.php\/wp-json\/wp\/v2\/users\/3"}],"replies":[{"embeddable":true,"href":"https:\/\/marmarayerelhizmet.com\/index.php\/wp-json\/wp\/v2\/comments?post=15102"}],"version-history":[{"count":0,"href":"https:\/\/marmarayerelhizmet.com\/index.php\/wp-json\/wp\/v2\/posts\/15102\/revisions"}],"wp:featuredmedia":[{"embeddable":true,"href":"https:\/\/marmarayerelhizmet.com\/index.php\/wp-json\/wp\/v2\/media\/15104"}],"wp:attachment":[{"href":"https:\/\/marmarayerelhizmet.com\/index.php\/wp-json\/wp\/v2\/media?parent=15102"}],"wp:term":[{"taxonomy":"category","embeddable":true,"href":"https:\/\/marmarayerelhizmet.com\/index.php\/wp-json\/wp\/v2\/categories?post=15102"},{"taxonomy":"post_tag","embeddable":true,"href":"https:\/\/marmarayerelhizmet.com\/index.php\/wp-json\/wp\/v2\/tags?post=15102"}],"curies":[{"name":"wp","href":"https:\/\/api.w.org\/{rel}","templated":true}]}}