{"id":15100,"date":"2023-09-11T18:14:14","date_gmt":"2023-09-11T15:14:14","guid":{"rendered":"https:\/\/marmarayerelhizmet.com\/?p=15100"},"modified":"2023-09-11T18:14:14","modified_gmt":"2023-09-11T15:14:14","slug":"ilk-ders-zilini-vali-gul-caldi","status":"publish","type":"post","link":"https:\/\/marmarayerelhizmet.com\/index.php\/2023\/09\/11\/ilk-ders-zilini-vali-gul-caldi\/","title":{"rendered":"\u0130lk Ders Zilini Vali G\u00fcl \u00c7ald\u0131"},"content":{"rendered":"<p><strong><span style=\"font-family: arial, helvetica, sans-serif; font-size: 14px;\">\u0130stanbul&#8217;da yeni e\u011fitim ve \u00f6\u011fretim y\u0131l\u0131, Vali Davut G\u00fcl&#8217;\u00fcn \u00f6\u011frencilerle birlikte ilk ders zilini \u00e7almas\u0131yla ba\u015flad\u0131. Yeni d\u00f6nem i\u00e7in al\u0131nan tedbirlerle ilgili a\u00e7\u0131klama yapan Vali G\u00fcl, Milli E\u011fitim Temel Politikalar\u0131n\u0131 \u0130stanbul&#8217;da 4 tane farkl\u0131 projeyle y\u00fcr\u00fcteceklerini s\u00f6yledi.<br \/>\n<\/span><\/strong><br \/>\n<span style=\"font-family: arial, helvetica, sans-serif; font-size: 14px;\">2023-2024 e\u011fitim \u00f6\u011fretim y\u0131l\u0131n\u0131n ba\u015flamas\u0131yla birlikte okullarda ilk ders zili \u00e7ald\u0131. Be\u015fikta\u015f\u2019ta bulunan Murat Beyaz \u0130lkokulu\u2019nda \u0130lk\u00f6\u011fretim Haftas\u0131 Kutlama Program\u0131 d\u00fczenlendi. Programa Milli E\u011fitim Bakan Yard\u0131mc\u0131s\u0131 \u00d6mer Faruk Yelkenci, \u0130stanbul Valisi Davut G\u00fcl, \u00f6\u011fretmenler ve \u00f6\u011frenciler kat\u0131ld\u0131. Program 1 dakikal\u0131k sayg\u0131 duru\u015funun ard\u0131ndan \u0130stiklal Mar\u015f\u0131&#8217;n\u0131n okunmas\u0131yla ba\u015flad\u0131. Milli E\u011fitim Bakan Yard\u0131mc\u0131s\u0131 \u00d6mer Faruk Yelkenci ve \u0130stanbul Valisi Davut G\u00fcl, yeni e\u011fitim \u00f6\u011fretim y\u0131l\u0131 ile ilgili a\u00e7\u0131klamalarda bulundu. Ayr\u0131ca programda \u00f6\u011frenciler \u015fiir okudu, horon tepti ve doyas\u0131ya e\u011flendi.<\/span><br \/>\n<span style=\"font-family: arial, helvetica, sans-serif; font-size: 14px;\">Milli E\u011fitim Bakan Yard\u0131mc\u0131s\u0131 \u00d6mer Faruk Yelkenci programda yapt\u0131\u011f\u0131 konu\u015fmada, &#8220;2023-2024 e\u011fitim \u00f6\u011fretim y\u0131l\u0131n\u0131n \u00fclkemize, milletimize, e\u011fitim ve \u00f6\u011fretimimize, e\u011fitim camiam\u0131za, \u00f6\u011frencilerimize hay\u0131rl\u0131 olmas\u0131n\u0131 diliyorum. Milli E\u011fitim Bakanl\u0131\u011f\u0131 olarak, \u00f6\u011frencilerimizin e\u011fitime eri\u015fimi ve kat\u0131l\u0131m\u0131n\u0131n sa\u011flanmas\u0131, zamanlar\u0131n\u0131n \u00f6nemli bir k\u0131sm\u0131n\u0131 ge\u00e7irdikleri okul ortamlar\u0131n\u0131n ve \u00f6\u011frenme s\u00fcre\u00e7lerinin iyile\u015fmesi ve iyile\u015ftirilmesi hususlar\u0131n\u0131 \u00f6nemsiyoruz. Onlar\u0131n akademik ve mesleki y\u00f6nden ilgilerine g\u00f6re e\u011fitim g\u00f6rmelerinin \u00fczerine \u00e7al\u0131\u015fmalar\u0131m\u0131z\u0131 yo\u011funla\u015ft\u0131r\u0131yoruz. \u00d6\u011fretmenlerimiz ve y\u00f6neticilerimiz, kendilerini s\u00fcrekli yenilemeli, mesleki geli\u015fmeleri i\u00e7in d\u00fczenli olarak \u00e7abalay\u0131p her zaman haz\u0131r halde bulunmalar\u0131 \u00f6nemli husustur. Bunun yan\u0131nda, y\u00f6netici ve \u00f6\u011fretmenlerimizin \u00f6\u011frencileriyle, meslekta\u015flar\u0131yla, velilerle ve sosyal \u00e7evre ile g\u00fc\u00e7l\u00fc ili\u015fkiler i\u00e7erisinde olmas\u0131 gereklili\u011fi e\u011fitim a\u00e7\u0131s\u0131ndan yads\u0131namaz bir ger\u00e7ektir&#8221; dedi.<\/span><\/p>\n<p><strong><span style=\"font-family: arial, helvetica, sans-serif; font-size: 14px;\">&#8220;Milli E\u011fitim Temel Politikalar\u0131n\u0131 \u0130stanbul&#8217;da d\u00f6rt tane farkl\u0131 projeyle y\u00fcr\u00fctece\u011fiz&#8221;<\/span><\/strong><br \/>\n<span style=\"font-family: arial, helvetica, sans-serif; font-size: 14px;\">Programda konu\u015fan Vali G\u00fcl ise, &#8220;Son 3 y\u0131lda gerek pandemiyle gerek depremle en \u00e7ok da \u00f6\u011frencilerimiz bu olumsuz \u015fartlarda \u00e7ok etkilendi. Bunun olabildi\u011fince g\u00fcndemimizden \u00e7\u0131kmas\u0131 i\u00e7in hem veliler boyutuyla, hem \u00f6\u011fretmenler hem de idareciler boyutuyla in\u015fallah \u00e7ocuklar\u0131m\u0131za bu sene daha iyi \u015fartlarda, daha iyi bir e\u011fitim vermeye gayret edece\u011fiz. Uzun yaz tatilinde \u00f6zellikle \u00f6\u011fretmenlerimizin \u00fcst\u00fcn gayretiyle Milli E\u011fitim Bakanl\u0131\u011f\u0131m\u0131z\u0131n destekleri, sivil toplum kurulu\u015flar\u0131m\u0131z\u0131n okul aile birliklerimizin, belediyelerimizin destekleriyle okullar\u0131m\u0131z\u0131n fiziki \u015fartlar\u0131n\u0131 olabildi\u011fince d\u00fczeltmeye \u00e7al\u0131\u015ft\u0131k. Eme\u011fi ge\u00e7en herkese te\u015fekk\u00fcr ediyorum. \u00c7ocuklar\u0131m\u0131z\u0131n g\u00fcvenli bir ortamda e\u011fitim almas\u0131 i\u00e7in \u00f6zellikle okul d\u0131\u015f\u0131 g\u00fcvenlik tedbirleri anlam\u0131nda okul polis uygulamas\u0131 yine devam edecek. \u0130kili e\u011fitim yapanlar\u0131n sabah erken, \u00f6\u011fleden sonra ge\u00e7 \u00e7\u0131kt\u0131\u011f\u0131 saatlerde, \u0131\u015f\u0131ktan, karanl\u0131ktan etkilenmemesi i\u00e7in sokaklar\u0131n ayd\u0131nlanmas\u0131 ve di\u011fer etkenleri g\u00f6z \u00f6n\u00fcnde bulundurarak b\u00fct\u00fcn kurumlar\u0131m\u0131z tedbirlerini ald\u0131lar, almaya da devam ediyorlar&#8221; ifadelerini kulland\u0131.<\/span><br \/>\n<span style=\"font-family: arial, helvetica, sans-serif; font-size: 14px;\">Milli E\u011fitim Temel Politikalar\u0131n\u0131 \u0130stanbul&#8217;da d\u00f6rt tane farkl\u0131 projeyle y\u00fcr\u00fcteceklerini belirten G\u00fcl, &#8220;Bunlardan bir tanesi b\u00fct\u00fcn okullar\u0131m\u0131zda, okul spor kul\u00fcplerimiz kurulacak ve okul spor kul\u00fcplerimizde beden e\u011fitimi \u00f6\u011fretmenlerimiz Gen\u00e7lik Spor M\u00fcd\u00fcrl\u00fc\u011f\u00fcm\u00fcz\u00fcn teknik altyap\u0131s\u0131yla yetenek taramalar\u0131 olacak. \u00c7ocuklar\u0131m\u0131za yeteneklerine g\u00f6re \u00f6\u011frenci lisans\u0131 \u00e7\u0131kartaca\u011f\u0131z. Dolay\u0131s\u0131yla da her bir \u00e7ocu\u011fumuz ilkokuldan ve okul \u00f6ncesinden ba\u015flayarak sporla tan\u0131\u015fm\u0131\u015f olacak. Bir di\u011fer konumuz \u00e7ocuklar\u0131m\u0131z\u0131n kitap okuma al\u0131\u015fkanl\u0131klar\u0131n\u0131n geli\u015ftirilmesi i\u00e7in ge\u00e7mi\u015f y\u0131llarda k\u00fct\u00fcphanelerimiz zenginle\u015ftirilmi\u015fti. Bu zenginle\u015ftirilme devam edecek ve kitap okuma al\u0131\u015fkanl\u0131klar\u0131n\u0131n artmas\u0131 i\u00e7in bu \u00e7al\u0131\u015fmalar\u0131m\u0131z\u0131 \u00f6\u011fretmenlerimizle birlikte devam ettirece\u011fiz. \u00dc\u00e7\u00fcnc\u00fcs\u00fc her \u00e7ocu\u011fumuzun mutlaka bir enstr\u00fcman \u00e7almas\u0131n\u0131 istiyoruz. Bununla ilgili okullarda uygun olanlar\u0131n m\u00fczik s\u0131n\u0131f\u0131, uygun olmayanlar\u0131n enstr\u00fcman ihtiya\u00e7lar\u0131n\u0131 in\u015fallah temin edece\u011fiz. Son olarak da \u00e7ocuklar\u0131m\u0131z\u0131n ve gen\u00e7lerimizin karar s\u00fcre\u00e7lerine kat\u0131lmalar\u0131, daha kat\u0131l\u0131mc\u0131 olmalar\u0131, sosyal becerilerinin geli\u015fmesi i\u00e7in okul meclislerini s\u0131n\u0131flardan ba\u015flayarak il \u00f6l\u00e7e\u011fine kadar hayata ge\u00e7irece\u011fiz. Bize her anlamda destek veren ba\u015fta Milli E\u011fitim Bakan\u0131m\u0131z olmak \u00fczere, Milli E\u011fitim Bakanl\u0131\u011f\u0131m\u0131z\u0131n her kademesindeki y\u00f6neticilerine okul m\u00fcd\u00fcrlerimize ve bu i\u015fin temel ta\u015f\u0131 olan \u00f6\u011fretmenlerimize, velilerimize bunlar\u0131n k\u0131ymetini bilerek olabildi\u011fince gayret g\u00f6sterecek her bir \u00f6\u011frencimize ayr\u0131 ayr\u0131 te\u015fekk\u00fcr ediyor, e\u011fitim \u00f6\u011fretim d\u00f6nemimizin hay\u0131rl\u0131 u\u011furlu olmas\u0131n\u0131 diliyorum&#8221; \u015feklinde konu\u015ftu.<\/span><br \/>\n<span style=\"font-family: arial, helvetica, sans-serif; font-size: 14px;\">T\u00f6renin ard\u0131ndan Vali G\u00fcl, \u00f6\u011frencilerle beraber ilk ders zilini \u00e7ald\u0131. \u00d6te yandan, protokol \u00fcyeleri s\u0131n\u0131flar\u0131 gezerek \u00f6\u011frencilerle bir araya geldi.<\/span><\/p>\n","protected":false},"excerpt":{"rendered":"<p>\u0130stanbul&#8217;da yeni e\u011fitim ve \u00f6\u011fretim y\u0131l\u0131, Vali Davut G\u00fcl&#8217;\u00fcn \u00f6\u011frencilerle birlikte ilk ders zilini \u00e7almas\u0131yla ba\u015flad\u0131. Yeni d\u00f6nem i\u00e7in al\u0131nan<\/p>\n","protected":false},"author":3,"featured_media":15106,"comment_status":"open","ping_status":"open","sticky":false,"template":"","format":"standard","meta":{"colormag_page_container_layout":"default_layout","colormag_page_sidebar_layout":"default_layout","footnotes":""},"categories":[45,1,5,8],"tags":[],"class_list":["post-15100","post","type-post","status-publish","format-standard","has-post-thumbnail","hentry","category-egitim","category-genel","category-gundem","category-siyaset"],"_links":{"self":[{"href":"https:\/\/marmarayerelhizmet.com\/index.php\/wp-json\/wp\/v2\/posts\/15100","targetHints":{"allow":["GET"]}}],"collection":[{"href":"https:\/\/marmarayerelhizmet.com\/index.php\/wp-json\/wp\/v2\/posts"}],"about":[{"href":"https:\/\/marmarayerelhizmet.com\/index.php\/wp-json\/wp\/v2\/types\/post"}],"author":[{"embeddable":true,"href":"https:\/\/marmarayerelhizmet.com\/index.php\/wp-json\/wp\/v2\/users\/3"}],"replies":[{"embeddable":true,"href":"https:\/\/marmarayerelhizmet.com\/index.php\/wp-json\/wp\/v2\/comments?post=15100"}],"version-history":[{"count":0,"href":"https:\/\/marmarayerelhizmet.com\/index.php\/wp-json\/wp\/v2\/posts\/15100\/revisions"}],"wp:featuredmedia":[{"embeddable":true,"href":"https:\/\/marmarayerelhizmet.com\/index.php\/wp-json\/wp\/v2\/media\/15106"}],"wp:attachment":[{"href":"https:\/\/marmarayerelhizmet.com\/index.php\/wp-json\/wp\/v2\/media?parent=15100"}],"wp:term":[{"taxonomy":"category","embeddable":true,"href":"https:\/\/marmarayerelhizmet.com\/index.php\/wp-json\/wp\/v2\/categories?post=15100"},{"taxonomy":"post_tag","embeddable":true,"href":"https:\/\/marmarayerelhizmet.com\/index.php\/wp-json\/wp\/v2\/tags?post=15100"}],"curies":[{"name":"wp","href":"https:\/\/api.w.org\/{rel}","templated":true}]}}