{"id":15092,"date":"2023-09-11T12:43:55","date_gmt":"2023-09-11T09:43:55","guid":{"rendered":"https:\/\/marmarayerelhizmet.com\/?p=15092"},"modified":"2023-09-11T12:43:55","modified_gmt":"2023-09-11T09:43:55","slug":"cekmekoyden-ogrencilere-kirtasiye-seti","status":"publish","type":"post","link":"https:\/\/marmarayerelhizmet.com\/index.php\/2023\/09\/11\/cekmekoyden-ogrencilere-kirtasiye-seti\/","title":{"rendered":"\u00c7ekmek\u00f6y&#8217;den \u00d6\u011frencilere K\u0131rtasiye Seti"},"content":{"rendered":"<p><strong><span style=\"font-family: arial, helvetica, sans-serif; font-size: 14px;\">\u00c7ekmek\u00f6y Belediyesi yeni e\u011fitim \u00f6\u011fretim d\u00f6neminde yakla\u015f\u0131k 50 bin \u00f6\u011frenciye k\u0131rtasiye malzemesi deste\u011finde bulundu.<br \/>\n<\/span><\/strong><br \/>\n<span style=\"font-family: arial, helvetica, sans-serif; font-size: 14px;\">2023-2024 e\u011fitim ve \u00f6\u011fretim d\u00f6nemi \u00f6ncesi il\u00e7edeki devlet okullar\u0131nda bak\u0131m ve onar\u0131m \u00e7al\u0131\u015fmalar\u0131n\u0131 tamamlayan \u00c7ekmek\u00f6y Belediyesi, ilk ders zilinden sonrada e\u011fitim yuvalar\u0131nda \u00f6\u011frencilerin yan\u0131nda olmaya devam ediyor. \u00c7ekmek\u00f6y \u0130l\u00e7e Milli E\u011fitim m\u00fcd\u00fcrl\u00fc\u011f\u00fc ile koordineli ger\u00e7ekle\u015ftirilen \u00e7al\u0131\u015fmalar neticesinde \u00c7ekmek\u00f6y Belediyesi il\u00e7ede e\u011fitim alan ilkokul, ortaokul ve lisede bulunan yakla\u015f\u0131k 50 bin \u00f6\u011frenciye i\u00e7erisinde defterler, kalemler, silgi, boya, cetvel seti ve \u00e7e\u015fitli okul ara\u00e7 gere\u00e7lerinin bulundu\u011fu k\u0131rtasiye \u00e7antas\u0131n\u0131 hediye etti.<\/span><br \/>\n<span style=\"font-family: arial, helvetica, sans-serif; font-size: 14px;\">Ailelerin ekonomisine destek vermek amac\u0131yla \u00f6zenle haz\u0131rlanan k\u0131rtasiye setleri yeni e\u011fitim \u00f6\u011fretim d\u00f6nemi \u00f6ncesinde s\u0131ralarda haz\u0131r halde bulunurken, \u00d6\u011fretmen Semiha Y\u0131ld\u0131r\u0131m \u0130lkokulu\u2019nda \u00f6\u011frencilere k\u0131rtasiye setlerinin da\u011f\u0131t\u0131m\u0131 \u00c7ekmek\u00f6y Belediye Ba\u015fkan\u0131 Ahmet Poyraz taraf\u0131ndan bizzat ger\u00e7ekle\u015ftirdi.<\/span><br \/>\n<span style=\"font-family: arial, helvetica, sans-serif; font-size: 14px;\">\u00d6\u011fretmen Semiha Y\u0131ld\u0131r\u0131m \u0130lk\u00f6\u011fretim Okulu\u2019nda ger\u00e7ekle\u015fen da\u011f\u0131t\u0131m t\u00f6renin de konu\u015fan \u00c7ekmek\u00f6y Belediye Ba\u015fkan\u0131 Ahmet Poyraz, \u201c\u00c7ekmek\u00f6y\u2019de okuyan 50 bin \u00f6\u011frencimize bu sene de; defter, kalem, silgi ve ya\u011fl\u0131 boyas\u0131na kadar hangi ihtiyac\u0131 varsa tamam\u0131n\u0131 bug\u00fcn itibari ile teslim ettik. Ailelere bir katk\u0131 olmas\u0131 ad\u0131na b\u00f6yle bir hizmeti yapt\u0131k ve \u0130n\u015fallah \u00c7ekmek\u00f6y&#8217;de ya\u015fayan b\u00fct\u00fcn ailelerimizin bu hizmetten faydalanmas\u0131yla birlikte mutlu olaca\u011f\u0131na inan\u0131yoruz. Bu sene \u00fcniversiteye ba\u015flayan \u00f6\u011frencilerimize de belediye olarak 7 bin TL e\u011fitim deste\u011fi sa\u011fl\u0131yoruz. \u0130nternet yolu \u00fczerinden m\u00fcracaat ederek ister devlet ister vak\u0131f ister \u00f6zel fark etmeksizin her \u00fcniversite \u00f6\u011frencimize de 7 bin TL e\u011fitim deste\u011fi sa\u011fl\u0131yoruz. B\u00f6ylelikle \u00c7ekmek\u00f6y Belediyesi e\u011fitime verdi\u011fi deste\u011fi bu sene bir kat daha artt\u0131rarak yoluna devam ediyor&#8221; dedi.<\/span><\/p>\n","protected":false},"excerpt":{"rendered":"<p>\u00c7ekmek\u00f6y Belediyesi yeni e\u011fitim \u00f6\u011fretim d\u00f6neminde yakla\u015f\u0131k 50 bin \u00f6\u011frenciye k\u0131rtasiye malzemesi deste\u011finde bulundu. 2023-2024 e\u011fitim ve \u00f6\u011fretim d\u00f6nemi \u00f6ncesi<\/p>\n","protected":false},"author":3,"featured_media":15094,"comment_status":"open","ping_status":"open","sticky":false,"template":"","format":"standard","meta":{"colormag_page_container_layout":"default_layout","colormag_page_sidebar_layout":"default_layout","footnotes":""},"categories":[45,1,5,8],"tags":[],"class_list":["post-15092","post","type-post","status-publish","format-standard","has-post-thumbnail","hentry","category-egitim","category-genel","category-gundem","category-siyaset"],"_links":{"self":[{"href":"https:\/\/marmarayerelhizmet.com\/index.php\/wp-json\/wp\/v2\/posts\/15092","targetHints":{"allow":["GET"]}}],"collection":[{"href":"https:\/\/marmarayerelhizmet.com\/index.php\/wp-json\/wp\/v2\/posts"}],"about":[{"href":"https:\/\/marmarayerelhizmet.com\/index.php\/wp-json\/wp\/v2\/types\/post"}],"author":[{"embeddable":true,"href":"https:\/\/marmarayerelhizmet.com\/index.php\/wp-json\/wp\/v2\/users\/3"}],"replies":[{"embeddable":true,"href":"https:\/\/marmarayerelhizmet.com\/index.php\/wp-json\/wp\/v2\/comments?post=15092"}],"version-history":[{"count":0,"href":"https:\/\/marmarayerelhizmet.com\/index.php\/wp-json\/wp\/v2\/posts\/15092\/revisions"}],"wp:featuredmedia":[{"embeddable":true,"href":"https:\/\/marmarayerelhizmet.com\/index.php\/wp-json\/wp\/v2\/media\/15094"}],"wp:attachment":[{"href":"https:\/\/marmarayerelhizmet.com\/index.php\/wp-json\/wp\/v2\/media?parent=15092"}],"wp:term":[{"taxonomy":"category","embeddable":true,"href":"https:\/\/marmarayerelhizmet.com\/index.php\/wp-json\/wp\/v2\/categories?post=15092"},{"taxonomy":"post_tag","embeddable":true,"href":"https:\/\/marmarayerelhizmet.com\/index.php\/wp-json\/wp\/v2\/tags?post=15092"}],"curies":[{"name":"wp","href":"https:\/\/api.w.org\/{rel}","templated":true}]}}