{"id":15071,"date":"2023-09-10T14:45:10","date_gmt":"2023-09-10T11:45:10","guid":{"rendered":"https:\/\/marmarayerelhizmet.com\/?p=15071"},"modified":"2023-09-10T14:45:10","modified_gmt":"2023-09-10T11:45:10","slug":"g20-liderler-zirvesi-sona-erdi","status":"publish","type":"post","link":"https:\/\/marmarayerelhizmet.com\/index.php\/2023\/09\/10\/g20-liderler-zirvesi-sona-erdi\/","title":{"rendered":"G20 Liderler Zirvesi Sona Erdi"},"content":{"rendered":"<p><span style=\"font-family: arial, helvetica, sans-serif; font-size: 14px;\"><strong>Hindistan Ba\u015fbakan\u0131 Narendra Modi, G20 ortak deklarasyonunun resmen kabul edilmesinin ard\u0131ndan zirvenin sona erdi\u011fini duyururken, G20 d\u00f6nem ba\u015fkanl\u0131\u011f\u0131n\u0131 Brezilya&#8217;ya devretti.<br \/>\n<\/strong><\/span><br \/>\n<span style=\"font-family: arial, helvetica, sans-serif; font-size: 14px;\">Hindistan&#8217;\u0131n ba\u015fkenti Yeni Delhi&#8217;de d\u00fczenlenen 18&#8217;inci G20 Liderler Zirvesi sona erdi. &#8220;Tek Yery\u00fcz\u00fc, Tek Aile, Tek Gelecek&#8221; ana temas\u0131yla d\u00fczenlenen zirveye ba\u015fkanl\u0131k eden Hindistan Ba\u015fbakan\u0131 Narendra Modi, oturumun son g\u00fcn\u00fcnde G20 \u00fclkeleri taraf\u0131ndan ortak deklarasyonun resmen kabul edilmesi ve G20 d\u00f6nem ba\u015fkanl\u0131\u011f\u0131n\u0131n Brezilya&#8217;ya devredilmesinin ard\u0131ndan zirvenin sona erdi\u011fini duyurdu. Modi, Hindistan&#8217;\u0131n ba\u015fkanl\u0131k s\u00fcresi sona ermeden zirvede al\u0131nan kararlar\u0131 de\u011ferlendirmek amac\u0131yla Kas\u0131m ay\u0131nda gayri resmi bir toplant\u0131 yap\u0131lmas\u0131n\u0131 \u00f6nerdi. G20&#8217;ye 1 Aral\u0131k tarihinden itibaren ba\u015fkanl\u0131k edecek olan Brezilya Devlet Ba\u015fkan\u0131 Lula da Silva, devir teslim t\u00f6reninin ard\u0131ndan yapt\u0131\u011f\u0131 a\u00e7\u0131klamada, &#8220;Adil bir d\u00fcnya ve s\u00fcrd\u00fcr\u00fclebilir bir gezegen in\u015fa etmek&#8221; i\u00e7in \u00e7al\u0131\u015faca\u011f\u0131n\u0131 ifade etti.<\/span><br \/>\n<span style=\"font-family: arial, helvetica, sans-serif; font-size: 14px;\">Zirve resmi olarak sona erse de G20 liderlerinin ikili g\u00f6r\u00fc\u015fmeleri s\u00fcr\u00fcyor. Cumhurba\u015fkan\u0131 Recep Tayyip Erdo\u011fan&#8217;\u0131n ikili g\u00f6r\u00fc\u015fmelerin ard\u0131ndan zirve kapsam\u0131nda d\u00fczenlenecek uluslararas\u0131 bas\u0131n toplant\u0131s\u0131na kat\u0131lmas\u0131 bekleniyor.<\/span><\/p>\n","protected":false},"excerpt":{"rendered":"<p>Hindistan Ba\u015fbakan\u0131 Narendra Modi, G20 ortak deklarasyonunun resmen kabul edilmesinin ard\u0131ndan zirvenin sona erdi\u011fini duyururken, G20 d\u00f6nem ba\u015fkanl\u0131\u011f\u0131n\u0131 Brezilya&#8217;ya devretti.<\/p>\n","protected":false},"author":3,"featured_media":15073,"comment_status":"open","ping_status":"open","sticky":false,"template":"","format":"standard","meta":{"colormag_page_container_layout":"default_layout","colormag_page_sidebar_layout":"default_layout","footnotes":""},"categories":[1,5,8],"tags":[],"class_list":["post-15071","post","type-post","status-publish","format-standard","has-post-thumbnail","hentry","category-genel","category-gundem","category-siyaset"],"_links":{"self":[{"href":"https:\/\/marmarayerelhizmet.com\/index.php\/wp-json\/wp\/v2\/posts\/15071","targetHints":{"allow":["GET"]}}],"collection":[{"href":"https:\/\/marmarayerelhizmet.com\/index.php\/wp-json\/wp\/v2\/posts"}],"about":[{"href":"https:\/\/marmarayerelhizmet.com\/index.php\/wp-json\/wp\/v2\/types\/post"}],"author":[{"embeddable":true,"href":"https:\/\/marmarayerelhizmet.com\/index.php\/wp-json\/wp\/v2\/users\/3"}],"replies":[{"embeddable":true,"href":"https:\/\/marmarayerelhizmet.com\/index.php\/wp-json\/wp\/v2\/comments?post=15071"}],"version-history":[{"count":0,"href":"https:\/\/marmarayerelhizmet.com\/index.php\/wp-json\/wp\/v2\/posts\/15071\/revisions"}],"wp:featuredmedia":[{"embeddable":true,"href":"https:\/\/marmarayerelhizmet.com\/index.php\/wp-json\/wp\/v2\/media\/15073"}],"wp:attachment":[{"href":"https:\/\/marmarayerelhizmet.com\/index.php\/wp-json\/wp\/v2\/media?parent=15071"}],"wp:term":[{"taxonomy":"category","embeddable":true,"href":"https:\/\/marmarayerelhizmet.com\/index.php\/wp-json\/wp\/v2\/categories?post=15071"},{"taxonomy":"post_tag","embeddable":true,"href":"https:\/\/marmarayerelhizmet.com\/index.php\/wp-json\/wp\/v2\/tags?post=15071"}],"curies":[{"name":"wp","href":"https:\/\/api.w.org\/{rel}","templated":true}]}}