{"id":15067,"date":"2023-09-10T11:00:57","date_gmt":"2023-09-10T08:00:57","guid":{"rendered":"https:\/\/marmarayerelhizmet.com\/?p=15067"},"modified":"2023-09-10T11:00:57","modified_gmt":"2023-09-10T08:00:57","slug":"sanatatil-yaz-okuluna-gorkemli-kapanis","status":"publish","type":"post","link":"https:\/\/marmarayerelhizmet.com\/index.php\/2023\/09\/10\/sanatatil-yaz-okuluna-gorkemli-kapanis\/","title":{"rendered":"SanaTatil Yaz Okulu&#8217;na G\u00f6rkemli Kapan\u0131\u015f"},"content":{"rendered":"<p><strong><span style=\"font-family: arial, helvetica, sans-serif; font-size: 14px;\">Esenler Belediyesi Sanat Evi (ESEV) taraf\u0131ndan \u00e7ocuklar\u0131n yaz tatilini verimli ve keyifli \u015fekilde ge\u00e7irmesi i\u00e7in d\u00fczenlenen &#8220;SanaTatil Yaz Okulu&#8221; sona erdi. Program\u0131n kapan\u0131\u015f t\u00f6reninde \u00e7ocuklar taraf\u0131ndan tiyatro ve m\u00fczik g\u00f6sterisi sunuldu.<br \/>\n<\/span><\/strong><br \/>\n<span style=\"font-family: arial, helvetica, sans-serif; font-size: 14px;\">ESEV taraf\u0131ndan \u00e7ocuklar\u0131n yaz tatilini verimli ge\u00e7irmesi amac\u0131yla d\u00fczenlenen \u201cSanaTatil Yaz Okulu\u201d g\u00f6rkemli bir etkinlikle sona erdi. Yaz boyunca sanat, de\u011ferler e\u011fitimi, ilmi dersler ve spor gibi alanlarda e\u011fitimlerin verildi\u011fi okulda ayn\u0131 zamanda workshoplar ve geziler de d\u00fczenlendi. Dr. Kadir Topba\u015f K\u00fclt\u00fcr Sanat Merkezi\u2019nde ger\u00e7ekle\u015fen programda, yaz okuluna kat\u0131lan \u00f6\u011frenciler taraf\u0131ndan resim sergisi d\u00fczenlendi. Program, sergi sonras\u0131 \u00e7ocuklar\u0131n haz\u0131rlad\u0131\u011f\u0131 tiyatro oyunlar\u0131 ve m\u00fczik g\u00f6sterileri ile devam etti. Programda ayr\u0131ca Kur\u2019an-\u0131 Kerim ve zeka oyunlar\u0131 yar\u0131\u015fmalar\u0131nda derece elde eden \u00f6\u011frencilere \u00f6d\u00fcl verildi. Yaz okulunda e\u011fitim veren \u00f6\u011fretmenlere \u00e7i\u00e7ek hediye edilirken, program \u00f6\u011frencilerin kep atma t\u00f6reni ile son buldu.<\/span><\/p>\n<p><strong><span style=\"font-family: arial, helvetica, sans-serif; font-size: 14px;\">\u201cHer bir \u00e7ocu\u011fumuzun bir sanat bran\u015f\u0131 olsun\u201d<\/span><\/strong><br \/>\n<span style=\"font-family: arial, helvetica, sans-serif; font-size: 14px;\">Programda konu\u015fan Esenler Belediyesi K\u00fclt\u00fcr \u0130\u015fleri M\u00fcd\u00fcr\u00fc H\u00fcseyin Cerraho\u011flu, \u201cSanaTatil Yaz Okulu, bu sene ilk defa ger\u00e7ekle\u015ftirdi\u011fimiz bir uygulamayd\u0131. \u00c7ocuklardan \u00e7ok geri d\u00f6n\u00fc\u015f ald\u0131k. \u2018Programa gelip ertesi g\u00fcn gitmek istemeyen var m\u0131?\u2019 diye sordum. Kimseden \u00f6yle bir ses \u00e7\u0131kmad\u0131. G\u00fczel bir \u00e7al\u0131\u015fma oldu. 30 bran\u015fta e\u011fitimleri verdik. Tabi bu e\u011fitimler \u00e7ocuklar\u0131m\u0131z\u0131n bu alanda yeti\u015fmeleri ile alakal\u0131 de\u011fil. Sanatla tan\u0131\u015fmalar\u0131, sanata bir \u015fekilde dokunmalar\u0131, sanat\u0131 sevdirmek. \u00d6zellikle bu yeni d\u00f6nemde istiyoruz ki onlar burada bir sanat bran\u015f\u0131nda kurslar\u0131m\u0131za gelsinler. E\u011fitimlerini tamamlas\u0131nlar. Her bir \u00e7ocu\u011fumuzun bir sanat bran\u015f\u0131 olsun. Tabi buras\u0131 7\u2019den 70\u2019e herkese a\u00e7\u0131k bir kurs. Herkesi davet ediyoruz ama \u00e7ocuklar\u0131m\u0131z daha \u00f6ncelikte. ESEV Sanat Evi 15 Eyl\u00fcl itibar\u0131yla yeni e\u011fitim \u00f6\u011fretime ba\u015flayacak. 76 bran\u015fta kurslar\u0131m\u0131z var. Bu kurslar\u0131m\u0131za da Esenlerlileri bekliyoruz. Yine etkinliklerimiz de devam edecek. Bu sergi \u00f6zellikle birer ay ara ile ald\u0131\u011f\u0131m\u0131z \u00e7ocuklar\u0131m\u0131z\u0131n sergileri, ben de g\u00f6r\u00fcnce duyguland\u0131m. Bir ayda \u00e7ocuklar\u0131m\u0131z \u00e7ok g\u00fczel eserler \u00e7\u0131kard\u0131lar\u201d dedi.<\/span><\/p>\n","protected":false},"excerpt":{"rendered":"<p>Esenler Belediyesi Sanat Evi (ESEV) taraf\u0131ndan \u00e7ocuklar\u0131n yaz tatilini verimli ve keyifli \u015fekilde ge\u00e7irmesi i\u00e7in d\u00fczenlenen &#8220;SanaTatil Yaz Okulu&#8221; sona<\/p>\n","protected":false},"author":3,"featured_media":15069,"comment_status":"open","ping_status":"open","sticky":false,"template":"","format":"standard","meta":{"colormag_page_container_layout":"default_layout","colormag_page_sidebar_layout":"default_layout","footnotes":""},"categories":[1,5,6,8],"tags":[],"class_list":["post-15067","post","type-post","status-publish","format-standard","has-post-thumbnail","hentry","category-genel","category-gundem","category-kultur-sanat","category-siyaset"],"_links":{"self":[{"href":"https:\/\/marmarayerelhizmet.com\/index.php\/wp-json\/wp\/v2\/posts\/15067","targetHints":{"allow":["GET"]}}],"collection":[{"href":"https:\/\/marmarayerelhizmet.com\/index.php\/wp-json\/wp\/v2\/posts"}],"about":[{"href":"https:\/\/marmarayerelhizmet.com\/index.php\/wp-json\/wp\/v2\/types\/post"}],"author":[{"embeddable":true,"href":"https:\/\/marmarayerelhizmet.com\/index.php\/wp-json\/wp\/v2\/users\/3"}],"replies":[{"embeddable":true,"href":"https:\/\/marmarayerelhizmet.com\/index.php\/wp-json\/wp\/v2\/comments?post=15067"}],"version-history":[{"count":0,"href":"https:\/\/marmarayerelhizmet.com\/index.php\/wp-json\/wp\/v2\/posts\/15067\/revisions"}],"wp:featuredmedia":[{"embeddable":true,"href":"https:\/\/marmarayerelhizmet.com\/index.php\/wp-json\/wp\/v2\/media\/15069"}],"wp:attachment":[{"href":"https:\/\/marmarayerelhizmet.com\/index.php\/wp-json\/wp\/v2\/media?parent=15067"}],"wp:term":[{"taxonomy":"category","embeddable":true,"href":"https:\/\/marmarayerelhizmet.com\/index.php\/wp-json\/wp\/v2\/categories?post=15067"},{"taxonomy":"post_tag","embeddable":true,"href":"https:\/\/marmarayerelhizmet.com\/index.php\/wp-json\/wp\/v2\/tags?post=15067"}],"curies":[{"name":"wp","href":"https:\/\/api.w.org\/{rel}","templated":true}]}}