{"id":15059,"date":"2023-09-10T10:55:43","date_gmt":"2023-09-10T07:55:43","guid":{"rendered":"https:\/\/marmarayerelhizmet.com\/?p=15059"},"modified":"2023-09-10T10:55:43","modified_gmt":"2023-09-10T07:55:43","slug":"beykozda-misir-senligi-2","status":"publish","type":"post","link":"https:\/\/marmarayerelhizmet.com\/index.php\/2023\/09\/10\/beykozda-misir-senligi-2\/","title":{"rendered":"Beykoz&#8217;da M\u0131s\u0131r \u015eenli\u011fi"},"content":{"rendered":"<p><strong><span style=\"font-family: arial, helvetica, sans-serif; font-size: 14px;\">Beykoz\u2019da d\u00f6rd\u00fcnc\u00fcs\u00fc yap\u0131lan &#8216;M\u0131s\u0131r \u015eenli\u011fi&#8217; b\u00fcy\u00fck bir co\u015fku ve heyecanla ger\u00e7ekle\u015ftirildi. \u00dcnl\u00fc isimlerin de sahne ald\u0131\u011f\u0131 programda kat\u0131l\u0131mc\u0131lar doyas\u0131ya e\u011flendi.<br \/>\n<\/span><\/strong><br \/>\n<span style=\"font-family: arial, helvetica, sans-serif; font-size: 14px;\">Beykoz Belediyesi taraf\u0131ndan bu y\u0131l d\u00f6rd\u00fcnc\u00fcs\u00fc d\u00fczenlenen Beykoz M\u0131s\u0131r \u015eenli\u011fi b\u00fcy\u00fck bir co\u015fku ve heyecanla yap\u0131ld\u0131. K\u00fc\u00e7\u00fcksu \u00c7ay\u0131r\u0131&#8217;nda ger\u00e7ekle\u015fen organizasyonda belediye personelleri kat\u0131l\u0131mc\u0131lara m\u0131s\u0131r ikram ederken, Karadeniz m\u00fczi\u011finin sevilen ismi Ekin Uzunlar ve Ayaz Erdo\u011fan\u2019\u0131n konserleriyle kat\u0131l\u0131mc\u0131lar co\u015fkulu ve keyifli dakikalar ya\u015fad\u0131.<\/span><br \/>\n<span style=\"font-family: arial, helvetica, sans-serif; font-size: 14px;\">Etkinlikle ilgili duygu ve d\u00fc\u015f\u00fcncelerini aktaran Y\u0131ld\u0131z Ula\u015f, \u201cFestival ortam\u0131 \u00e7ok g\u00fczel. Ailecek geldik. Ekin Uzunlar&#8217;\u0131n konserini heyecanla bekliyoruz. Belediyeden bu organizasyonlar\u0131n devam\u0131n\u0131 istiyoruz. \u00c7ok keyifli bir gece\u201d dedi.<\/span><br \/>\n<span style=\"font-family: arial, helvetica, sans-serif; font-size: 14px;\">30 senedir ayn\u0131 mahallede ya\u015fad\u0131\u011f\u0131n\u0131 belirten Mikail \u0130pek, &#8220;Eski gelene\u011fimiz. Sa\u011f olsun Beykoz Belediyesi getirdi. \u00c7ocuklar e\u011fleniyor, biz de e\u011fleniyoruz. Gayet mutluyuz. Belediye ba\u015fkan\u0131na te\u015fekk\u00fcr ediyoruz&#8221; \u015feklinde konu\u015ftu.<\/span><br \/>\n<span style=\"font-family: arial, helvetica, sans-serif; font-size: 14px;\">Ekin Uzunlar&#8217;\u0131n sahne almas\u0131ndan \u00f6nce organizasyonla ilgili konu\u015fan Beykoz Belediye Ba\u015fkan\u0131 Murat Ayd\u0131n, &#8220;Bu ak\u015fam bizleri yaln\u0131z b\u0131rakmad\u0131\u011f\u0131n\u0131z i\u00e7in hepinize \u00e7ok te\u015fekk\u00fcr ediyorum. Bu ak\u015fam e\u011flenece\u011fiz fakat bir konuya dikkat \u00e7ekmek istiyorum, Beykoz\u2019un m\u0131s\u0131rlar\u0131. Eskiden, 40-50 y\u0131l \u00f6ncesi, Beykoz\u2019un k\u00f6yleri \u0130stanbul&#8217;u besliyormu\u015f. \u0130stanbul\u2019un karpuz, m\u0131s\u0131r, sebze vs. ihtiya\u00e7lar\u0131 Beykoz\u2019dan kar\u015f\u0131lan\u0131yormu\u015f. Kanl\u0131ca yo\u011furdunun s\u00fctleri eskiden Beykoz\u2019da \u00fcretiliyormu\u015f. Biz ge\u00e7mi\u015fi unutmayal\u0131m diye, Beykoz\u2019da tar\u0131m\u0131 geli\u015ftirelim diye bu ve benzeri etkinliklerle konuyu g\u00fcndeme getiriyoruz. \u0130lk y\u0131l M\u0131s\u0131r Festivali yapt\u0131\u011f\u0131m\u0131zda m\u0131s\u0131r\u0131 Sakarya\u2019dan getirdik, Beykoz\u2019da yoktu. Ama bu ikram etti\u011fimiz m\u0131s\u0131rlar Beykoz\u2019da yeti\u015fti&#8221; dedi.<\/span><\/p>\n<p><strong><span style=\"font-family: arial, helvetica, sans-serif; font-size: 14px;\">&#8220;Beykoz\u2019da tar\u0131ma dikkat \u00e7ekmek istiyoruz&#8221;<\/span><\/strong><br \/>\n<span style=\"font-family: arial, helvetica, sans-serif; font-size: 14px;\">Ba\u015fkan Ayd\u0131n, s\u00f6zlerine \u015f\u00f6yle devam etti: &#8220;Beykoz\u2019da m\u0131s\u0131r gibi \u00fcr\u00fcnleri yeti\u015ftirenlerin say\u0131s\u0131 4 y\u0131lda y\u00fczde 500 artt\u0131. \u0130\u015fte bu tar\u0131m konusuna dikkat \u00e7ekmek istiyoruz. T\u00fcrkiye\u2019de tar\u0131m bir\u00e7ok yerde yap\u0131l\u0131yor. Di\u011fer yerlerden \u0130stanbul\u2019a getiriliyor. Allah g\u00f6stermesin, ola\u011fan\u00fcst\u00fc bir durum olsa oradaki \u00fcr\u00fcnleri buraya getiremeyiz. Onun i\u00e7in uygun yerlerimiz varsa oralarda tar\u0131m yapmam\u0131z laz\u0131m. Biz de bu anlamda Beykoz\u2019da tar\u0131ma dikkat \u00e7ekmek istiyoruz. \u00d6nceden tar\u0131msal faaliyette bulunan ki\u015fi say\u0131m\u0131z \u015fu an\u0131n be\u015fte biri kadard\u0131. \u015eimdi be\u015f misli artt\u0131. Ben onlara sizlerin huzurunda te\u015fekk\u00fcr ediyorum. Beykoz Kahvecisine gelen var m\u0131? \u0130ki tane daha geliyor. Biri Kavac\u0131k&#8217;ta, biri Merkez Mahallemizde.&#8221;<\/span><\/p>\n","protected":false},"excerpt":{"rendered":"<p>Beykoz\u2019da d\u00f6rd\u00fcnc\u00fcs\u00fc yap\u0131lan &#8216;M\u0131s\u0131r \u015eenli\u011fi&#8217; b\u00fcy\u00fck bir co\u015fku ve heyecanla ger\u00e7ekle\u015ftirildi. \u00dcnl\u00fc isimlerin de sahne ald\u0131\u011f\u0131 programda kat\u0131l\u0131mc\u0131lar doyas\u0131ya e\u011flendi.<\/p>\n","protected":false},"author":3,"featured_media":15061,"comment_status":"open","ping_status":"open","sticky":false,"template":"","format":"standard","meta":{"colormag_page_container_layout":"default_layout","colormag_page_sidebar_layout":"default_layout","footnotes":""},"categories":[1,5,6,8],"tags":[],"class_list":["post-15059","post","type-post","status-publish","format-standard","has-post-thumbnail","hentry","category-genel","category-gundem","category-kultur-sanat","category-siyaset"],"_links":{"self":[{"href":"https:\/\/marmarayerelhizmet.com\/index.php\/wp-json\/wp\/v2\/posts\/15059","targetHints":{"allow":["GET"]}}],"collection":[{"href":"https:\/\/marmarayerelhizmet.com\/index.php\/wp-json\/wp\/v2\/posts"}],"about":[{"href":"https:\/\/marmarayerelhizmet.com\/index.php\/wp-json\/wp\/v2\/types\/post"}],"author":[{"embeddable":true,"href":"https:\/\/marmarayerelhizmet.com\/index.php\/wp-json\/wp\/v2\/users\/3"}],"replies":[{"embeddable":true,"href":"https:\/\/marmarayerelhizmet.com\/index.php\/wp-json\/wp\/v2\/comments?post=15059"}],"version-history":[{"count":0,"href":"https:\/\/marmarayerelhizmet.com\/index.php\/wp-json\/wp\/v2\/posts\/15059\/revisions"}],"wp:featuredmedia":[{"embeddable":true,"href":"https:\/\/marmarayerelhizmet.com\/index.php\/wp-json\/wp\/v2\/media\/15061"}],"wp:attachment":[{"href":"https:\/\/marmarayerelhizmet.com\/index.php\/wp-json\/wp\/v2\/media?parent=15059"}],"wp:term":[{"taxonomy":"category","embeddable":true,"href":"https:\/\/marmarayerelhizmet.com\/index.php\/wp-json\/wp\/v2\/categories?post=15059"},{"taxonomy":"post_tag","embeddable":true,"href":"https:\/\/marmarayerelhizmet.com\/index.php\/wp-json\/wp\/v2\/tags?post=15059"}],"curies":[{"name":"wp","href":"https:\/\/api.w.org\/{rel}","templated":true}]}}