{"id":15039,"date":"2023-09-11T00:06:00","date_gmt":"2023-09-10T21:06:00","guid":{"rendered":"https:\/\/marmarayerelhizmet.com\/?p=15039"},"modified":"2023-09-11T12:40:14","modified_gmt":"2023-09-11T09:40:14","slug":"kareside-yaya-cizgileri-yenileniyor","status":"publish","type":"post","link":"https:\/\/marmarayerelhizmet.com\/index.php\/2023\/09\/11\/kareside-yaya-cizgileri-yenileniyor\/","title":{"rendered":"Karesi&#8217;de Yaya \u00c7izgileri Yenileniyor"},"content":{"rendered":"<p><span style=\"font-family: arial, helvetica, sans-serif;\"><strong>Karesi Belediyesi Zab\u0131ta ve Fen \u0130\u015fleri M\u00fcd\u00fcrl\u00fc\u011f\u00fc ekipleri yol a\u011flar\u0131 \u00fczerinde vatanda\u015flar\u0131n can g\u00fcvenli\u011fini korumak i\u00e7in yaya ge\u00e7idi ve yol \u00e7izgilerini yenileme \u00e7al\u0131\u015fmalar\u0131n\u0131 s\u00fcrd\u00fcr\u00fcyor. Ekipler, \u00f6\u011frencilerin okula geli\u015f gidi\u015flerinde trafik g\u00fcvenli\u011fini sa\u011flamak amac\u0131yla okul \u00f6nlerindeki \u00e7izgileri de yenilerken eskiyen levhalar yerine yeni trafik uyar\u0131 levhalar\u0131 yerle\u015ftirdi.<\/strong><\/span><\/p>\n<p><span style=\"font-family: arial, helvetica, sans-serif;\">Karesi Belediyesi yaya \u00e7izgilerini yeniliyor, okul \u00f6nlerine uyar\u0131 levhalar\u0131 yerle\u015ftiriyor Zab\u0131ta ve Fen \u0130\u015fleri M\u00fcd\u00fcrl\u00fc\u011f\u00fc ekipleri koordinesinde ger\u00e7ekle\u015ftirilen \u00e7al\u0131\u015fmalar kapsam\u0131nda Bal\u0131kesir B\u00fcy\u00fck\u015fehir Belediyesi de ana cadde ve b\u00fcy\u00fck sokaklardaki \u00e7al\u0131\u015fmalar\u0131yla yenileme \u00e7al\u0131\u015fmalar\u0131n\u0131 s\u00fcrd\u00fcr\u00fcyor. Karesi Belediyesi, Karesi geneline yayd\u0131\u011f\u0131 yaya ge\u00e7idi \u00e7al\u0131\u015fmalar\u0131n\u0131 tamamlamak i\u00e7in aral\u0131ks\u0131z \u00e7al\u0131\u015f\u0131yor.<\/span><br \/>\n<span style=\"font-family: arial, helvetica, sans-serif;\">Karesi Belediyesinden yap\u0131lan a\u00e7\u0131klamaya g\u00f6re ekipler, il\u00e7e genelindeki t\u00fcm okullar\u0131n \u00f6n\u00fcne \u00f6\u011frencilerin okula geli\u015f gidi\u015flerinde trafik g\u00fcvenli\u011fini sa\u011flamak amac\u0131yla trafik uyar\u0131 levhalar\u0131 yerle\u015ftirdi, eskiyen levhalar ise yenileriyle de\u011fi\u015ftirildi. \u00d6\u011frencilerin okullar\u0131na g\u00fcvenli bir \u015fekilde giri\u015f \u00e7\u0131k\u0131\u015flar\u0131n\u0131 sa\u011flamak, bununla birlikte olabilecek trafik kazalar\u0131n\u0131n da \u00f6n\u00fcne ge\u00e7mek i\u00e7in Karesi Belediyesi ekipleri, okul giri\u015flerinin \u00f6n\u00fcnde yaya ge\u00e7idi i\u015faretlemeleri \u00e7al\u0131\u015fmalar\u0131na devam ediyor. Okul \u00f6nlerinde ara\u00e7lar\u0131n h\u0131z\u0131n\u0131 azaltmak i\u00e7in yer alan kasislerin \u00e7izgileri de yenileniyor.<\/span><br \/>\n<span style=\"font-family: arial, helvetica, sans-serif;\">Yap\u0131lan yol \u00e7izgi \u00e7al\u0131\u015fmalar\u0131yla ise trafik ak\u0131\u015f\u0131n\u0131n daha g\u00fcvenli olmas\u0131 i\u00e7in \u015feritlerin belirgin hale gelmesi sa\u011flan\u0131yor. Karesi ekipleri, yol \u00e7izgi \u00e7al\u0131\u015fmalar\u0131n\u0131 boya uygulamas\u0131yla ger\u00e7ekle\u015ftiriyor. T\u00fcm kentte ve belirlenen okullar\u0131n \u00f6n\u00fcne yap\u0131lan yaya ge\u00e7idi \u00e7izgi \u00e7al\u0131\u015fmalar\u0131 ise devam ediyor.<\/span><\/p>\n<p>&nbsp;<\/p>\n","protected":false},"excerpt":{"rendered":"<p>Karesi Belediyesi Zab\u0131ta ve Fen \u0130\u015fleri M\u00fcd\u00fcrl\u00fc\u011f\u00fc ekipleri yol a\u011flar\u0131 \u00fczerinde vatanda\u015flar\u0131n can g\u00fcvenli\u011fini korumak i\u00e7in yaya ge\u00e7idi ve yol<\/p>\n","protected":false},"author":3,"featured_media":15041,"comment_status":"open","ping_status":"open","sticky":false,"template":"","format":"standard","meta":{"colormag_page_container_layout":"default_layout","colormag_page_sidebar_layout":"default_layout","footnotes":""},"categories":[1,5,8],"tags":[],"class_list":["post-15039","post","type-post","status-publish","format-standard","has-post-thumbnail","hentry","category-genel","category-gundem","category-siyaset"],"_links":{"self":[{"href":"https:\/\/marmarayerelhizmet.com\/index.php\/wp-json\/wp\/v2\/posts\/15039","targetHints":{"allow":["GET"]}}],"collection":[{"href":"https:\/\/marmarayerelhizmet.com\/index.php\/wp-json\/wp\/v2\/posts"}],"about":[{"href":"https:\/\/marmarayerelhizmet.com\/index.php\/wp-json\/wp\/v2\/types\/post"}],"author":[{"embeddable":true,"href":"https:\/\/marmarayerelhizmet.com\/index.php\/wp-json\/wp\/v2\/users\/3"}],"replies":[{"embeddable":true,"href":"https:\/\/marmarayerelhizmet.com\/index.php\/wp-json\/wp\/v2\/comments?post=15039"}],"version-history":[{"count":0,"href":"https:\/\/marmarayerelhizmet.com\/index.php\/wp-json\/wp\/v2\/posts\/15039\/revisions"}],"wp:featuredmedia":[{"embeddable":true,"href":"https:\/\/marmarayerelhizmet.com\/index.php\/wp-json\/wp\/v2\/media\/15041"}],"wp:attachment":[{"href":"https:\/\/marmarayerelhizmet.com\/index.php\/wp-json\/wp\/v2\/media?parent=15039"}],"wp:term":[{"taxonomy":"category","embeddable":true,"href":"https:\/\/marmarayerelhizmet.com\/index.php\/wp-json\/wp\/v2\/categories?post=15039"},{"taxonomy":"post_tag","embeddable":true,"href":"https:\/\/marmarayerelhizmet.com\/index.php\/wp-json\/wp\/v2\/tags?post=15039"}],"curies":[{"name":"wp","href":"https:\/\/api.w.org\/{rel}","templated":true}]}}