{"id":14850,"date":"2023-09-06T00:28:58","date_gmt":"2023-09-05T21:28:58","guid":{"rendered":"https:\/\/marmarayerelhizmet.com\/?p=14850"},"modified":"2023-09-06T00:28:58","modified_gmt":"2023-09-05T21:28:58","slug":"imamoglu-akomda-aciklamalarda-bulundu","status":"publish","type":"post","link":"https:\/\/marmarayerelhizmet.com\/index.php\/2023\/09\/06\/imamoglu-akomda-aciklamalarda-bulundu\/","title":{"rendered":"\u0130mamo\u011flu, AKOM&#8217;da A\u00e7\u0131klamalarda Bulundu"},"content":{"rendered":"<p><strong><span style=\"font-family: arial, helvetica, sans-serif; font-size: 14px;\">\u0130stanbul B\u00fcy\u00fck\u015fehir Belediye Ba\u015fkan\u0131 Ekrem \u0130mamo\u011flu &#8220;Baz\u0131 b\u00f6lgelerde metrekareye d\u00fc\u015fen ya\u011f\u0131\u015f miktar\u0131 150 kilogram\u0131 bulmu\u015ftur. Bu ger\u00e7ekten ciddi bir rakamd\u0131r&#8221; dedi.<\/span><\/strong><\/p>\n<p><span style=\"font-family: arial, helvetica, sans-serif; font-size: 14px;\">\u0130BB Ba\u015fkan\u0131 \u0130mamo\u011flu, AKOM&#8217;da sa\u011fanak ya\u011f\u0131\u015fa ve su bask\u0131nlar\u0131na ili\u015fkin a\u00e7\u0131klamalarda bulundu. Bir\u00e7ok noktada su bask\u0131n\u0131n\u0131n ya\u015fad\u0131\u011f\u0131n\u0131 belirten \u0130mamo\u011flu, &#8220;Kaya\u015fehir Metro \u0130stasyonu&#8217;nda su bask\u0131n\u0131 ger\u00e7ekle\u015fti. Burada metro dura\u011f\u0131 iptal edilmi\u015f ve ge\u00e7i\u015flerin sadece sa\u011fland\u0131\u011f\u0131 bi\u00e7imde metro seferlerimiz devam etmi\u015ftir. Kaya\u015fehir \u0130stasyonu kapal\u0131d\u0131r. M\u00fcdahaleler devam ediyor. Millet K\u00fct\u00fcphanesi su bask\u0131n\u0131na itfaiye ekibimim h\u0131zl\u0131ca ula\u015fm\u0131\u015f, mahsur kalan 10 vatanda\u015f\u0131m\u0131z \u00e7\u0131kart\u0131lm\u0131\u015flard\u0131r. \u00c7am Sakura Hastanesi&#8217;ndeki bir miktar su bask\u0131n\u0131 ile ilgili ekiplerimiz m\u00fcdahale etmi\u015ftir&#8221; ifadelerini kulland\u0131.<\/span><\/p>\n<p><span style=\"font-family: arial, helvetica, sans-serif; font-size: 14px;\">2 bin 137 personelle su bask\u0131nlar\u0131na m\u00fcdahale ettiklerini s\u00f6yleyen \u0130mamo\u011flu, \u0130stanbul Valili\u011fi ile koordineli \u015fekilde \u00e7al\u0131\u015fmalar\u0131n s\u00fcrd\u00fc\u011f\u00fcn\u00fc kaydetti. Sa\u011fanak ya\u011f\u0131\u015f\u0131n baz\u0131 il\u00e7elerde \u015fiddetli \u015fekilde etkisini g\u00f6sterdi\u011fine dikkat \u00e7eken \u0130mamo\u011flu, &#8220;Baz\u0131 noktalarda ya\u011f\u0131\u015f miktar\u0131 150 kilogram\u0131 bulmu\u015ftur. Bu ger\u00e7ekten ciddi bir ya\u011f\u0131\u015f rakam\u0131d\u0131r. Bunun b\u00fcy\u00fck oranda havzalar b\u00f6l\u00fcm\u00fcne d\u00fc\u015ft\u00fc\u011f\u00fc bir ger\u00e7ek. Ba\u015fta Sazl\u0131dere, Alibey ve Terkos baraj\u0131m\u0131z olmak \u00fczere beklenmedik anl\u0131k ya\u011f\u0131\u015f\u0131n barajlara da pozitif etkisini de belirtmek isterim&#8221; dedi.<\/span><\/p>\n","protected":false},"excerpt":{"rendered":"<p>\u0130stanbul B\u00fcy\u00fck\u015fehir Belediye Ba\u015fkan\u0131 Ekrem \u0130mamo\u011flu &#8220;Baz\u0131 b\u00f6lgelerde metrekareye d\u00fc\u015fen ya\u011f\u0131\u015f miktar\u0131 150 kilogram\u0131 bulmu\u015ftur. Bu ger\u00e7ekten ciddi bir rakamd\u0131r&#8221;<\/p>\n","protected":false},"author":3,"featured_media":14852,"comment_status":"open","ping_status":"open","sticky":false,"template":"","format":"standard","meta":{"colormag_page_container_layout":"default_layout","colormag_page_sidebar_layout":"default_layout","footnotes":""},"categories":[1,5,8],"tags":[],"class_list":["post-14850","post","type-post","status-publish","format-standard","has-post-thumbnail","hentry","category-genel","category-gundem","category-siyaset"],"_links":{"self":[{"href":"https:\/\/marmarayerelhizmet.com\/index.php\/wp-json\/wp\/v2\/posts\/14850","targetHints":{"allow":["GET"]}}],"collection":[{"href":"https:\/\/marmarayerelhizmet.com\/index.php\/wp-json\/wp\/v2\/posts"}],"about":[{"href":"https:\/\/marmarayerelhizmet.com\/index.php\/wp-json\/wp\/v2\/types\/post"}],"author":[{"embeddable":true,"href":"https:\/\/marmarayerelhizmet.com\/index.php\/wp-json\/wp\/v2\/users\/3"}],"replies":[{"embeddable":true,"href":"https:\/\/marmarayerelhizmet.com\/index.php\/wp-json\/wp\/v2\/comments?post=14850"}],"version-history":[{"count":0,"href":"https:\/\/marmarayerelhizmet.com\/index.php\/wp-json\/wp\/v2\/posts\/14850\/revisions"}],"wp:featuredmedia":[{"embeddable":true,"href":"https:\/\/marmarayerelhizmet.com\/index.php\/wp-json\/wp\/v2\/media\/14852"}],"wp:attachment":[{"href":"https:\/\/marmarayerelhizmet.com\/index.php\/wp-json\/wp\/v2\/media?parent=14850"}],"wp:term":[{"taxonomy":"category","embeddable":true,"href":"https:\/\/marmarayerelhizmet.com\/index.php\/wp-json\/wp\/v2\/categories?post=14850"},{"taxonomy":"post_tag","embeddable":true,"href":"https:\/\/marmarayerelhizmet.com\/index.php\/wp-json\/wp\/v2\/tags?post=14850"}],"curies":[{"name":"wp","href":"https:\/\/api.w.org\/{rel}","templated":true}]}}