{"id":14838,"date":"2023-09-05T18:36:20","date_gmt":"2023-09-05T15:36:20","guid":{"rendered":"https:\/\/marmarayerelhizmet.com\/?p=14838"},"modified":"2023-09-05T18:36:20","modified_gmt":"2023-09-05T15:36:20","slug":"dogalgazla-ilgili-merkez-kuracagiz","status":"publish","type":"post","link":"https:\/\/marmarayerelhizmet.com\/index.php\/2023\/09\/05\/dogalgazla-ilgili-merkez-kuracagiz\/","title":{"rendered":"&#8216;Do\u011falgazla \u0130lgili Merkez Kuraca\u011f\u0131z&#8217;"},"content":{"rendered":"<p><strong><span style=\"font-family: arial, helvetica, sans-serif; font-size: 14px;\">Cumhurba\u015fkan\u0131 Recep Tayyip Erdo\u011fan, &#8220;\u0130stanbul\u2019daki Finans Merkezimiz gibi Londra\u2019da, Hamburg\u2019da belli i\u015fler i\u00e7in kurulmu\u015f merkezler \u00f6rne\u011finde oldu\u011fu gibi do\u011falgazla ilgili de bir merkez kurma plan\u0131m\u0131z var. Rusya ile bu plan\u0131m\u0131z\u0131 g\u00f6r\u00fc\u015fece\u011fiz&#8221; dedi.<br \/>\n<\/span><\/strong><br \/>\n<span style=\"font-family: arial, helvetica, sans-serif; font-size: 14px;\">Cumhurba\u015fkan\u0131 Recep Tayyip Erdo\u011fan, Rusya ziyareti d\u00f6n\u00fc\u015f\u00fcnde u\u00e7akta gazetecilerle s\u00f6yle\u015fi ger\u00e7ekle\u015ftirdi. Rusya Devlet Ba\u015fkan\u0131 Putin\u2019in davetine icabetle So\u00e7i\u2019ye yapt\u0131\u011f\u0131 ziyareti tamamlad\u0131klar\u0131n\u0131 ifade eden Cumhurba\u015fkan\u0131 Erdo\u011fan, yapt\u0131klar\u0131 g\u00f6r\u00fc\u015fmelerde Rusya ile ikili ili\u015fkileri, b\u00f6lgesel ve k\u00fcresel geli\u015fmeleri etrafl\u0131ca ele ald\u0131klar\u0131n\u0131, \u00f6n\u00fcm\u00fczdeki d\u00f6neme dair g\u00f6r\u00fc\u015f al\u0131\u015fveri\u015finde bulunduklar\u0131n\u0131 aktard\u0131. \u015eu an Rusya ile 69 milyar dolar olan ticaret hacmindeki b\u00fcy\u00fcmeyi s\u00fcrd\u00fcrmek istediklerinin alt\u0131n\u0131 \u00e7izen Erdo\u011fan, ticaret hacminde hedefin 100 milyar dolara ula\u015fmak oldu\u011funu bildirdi. G\u00f6r\u00fc\u015fmelerde ekonomik ili\u015fkileri de bu do\u011frultuda t\u00fcm y\u00f6nleriyle gerek heyetler aras\u0131 g\u00f6r\u00fc\u015fmede, gerekse ikili yapt\u0131klar\u0131 yemekli g\u00f6r\u00fc\u015fmede ele ald\u0131klar\u0131 bilgisini aktaran Cumhurba\u015fkan\u0131 Erdo\u011fan, \u201cKar\u015f\u0131l\u0131kl\u0131 sayg\u0131 temelinde tesis etti\u011fimiz kurumlar aras\u0131 diyalo\u011fun faydas\u0131n\u0131 hem ikili ili\u015fkilerimizde hem de b\u00f6lgesel ve k\u00fcresel d\u00fczeyde g\u00f6rd\u00fck. Bunun en g\u00fczel \u00f6rne\u011fi bildi\u011finiz \u00fczere k\u00fcresel g\u0131da kriziyle m\u00fccadeleye \u00f6nemli katk\u0131 sa\u011flayan Karadeniz Giri\u015fimi\u2019dir. Giri\u015fimin yeniden canland\u0131r\u0131lmas\u0131 t\u00fcm d\u00fcnya bak\u0131m\u0131ndan \u00f6ncelikli bir konudur. Bu konuda Birle\u015fmi\u015f Milletler ile yak\u0131n temas i\u00e7indeyiz. Zaten bildi\u011finiz gibi bu ay i\u00e7erisinde Birle\u015fmi\u015f Milletler Genel Kurulumuz var. Orada Guterres ile yine g\u00f6r\u00fc\u015fmelerimiz olacak, bu konular\u0131 da ele alaca\u011f\u0131z. Genel Sekreter Say\u0131n Guterres\u2019in \u00e7abalar\u0131n\u0131 takdir etti\u011fimiz ve destekledi\u011fimizi de tekrar ifade etmek isterim\u201d dedi.<\/span><br \/>\n<span style=\"font-family: arial, helvetica, sans-serif; font-size: 14px;\">Birle\u015fmi\u015f Milletler\u2019in ger\u00e7ekle\u015ftirilen katk\u0131lar neticesinde giri\u015fimin yeniden canland\u0131r\u0131lmas\u0131n\u0131n \u00f6n\u00fcn\u00fc a\u00e7acak yeni bir paket haz\u0131rlad\u0131\u011f\u0131n\u0131 ifade eden Erdo\u011fan, \u201cBu yeni \u00f6neriler paketinin teknik boyutunu D\u0131\u015fi\u015fleri Bakan\u0131m Moskova ziyareti s\u0131ras\u0131nda Rus mevkida\u015f\u0131 Lavrov ile g\u00f6r\u00fc\u015ft\u00fc. Ben de konuyu bug\u00fcn Say\u0131n Putin ile ayr\u0131nt\u0131l\u0131 \u015fekilde de\u011ferlendirdim. \u0130n\u015fallah k\u0131sa s\u00fcrede beklentileri kar\u015f\u0131layacak g\u00fczel bir neticeye varaca\u011f\u0131m\u0131z\u0131 da inan\u0131yorum\u201d a\u00e7\u0131klamas\u0131n\u0131 yapt\u0131.<\/span><br \/>\n<span style=\"font-family: arial, helvetica, sans-serif; font-size: 14px;\">T\u00fcrkiye&#8217;nin Ukrayna&#8217;da devam eden sava\u015fla ilgili tutumunun belli oldu\u011funu dile getiren Cumhurba\u015fkan\u0131 Erdo\u011fan, \u201d\u0130lk g\u00fcnden beri hep bar\u0131\u015f\u0131, diyalo\u011fu ve diplomasiyi savunduk. Daha fazla kan d\u00f6k\u00fclmesinin \u00f6n\u00fcne ge\u00e7mek i\u00e7in yo\u011fun \u00e7aba harcad\u0131k. Sorunu b\u00fcy\u00fctmek, ate\u015fe k\u00f6r\u00fckle gitmek yerine her iki taraf\u0131n da ortak bir zeminde bulu\u015fmas\u0131n\u0131 sa\u011flamaya \u00e7al\u0131\u015ft\u0131k. 1,5 y\u0131ld\u0131r s\u00fcren sava\u015f maalesef hala devam ediyor. Ufukta bar\u0131\u015fa dair umut verici bir manzara da bulunmuyor. T\u00fcrkiye olarak d\u00fcn oldu\u011fu gibi bug\u00fcn de sava\u015f\u0131n kazanan\u0131, bar\u0131\u015f\u0131n kaybedeni olmaz, taraftar istedi\u011finde \u00fczerimize d\u00fc\u015feni yapmaya haz\u0131r oldu\u011fumuzu tekrar ifade ettik. Keza esir takas\u0131, Zaporijya N\u00fckleer Santrali gibi konularda oldu\u011fu gibi kolayla\u015ft\u0131r\u0131c\u0131l\u0131k rol\u00fcm\u00fcz\u00fc de devam ettirece\u011fiz. Temennimiz bir an \u00f6nce iki kom\u015fumuza ve b\u00f6lgemize zarar veren bu sava\u015f\u0131n uluslararas\u0131 hukuk temelinde adil ve kal\u0131c\u0131 bir bar\u0131\u015fla sonlanmas\u0131d\u0131r\u201d diye konu\u015ftu.<\/span><br \/>\n<span style=\"font-family: arial, helvetica, sans-serif; font-size: 14px;\">So\u00e7i\u2019deki g\u00f6r\u00fc\u015fmelerinde Suriye, G\u00fcney Kafkasya, Libya ile Afrika&#8217;daki son geli\u015fmeler \u00fczerinde de fikir teatisinde bulunduklar\u0131n\u0131 ifade eden Erdo\u011fan, temaslar\u0131n\u0131n T\u00fcrkiye ve Rusya ba\u015fta olmak \u00fczere b\u00f6lgeler i\u00e7in hay\u0131rlara vesile olmas\u0131 dile\u011finde bulundu.<\/span><br \/>\n<span style=\"font-family: arial, helvetica, sans-serif; font-size: 14px;\">Arap a\u015firetlerle PKK&#8217;l\u0131, YPG&#8217;li ter\u00f6ristlerin bir s\u00fcredir devam \u00e7at\u0131\u015fmalar\u0131 ile ilgili de\u011ferlendirmede bulunan Erdo\u011fan, g\u00f6r\u00fc\u015fmelerde Putin\u2019in konuya de\u011finmedi\u011fini belirterek, \u201cDo\u011frusu konuyu Say\u0131n Putin a\u00e7mad\u0131. Ben \u015f\u00f6yle k\u0131sa bir \u00f6zet a\u00e7t\u0131m ve Suriye\u2019deki bu geli\u015fmelerde PKK&#8217;ya, YPG&#8217;ye kar\u015f\u0131 art\u0131k Arap a\u015firetlerin bir b\u00fct\u00fcn haline geldi\u011fini, hatta \u015fu anda kat\u0131l\u0131m\u0131n artmas\u0131yla Arap a\u015firetlerin g\u00fc\u00e7lendi\u011fini g\u00f6r\u00fcyoruz. Say\u0131n Putin de b\u00f6lgenin sahipleri olarak Arap a\u015firetlerinin bir araya gelerek, ter\u00f6r \u00f6rg\u00fct\u00fcne kar\u015f\u0131 m\u00fccadele vermesinin \u00f6nemli oldu\u011funu s\u00f6yledi. \u015eu anda ya\u015fanan Arap a\u015firetlerinin birlik, beraberlik i\u00e7erisinde kendi topraklar\u0131na sahip \u00e7\u0131kma hamlesidir, ad\u0131m\u0131d\u0131r. Bu bak\u0131mdan ya\u015fananlar\u0131 \u00f6nemli buluyorum. Arap a\u015firetler oralar\u0131n ger\u00e7ek sahipleridir. Oralar\u0131n ger\u00e7ek sahipleri bu ter\u00f6r \u00f6rg\u00fctleri de\u011fildir. Ne PKK, ne YPG buralar\u0131n sahibi de\u011fil, bunlar sadece ter\u00f6rist. A\u015firetlerin bir araya gelmek suretiyle PKK\u2019ya, YPG\u2019ye kar\u015f\u0131 koyduklar\u0131 tav\u0131r, haysiyetli bir onur m\u00fccadelesidir. Hem millidir hem yerlidir. Ter\u00f6r \u00f6rg\u00fct\u00fcn\u00fcn b\u00f6lge halk\u0131 i\u00e7in ne kadar b\u00fcy\u00fck bir tehlike oldu\u011fu bir kez daha g\u00f6r\u00fclm\u00fc\u015ft\u00fcr. Bir ter\u00f6r \u00f6rg\u00fct\u00fcn\u00fc ba\u015fka bir ter\u00f6r \u00f6rg\u00fct\u00fcyle yok etmenin de m\u00fcmk\u00fcn olmad\u0131\u011f\u0131 umar\u0131m g\u00f6r\u00fclm\u00fc\u015ft\u00fcr. Ter\u00f6r \u00f6rg\u00fct\u00fc PKK\/YPG\u2019nin ter\u00f6r faaliyetleriyle b\u00f6lge halklar\u0131na ya\u015fam hakk\u0131 tan\u0131mad\u0131\u011f\u0131n\u0131, bu \u00f6rg\u00fctlere destek veren \u00fclkelerin g\u00f6rmesi gerekir. ABD ve Rusya\u2019ya PKK\/YPG\u2019nin ter\u00f6r faaliyetleri ve \u00fclkemizi tehdit eden faaliyetlerine y\u00f6nelik bilgilendirmeleri s\u00fcrekli yap\u0131yoruz. Deyrizor\u2019daki petrol\u00fcn kontrol\u00fc i\u00e7in bu ter\u00f6r \u00f6rg\u00fct\u00fcn\u00fcn yapmayaca\u011f\u0131 katliam, ter\u00f6rist faaliyet yoktur. Bu konuda muhatap \u00fclkelere gerekli uyar\u0131lar\u0131m\u0131z\u0131 yapt\u0131k, yap\u0131yoruz. ABD\u2019nin bu ter\u00f6r \u00f6rg\u00fct\u00fcne yapt\u0131\u011f\u0131 m\u00fchimmat ve silah yard\u0131m\u0131n\u0131n b\u00f6lgenin huzuruna hizmet etmedi\u011fi g\u00f6r\u00fcld\u00fc. Ter\u00f6r \u00f6rg\u00fct\u00fcne verilen her silah, b\u00f6lgede akan kan\u0131n s\u00fcrmesine, Irak ve Suriye\u2019nin toprak b\u00fct\u00fcnl\u00fc\u011f\u00fcn\u00fcn bozulmas\u0131na hizmet etmektedir\u201d dedi.<\/span><br \/>\n<span style=\"font-family: arial, helvetica, sans-serif; font-size: 14px;\">Suriye ile normalle\u015fme ad\u0131mlar\u0131ndaki son durumla ilgili bilgiler payla\u015fan Erdo\u011fan, \u201d\u00d6ncelikle \u015funu ifade edeyim; Esed bizim normalle\u015fme ile ilgili T\u00fcrkiye-Rusya-\u0130ran-Suriye format\u0131nda at\u0131lan ad\u0131mlar\u0131 maalesef uzaktan, trib\u00fcnden seyrediyor. Yani i\u015fin i\u00e7erisinde bir t\u00fcrl\u00fc yer alm\u0131yor. Biz ise Suriye\u2019nin bu i\u015fin i\u00e7erinde yer alaca\u011f\u0131n\u0131 \u00fcmit ederek bu \u00e7al\u0131\u015fmalara kap\u0131m\u0131z\u0131 a\u00e7t\u0131k, &#8216;Biz buna var\u0131z&#8217; dedik. Ancak hala Suriye taraf\u0131nda olumlu bir tav\u0131r yok. Temenni ederiz ki s\u00fcrecin devam\u0131nda onlar da masada yerini al\u0131r\u201d a\u00e7\u0131klamas\u0131n\u0131 yapt\u0131.<\/span><\/p>\n<p><strong><span style=\"font-family: arial, helvetica, sans-serif; font-size: 14px;\">Suriye ile normalle\u015fme ad\u0131mlar\u0131<\/span><\/strong><br \/>\n<span style=\"font-family: arial, helvetica, sans-serif; font-size: 14px;\">Ter\u00f6rle m\u00fccadele, siyasi s\u00fcre\u00e7, s\u0131\u011f\u0131nmac\u0131lar\u0131n g\u00fcvenli, g\u00f6n\u00fcll\u00fc ve onurlu d\u00f6n\u00fc\u015flerinin kapsaml\u0131 \u015fekilde d\u00f6rtl\u00fc d\u0131\u015fi\u015fleri bakanlar\u0131 toplant\u0131s\u0131nda ele al\u0131nd\u0131\u011f\u0131n\u0131 s\u00f6yleyen Erdo\u011fan, bu ba\u015fl\u0131klarda ilerleme kaydedilirse Suriye rejimiyle de ili\u015fkilerin normalle\u015fmesinin m\u00fcmk\u00fcn oldu\u011funu dile getirdi. Suriye rejimi ile y\u00fcr\u00fct\u00fclen d\u00f6rtl\u00fc s\u00fcrecin ba\u015f\u0131ndan itibaren \u00f6nko\u015fulsuz olmas\u0131 gerekti\u011fini s\u00f6ylediklerini kaydeden Cumhurba\u015fkan\u0131 Erdo\u011fan, \u201cBiz bu s\u00fcrecin a\u015famal\u0131 bir \u015fekilde, belirtti\u011fim \u00fczere \u00f6nko\u015fulsuz olarak ileriye ta\u015f\u0131nmas\u0131 gerekti\u011fini d\u00fc\u015f\u00fcnd\u00fck. Bunun ger\u00e7ekle\u015fmesi i\u00e7in de Suriye rejiminin sahadaki ger\u00e7eklere uygun bir \u015fekilde hareket etmesi, s\u00fcrece zarar verebilecek yakla\u015f\u0131mlardan ka\u00e7\u0131nmas\u0131 \u00e7ok \u00f6nemli. Malumunuz, bizim bu s\u00fcre\u00e7ten temel beklentimiz ter\u00f6rle m\u00fccadelede somut ad\u0131mlar at\u0131lmas\u0131. Bunun yan\u0131 s\u0131ra, g\u00f6n\u00fcll\u00fc ve g\u00fcvenli geri d\u00f6n\u00fc\u015fler i\u00e7in gerekli ko\u015fullar\u0131n olu\u015fturulmas\u0131 ve BM himayesindeki siyasi s\u00fcrecin canland\u0131r\u0131lmas\u0131d\u0131r. Bahsetti\u011fim bu alanlarda geli\u015fme sa\u011flanmas\u0131 s\u00fcrecin ileriye ta\u015f\u0131nmas\u0131na yard\u0131mc\u0131 olacakt\u0131r. Ancak, evvelce de belirtti\u011fim \u00fczere s\u0131n\u0131rlar\u0131m\u0131z\u0131 ve vatanda\u015flar\u0131m\u0131z\u0131 tehdit eden ter\u00f6r unsurlar\u0131 bertaraf edilmeden, n\u00fcfus hareketlili\u011fi riskleri ortadan kald\u0131r\u0131lmadan, bizim g\u00fcvenli\u011fimizi \u00f6n planda tutan yakla\u015f\u0131m\u0131m\u0131z\u0131n de\u011fi\u015fmesi s\u00f6z konusu de\u011fildir. T\u00fcrkiye, kom\u015fular\u0131n\u0131n toprak b\u00fct\u00fcnl\u00fc\u011f\u00fcnden yanad\u0131r. Suriye\u2019deki i\u00e7 sava\u015f\u0131n ba\u015f\u0131ndan beri de bu \u00fclkenin toprak b\u00fct\u00fcnl\u00fc\u011f\u00fcne en b\u00fcy\u00fck tehdidin bu \u00fclkede konu\u015flu ter\u00f6r \u00f6rg\u00fctleri oldu\u011funu s\u00f6yl\u00fcyoruz. \u00dclkemizi tehdit eden ter\u00f6r \u00f6rg\u00fctleriyle m\u00fccadelemiz de son ter\u00f6rist etkisiz hale gelinceye kadar s\u00fcrecektir. Suriye\u2019nin kuzeyini, T\u00fcrkiye\u2019yi tehdit eden ter\u00f6r \u00f6rg\u00fctlerinden temizlemek i\u00e7in o b\u00f6lgedeyiz\u201d diye konu\u015ftu.<\/span><br \/>\n<span style=\"font-family: arial, helvetica, sans-serif; font-size: 14px;\">Birle\u015fmi\u015f Milletlerin tah\u0131l koridoru \u00f6nerisi ile ilgili soru \u00fczerine Erdo\u011fan \u015f\u00f6yle cevap verdi:<\/span><br \/>\n<span style=\"font-family: arial, helvetica, sans-serif; font-size: 14px;\">\u201dRusya\u2019n\u0131n iki tane \u00f6zel iste\u011fi var. Birisi Ruslar\u0131n tar\u0131m bankas\u0131n\u0131n, Ziraat Bankas\u0131&#8217;n\u0131n SWIFT sistemine ba\u011flanmas\u0131. \u015eu anda yapt\u0131r\u0131mlardan dolay\u0131 Rus bankalar\u0131 SWIFT sisteminden \u00e7\u0131km\u0131\u015f durumda. Biliyorsunuz bu \u00fclke, senede 120-130 milyon ton tah\u0131l ihracat\u0131 yap\u0131yor. Say\u0131n Putin\u2019de bas\u0131n toplant\u0131s\u0131nda s\u00f6yledi, 62 y\u0131ld\u0131r sat\u0131yorlar. Sat\u0131\u015f\u0131n devam\u0131 i\u00e7in iki \u015feyin hayata ge\u00e7mesi laz\u0131m. Birincisi sat\u0131\u015f sonucu paray\u0131 almas\u0131 gerekiyor, ikincisi de ta\u015f\u0131mada kullan\u0131lan gemilerin sigortalanmas\u0131 gerekiyor. Gemilerin Avrupa veya ba\u015fka limanlara mal ta\u015f\u0131yabilmesi i\u00e7in sigorta edilmesi \u015fart. Yapt\u0131r\u0131mlardan dolay\u0131 \u0130ngiliz merkezli sigorta \u015firketi, gemilerin sigortas\u0131n\u0131 yapm\u0131yor. Rus bankalar\u0131n\u0131n SWIFT sisteminden \u00e7\u0131kart\u0131lmas\u0131 nedeniyle de para transferi olmuyor, bunun ikisinin m\u00fcmk\u00fcn olmas\u0131n\u0131 Ruslar \u015fart ko\u015fuyorlar. \u015eimdi Birle\u015fmi\u015f Milletler biraz geriden ba\u015flayan bir pozisyonla T\u00fcrkiye\u2019nin de s\u00fcrekli katk\u0131s\u0131yla s\u00fcreci bir noktaya getirdi. En son 28 A\u011fustos\u2019ta BM Genel Sekreteri Gutteres, g\u00f6nderdi\u011fi mektupta Ruslar\u0131n istedi\u011fi gibi direkt SWIFT de\u011fil ama SWIFT i\u015fleminden kaynaklanacak bir arac\u0131l\u0131k mekanizmas\u0131 teklif etti. Sigorta meselesi i\u00e7in de \u00e7al\u0131\u015fmalar\u0131 oldu\u011funu s\u00f6ylediler. Say\u0131n Putin\u2019in So\u00e7i\u2019ye hareketinden \u00f6nce Amerika D\u0131\u015fi\u015fleri Bakanl\u0131\u011f\u0131 bir a\u00e7\u0131klama yapt\u0131. &#8216;ABD ve Birle\u015fmi\u015f Milletler, hayat kurtaran tah\u0131l giri\u015fimine arac\u0131l\u0131k \u00e7al\u0131\u015fmalar\u0131 nedeniyle T\u00fcrkiye\u2019ye minnettard\u0131r&#8217; diye bir a\u00e7\u0131klamas\u0131 var. Ancak gerek SWIFT olay\u0131 gerekse sigorta konusunda Bat\u0131, Rusya\u2019ya \u00e7ok de\u011fi\u015fik bir bak\u0131\u015f sergiliyor. De\u011fi\u015fik bak\u0131\u015f sergileyi\u015fi sebebiyle de \u015fu anda Say\u0131n Putin &#8216;Bana kar\u015f\u0131 bunlar edimlerini yerine getirmiyor, getirmedi\u011fi i\u00e7in de ben bu konuda bunlarla m\u00fc\u015fterek bir \u00e7al\u0131\u015fman\u0131n i\u00e7ine girmem&#8217; diyor. Bir de tah\u0131l\u0131n y\u00fczde 44\u2019\u00fc Avrupa\u2019ya gidiyor. Afrika\u2019ya ise y\u00fczde 14\u2019\u00fc gidiyor. Say\u0131n Putin, &#8216;Avrupa zaten bana d\u00fc\u015fman. Avrupa verdi\u011fi s\u00f6zleri yerine getirmeden bende bu konu da ad\u0131m atmayaca\u011f\u0131m&#8217; diyor. Ama \u015fimdilik 1 milyon ton tah\u0131l\u0131 6 \u00fclkeye g\u00f6ndermeyi d\u00fc\u015f\u00fcnd\u00fc\u011f\u00fcn\u00fc s\u00f6yledi. &#8216;Katar ile beraber bunu bir g\u00f6r\u00fc\u015felim&#8217; dedi.\u201d<\/span><br \/>\n<span style=\"font-family: arial, helvetica, sans-serif; font-size: 14px;\">Kerk\u00fck&#8217;te ya\u015fanan geli\u015fmeler, Irak merkezi h\u00fck\u00fcmetinin tavr\u0131, Afrika&#8217;daki darbeler konusunda da a\u00e7\u0131klamalarda bulunan Cumhurba\u015fkan\u0131 Erdo\u011fan, \u201dAfrika \u00fclkelerinin tak\u0131nd\u0131\u011f\u0131 bir tav\u0131r var. Di\u011fer taraftan dirili\u015f halinde olan \u00fclkeleri, direnen \u00fclkeleri susturmak, durdurmak i\u00e7in ad\u0131m atan \u00fclkeler var. Mesela \u0130ngilizlerin tavr\u0131 \u0130ngilizlerin Rusya ile m\u00fcnasebetlerinin nas\u0131l oldu\u011funu biliyoruz, tamamen ters. Bir taraftan da K\u0131br\u0131s\u2019ta bize de \u00e7elme takmaya \u00e7al\u0131\u015f\u0131yorlar. Bu konuyu da Say\u0131n Putin ile ele ald\u0131k. Rusya\u2019n\u0131n K\u0131br\u0131s\u2019a ofis a\u00e7ma olay\u0131ndaki duru\u015fu, K\u0131br\u0131s ile ilgili geli\u015fmeler ve \u015fu anda tah\u0131l koridoruyla ilgili geli\u015fmeler T\u00fcrkiye\u2019nin b\u00f6lgedeki a\u011f\u0131rl\u0131\u011f\u0131n\u0131 her \u015fekilde hissettirmekte. Kerk\u00fck konusuyla ilgili olarak da gerek D\u0131\u015fi\u015fleri Bakan\u0131m Hakan Fidan gerekse istihbarat birimlerimiz konuyu s\u0131k\u0131 takip ediyorlar. \u0130\u015fin s\u0131k\u0131 s\u0131k\u0131ya takibi neticesinde gerek Irak Ba\u015fbakan\u0131 Say\u0131n Sudani ile yap\u0131lan g\u00f6r\u00fc\u015fmeler gerekse oradaki muhataplar\u0131yla yap\u0131lan g\u00f6r\u00fc\u015fmeler neticesinde \u015fu anda Kerk\u00fck\u2019te nispeten sakin bir hava var. D\u0131\u015fi\u015fleri Bakan\u0131m Hakan Fidan\u2019a ve M\u0130T Ba\u015fkan\u0131 \u0130brahim Kal\u0131n\u2019a durumu yak\u0131ndan takip etmeleri gerekti\u011fini de s\u00f6yledim.. Barzani ailesiyle g\u00f6r\u00fc\u015fmeler yap\u0131ld\u0131, Sudani ile g\u00f6r\u00fc\u015fmeler yap\u0131ld\u0131. D\u00fcn de D\u0131\u015fi\u015fleri Bakan\u0131m Hakan Fidan\u2019\u0131n \u0130ran\u2019da yapt\u0131\u011f\u0131 a\u00e7\u0131klamalar neticesinde bug\u00fcn itibariyle hava sakin g\u00f6z\u00fck\u00fcyor. Konuyu takip ediyoruz. B\u00f6lgenin bar\u0131\u015f ve huzuru i\u00e7in Kerk\u00fck\u2019\u00fcn yap\u0131s\u0131n\u0131 bozacak faaliyetlerden uzak durulmal\u0131. Kerk\u00fck\u2019\u00fcn yap\u0131s\u0131n\u0131 bozacak her eylem, Irak\u2019\u0131n b\u00fct\u00fcnl\u00fc\u011f\u00fcn\u00fcn bozulmas\u0131 demektir. T\u00fcrkmen yurdu Kerk\u00fck, y\u00fczlerce y\u0131ld\u0131r farkl\u0131 k\u00fclt\u00fcrlerin bir arada bar\u0131\u015f i\u00e7inde ya\u015fad\u0131\u011f\u0131 co\u011frafya olmu\u015ftur. Bu co\u011frafyan\u0131n huzurunun, b\u00fct\u00fcnl\u00fc\u011f\u00fcn\u00fcn bozulmas\u0131na izin vermeyece\u011fiz\u201d \u015feklinde konu\u015ftu.<\/span><\/p>\n<p><strong><span style=\"font-family: arial, helvetica, sans-serif; font-size: 14px;\">\u201c\u00dclkemizi enerji \u00fcss\u00fc yapaca\u011f\u0131z demi\u015ftik, bunun i\u00e7in gerekli altyap\u0131 ve fiziki imk\u00e2nlar\u0131 sa\u011fl\u0131yoruz\u201d<\/span><\/strong><br \/>\n<span style=\"font-family: arial, helvetica, sans-serif; font-size: 14px;\">Rus gaz\u0131n\u0131n T\u00fcrkiye \u00fczerinden Avrupa&#8217;ya aktar\u0131lmas\u0131yla ilgili \u00e7al\u0131\u015fmalar\u0131n hangi a\u015famada oldu\u011funu da payla\u015fan Cumhurba\u015fkan\u0131 Erdo\u011fan, \u201cSay\u0131n Putin ile g\u00f6r\u00fc\u015fmemizde enerji sekt\u00f6r\u00fcn\u00fc ayr\u0131 ba\u015fl\u0131klarla ele al\u0131yoruz. Enerji \u00fcr\u00fcnlerinin \u00fclkemiz \u00fczerinden Avrupa\u2019ya ve d\u00fcnyaya ula\u015ft\u0131r\u0131lmas\u0131 i\u00e7in farkl\u0131 projeleri hayata ge\u00e7irece\u011fiz. T\u00fcrkiye\u2019de kurulacak do\u011falgaz merkezi ile hem enerji nakil hem de fiyatland\u0131rma konular\u0131nda ilerleme sa\u011flanacakt\u0131r. \u00dclkemizi enerji \u00fcss\u00fc yapaca\u011f\u0131z demi\u015ftik, bunun i\u00e7in gerekli altyap\u0131 ve fiziki imk\u00e2nlar\u0131 sa\u011fl\u0131yoruz. Son y\u0131llardaki yat\u0131r\u0131mlar\u0131m\u0131zla \u00fclkemizi b\u00f6lge co\u011frafyas\u0131 i\u00e7in \u00f6nemli bir do\u011falgaz \u00fcss\u00fc haline getirece\u011fiz. T\u00fcrkiye\u2019yi \u00f6nce b\u00f6lgesinin, sonra da k\u00fcresel enerjinin merkezi haline getirme hedefimize ad\u0131m ad\u0131m yakla\u015f\u0131yoruz. Enerji diplomasisinde elde etti\u011fimiz ba\u015far\u0131larla Do\u011fu Akdeniz\u2019de T\u00fcrkiye olmadan bir ad\u0131m at\u0131lamayaca\u011f\u0131n\u0131 kan\u0131tlad\u0131k. \u015eimdi de do\u011falgaz alan\u0131ndaki anla\u015fmalarla \u00fclkemizi enerji \u00fcss\u00fc haline getiriyoruz. Kazan-kazan esas\u0131na dayal\u0131 olarak y\u00fcr\u00fctt\u00fc\u011f\u00fcm\u00fcz T\u00fcrkiye-Rusya enerji ili\u015fkisini \u00fclkelerimiz menfaatlerine s\u00fcrd\u00fcrmekte kararl\u0131y\u0131z. Bu konuyla ilgili T\u00fcrkiye olarak de\u011fi\u015fik bir plan sunuyoruz. \u0130stanbul\u2019daki Finans Merkezimiz gibi Londra\u2019da, Hamburg\u2019da belli i\u015fler i\u00e7in kurulmu\u015f merkezler \u00f6rne\u011finde oldu\u011fu gibi do\u011falgazla ilgili de bir merkez kurma plan\u0131m\u0131z var. Rusya ile bu plan\u0131m\u0131z\u0131 g\u00f6r\u00fc\u015fece\u011fiz. Trakya\u2019daki hatlar\u0131n \u00f6tesinde \u00fclkemizi b\u00f6yle bir merkez haline getirelim istiyoruz. Bu merkezi de sadece do\u011falgaza hitap eden de\u011fil, enerjiye, madencili\u011fe hitap eden bir merkez olarak planl\u0131yoruz. Geni\u015f \u00e7apl\u0131 hedefleri olan bir merkez olu\u015ftural\u0131m istiyoruz. Enerji, do\u011falgaz, madencilik gibi konularda kim ne yapmak istiyorsa bu merkeze gelsin istiyoruz. Ata\u015fehir\u2019de Finans Merkezimizin bir blo\u011funda bu merkezi kurabiliriz. Bu i\u015fi finans\u0131n, paran\u0131n merkezinde \u00f6rg\u00fctleyebiliriz\u201d de\u011ferlendirmesinde bulundu.<\/span><br \/>\n<span style=\"font-family: arial, helvetica, sans-serif; font-size: 14px;\">CHP lideri Kemal K\u0131l\u0131\u00e7daro\u011flu\u2019nun se\u00e7im yenilgisinin sebebini vatanda\u015flara ba\u011flad\u0131\u011f\u0131 a\u00e7\u0131klamalarla ilgili soru \u00fczerine Erdo\u011fan, \u201dBu sorunun muhatab\u0131 asl\u0131nda K\u0131l\u0131\u00e7daro\u011flu\u2019nun kendisidir. Bu a\u00e7\u0131klamalar\u0131 anlamak m\u00fcmk\u00fcn de\u011fil. Burada ger\u00e7ekten akli bir s\u0131k\u0131nt\u0131 var. Sen kalk\u0131yorsun 11, 12 yenilgi al\u0131yorsun ve yenilgiden<\/span><br \/>\n<span style=\"font-family: arial, helvetica, sans-serif; font-size: 14px;\">sonra hala faturay\u0131 millete kesiyorsun. Parlamentoda ne yaz\u0131yor? \u2018Egemenlik kay\u0131ts\u0131z \u015farts\u0131z milletindir\u2019 diyor. Egemenlik kay\u0131ts\u0131z \u015farts\u0131z milletin oldu\u011funa g\u00f6re millet seni istemiyor, sana &#8216;git&#8217; diyor. &#8216;Sen bu i\u015ften anlamazs\u0131n&#8217; diyor. Ama sen hala kalk\u0131yorsun &#8216;6&#8217;l\u0131 masa&#8217; diyorsun, &#8216;Gerekirse 16&#8217;l\u0131 masa&#8217; diyorsun. Sen ka\u00e7 tane masa kurarsan kur, senden bir \u015fey olmaz. Sen i\u015fi bitirmi\u015fsin. \u015eu anda sandalyeyi nas\u0131l korurum ona bak\u0131yorsun. Senin belediye ba\u015fkan\u0131n geliyor, otob\u00fcs\u00fcn \u00fczerinden sana bir tane koltuk hediye ediyor, at\u0131yor onu a\u015fa\u011f\u0131ya. Sen hala o koltu\u011fa tutunmaya \u00e7al\u0131\u015f\u0131yorsun. Bir defa demokrasi m\u00fccadelesini ve demokrasiyi de anlam\u0131\u015f de\u011fil\u201d dedi.<\/span><br \/>\n<span style=\"font-family: arial, helvetica, sans-serif; font-size: 14px;\">\u201cCHP Genel Ba\u015fkan\u0131n\u0131n demokrasi anlay\u0131\u015f\u0131na bir kez daha \u00fcz\u00fclerek \u015fahit oluyoruz\u201d diyen Erdo\u011fan, \u201cMilli iradeye sayg\u0131s\u0131z bir ki\u015filik olarak yapt\u0131\u011f\u0131 a\u00e7\u0131klamalar nedeniyle CHP\u2019ye g\u00f6n\u00fcl veren vatanda\u015flar\u0131m\u0131 incitiyor. Daha partisinde demokrasiyi i\u015fletmeyen bir \u015fahs\u0131n, millet iradesine sayg\u0131 duymas\u0131n\u0131 beklememek laz\u0131m. Ter\u00f6r \u00f6rg\u00fctlerine tek bir s\u00f6z s\u00f6ylemeyen, kendisine oy isteyen ter\u00f6ristlerden rahats\u0131zl\u0131k duymayan K\u0131l\u0131\u00e7daro\u011flu, herkesten de kendisi gibi ter\u00f6rist sevici olmas\u0131n\u0131 bekliyor. K\u0131l\u0131\u00e7daro\u011flu\u2019ndan se\u00e7im ba\u015far\u0131s\u0131 bekleyen vatanda\u015flar\u0131m da bunun art\u0131k bir hayal oldu\u011funu anlam\u0131\u015flard\u0131r. \u00c7\u00fcnk\u00fc ba\u015far\u0131s\u0131zl\u0131k kar\u015f\u0131s\u0131nda tavr\u0131 sorgulanmas\u0131 gerekenin siyasiler de\u011fil, vatanda\u015f oldu\u011funa inanan bir genel ba\u015fkanlar\u0131 var. Genel ba\u015fkan s\u0131fat\u0131yla girdi\u011fi her se\u00e7im hezimetine farkl\u0131 bahaneler bulan, kendinden ba\u015fka herkesi su\u00e7lu ilan eden K\u0131l\u0131\u00e7daro\u011flu, bu a\u00e7\u0131klamalar\u0131yla siyaseti bilmedi\u011fini bir kez daha kan\u0131tlad\u0131. Ancak millet iradesine sayg\u0131 duymayan, demokrasiyi i\u00e7selle\u015ftirmemi\u015f, varl\u0131\u011f\u0131n\u0131 vesayet odaklar\u0131na endekslemi\u015f bir muhalefeti de ne \u00fclkemiz ne de vatanda\u015flar\u0131m\u0131z hak etmiyor. De\u011fi\u015fimden s\u00f6z edenler \u00f6ncelikle millete tepeden bakan tav\u0131rlar\u0131n\u0131 terk etmeli ve milletin bekledi\u011fi as\u0131l de\u011fi\u015fimi ger\u00e7ekle\u015ftirmelidir\u201d ifadelerini kulland\u0131.<\/span><br \/>\n<span style=\"font-family: arial, helvetica, sans-serif; font-size: 14px;\">Millet \u0130ttifak\u0131\u2019n\u0131n da\u011f\u0131lmas\u0131 ve \u0130Y\u0130 Parti Genel Ba\u015fkan\u0131 Ak\u015fener\u2019in a\u00e7\u0131klamalar\u0131n\u0131 de\u011ferlendiren Cumhurba\u015fkan\u0131 Erdo\u011fan, \u201dBizim Cumhur \u0130ttifak\u0131 olarak oturmu\u015f bir yap\u0131m\u0131z var. Bu oturmu\u015f yap\u0131yla biz yolumuza devam ediyoruz. Hedefimiz T\u00fcrkiye genelinde 81 vilayetin 81&#8217;inde de en ideal adaylar\u0131m\u0131z\u0131 in\u015fallah bulup, bunlarla beraber yola devam etmek. Her \u015feyden \u00f6nce \u0130stanbul, Ankara gibi b\u00fcy\u00fck\u015fehirlerimizi, deprem darbesi yemi\u015f olan 11 vilayetimizi, hepsini masaya yat\u0131r\u0131p buralarda g\u00fczel bir \u00e7\u0131k\u0131\u015f sa\u011flamak ve bu \u00e7\u0131k\u0131\u015fla beraber de 31 Mart se\u00e7imlerinde hedeflerimize ula\u015fmay\u0131 Cumhur \u0130ttifak\u0131 olarak belirledik. Yolumuza da bu \u015fekilde devam edece\u011fiz. Yerel se\u00e7imlere dair Cumhur \u0130ttifak\u0131 olarak isti\u015farelerle yol al\u0131yoruz. Anlad\u0131\u011f\u0131m kadar\u0131yla onlar\u0131n bir isti\u015fare zemini bile yok. Biri i\u015fbirli\u011finden di\u011feri ayr\u0131l\u0131ktan s\u00f6z ediyor. Han\u0131mefendinin bu yakla\u015f\u0131m\u0131 pazarl\u0131kta el y\u00fckseltme gayretinden ba\u015fka bir \u015fey de\u011fil. Geride b\u0131rakt\u0131\u011f\u0131m\u0131z se\u00e7imde masaya bir oturan, bir kalkan siyaset anlay\u0131\u015f\u0131ndan ne kadar tutars\u0131z siyaset yapt\u0131klar\u0131n\u0131 g\u00f6rd\u00fck. Se\u00e7im yakla\u015ft\u0131k\u00e7a ayn\u0131 manzaralar\u0131 g\u00f6rece\u011fimizden milletimizin \u015f\u00fcphesi olmamal\u0131. Kimlere ne s\u00f6zler verildi, kiminle hangi pazarl\u0131klar yap\u0131ld\u0131 bunlar\u0131n bir k\u0131sm\u0131 ortaya sa\u00e7\u0131ld\u0131, bir k\u0131sm\u0131 da ilerleyen g\u00fcnlerde ortaya d\u00f6k\u00fclecektir. Yerel se\u00e7imde de kimlere neler verilece\u011fini, hangi kavgalar\u0131n \u00e7\u0131kaca\u011f\u0131n\u0131 yenilgilerinin sonunda \u00f6\u011freniriz\u201d dedi.<\/span><br \/>\n<span style=\"font-family: arial, helvetica, sans-serif; font-size: 14px;\">Cumhur \u0130ttifak\u0131 olarak \u00e7al\u0131\u015fmalar\u0131na devam ettiklerini s\u00f6yleyen Cumhurba\u015fkan\u0131 Erdo\u011fan, \u201c81 vilayeti masaya yat\u0131r\u0131p nerede, nas\u0131l, kimle kazan\u0131r\u0131z, bunlar\u0131n hepsini konu\u015faca\u011f\u0131z. G\u00f6revlendirdi\u011fimiz arkada\u015flar\u0131m\u0131z bunlar\u0131 beraberce g\u00f6r\u00fc\u015fecekler, nihai kararlar\u0131 da biz verece\u011fiz ve o \u015fekilde yola devam edece\u011fiz. Cumhur \u0130ttifak\u0131&#8217;nda bizim bir s\u0131k\u0131nt\u0131m\u0131z yok. Kimsenin \u015f\u00fcphesi olmas\u0131n Cumhur \u0130ttifak\u0131 olarak bizler milletin \u00e7izdi\u011fi istikamette ilerlemeye devam ediyoruz ve devam edece\u011fiz. Devlet Bey ile son g\u00f6r\u00fc\u015fmemizde de bu i\u015fleri en g\u00fczel \u015fekilde ele ald\u0131k. Devlet Bey&#8217;in de hitab\u0131yla \u2018ko\u00e7ba\u015flar\u0131n\u0131 belirleyip\u2019 yola \u00f6yle devam edelim. Cumhur \u0130ttifak\u0131n\u0131 en iyi temsil edecek, ilkelerimizi yerelde ya\u015fatacak adaylarla milletimizin kar\u015f\u0131s\u0131na \u00e7\u0131kaca\u011f\u0131z. \u015eehirlerimizi CHP\u2019nin \u00e7\u00f6p, \u00e7amur, \u00e7ukur siyasetinden kurtaracak en do\u011fru adaylar\u0131 belirleyece\u011fiz. \u0130nan\u0131yorum ki T\u00fcrkiye\u2019nin y\u00f6netimini CHP ve \u015f\u00fcrek\u00e2s\u0131na teslim etmeyen vatanda\u015f\u0131m, \u015fehirlerinin idaresini de i\u015fin ehline yani Cumhur \u0130ttifak\u0131na teslim edecektir\u201d diye konu\u015ftu.<\/span><\/p>\n","protected":false},"excerpt":{"rendered":"<p>Cumhurba\u015fkan\u0131 Recep Tayyip Erdo\u011fan, &#8220;\u0130stanbul\u2019daki Finans Merkezimiz gibi Londra\u2019da, Hamburg\u2019da belli i\u015fler i\u00e7in kurulmu\u015f merkezler \u00f6rne\u011finde oldu\u011fu gibi do\u011falgazla ilgili<\/p>\n","protected":false},"author":3,"featured_media":14840,"comment_status":"open","ping_status":"open","sticky":false,"template":"","format":"standard","meta":{"colormag_page_container_layout":"default_layout","colormag_page_sidebar_layout":"default_layout","footnotes":""},"categories":[3,1,5,8],"tags":[],"class_list":["post-14838","post","type-post","status-publish","format-standard","has-post-thumbnail","hentry","category-ekonomi","category-genel","category-gundem","category-siyaset"],"_links":{"self":[{"href":"https:\/\/marmarayerelhizmet.com\/index.php\/wp-json\/wp\/v2\/posts\/14838","targetHints":{"allow":["GET"]}}],"collection":[{"href":"https:\/\/marmarayerelhizmet.com\/index.php\/wp-json\/wp\/v2\/posts"}],"about":[{"href":"https:\/\/marmarayerelhizmet.com\/index.php\/wp-json\/wp\/v2\/types\/post"}],"author":[{"embeddable":true,"href":"https:\/\/marmarayerelhizmet.com\/index.php\/wp-json\/wp\/v2\/users\/3"}],"replies":[{"embeddable":true,"href":"https:\/\/marmarayerelhizmet.com\/index.php\/wp-json\/wp\/v2\/comments?post=14838"}],"version-history":[{"count":0,"href":"https:\/\/marmarayerelhizmet.com\/index.php\/wp-json\/wp\/v2\/posts\/14838\/revisions"}],"wp:featuredmedia":[{"embeddable":true,"href":"https:\/\/marmarayerelhizmet.com\/index.php\/wp-json\/wp\/v2\/media\/14840"}],"wp:attachment":[{"href":"https:\/\/marmarayerelhizmet.com\/index.php\/wp-json\/wp\/v2\/media?parent=14838"}],"wp:term":[{"taxonomy":"category","embeddable":true,"href":"https:\/\/marmarayerelhizmet.com\/index.php\/wp-json\/wp\/v2\/categories?post=14838"},{"taxonomy":"post_tag","embeddable":true,"href":"https:\/\/marmarayerelhizmet.com\/index.php\/wp-json\/wp\/v2\/tags?post=14838"}],"curies":[{"name":"wp","href":"https:\/\/api.w.org\/{rel}","templated":true}]}}