{"id":14834,"date":"2023-09-05T18:33:47","date_gmt":"2023-09-05T15:33:47","guid":{"rendered":"https:\/\/marmarayerelhizmet.com\/?p=14834"},"modified":"2023-09-05T18:33:47","modified_gmt":"2023-09-05T15:33:47","slug":"kara-avciligi-durduruldu","status":"publish","type":"post","link":"https:\/\/marmarayerelhizmet.com\/index.php\/2023\/09\/05\/kara-avciligi-durduruldu\/","title":{"rendered":"Kara Avc\u0131l\u0131\u011f\u0131 Durduruldu"},"content":{"rendered":"<p><strong><span style=\"font-family: arial, helvetica, sans-serif; font-size: 14px;\">Tar\u0131m ve Orman Bakanl\u0131\u011f\u0131\u2019nca ge\u00e7ti\u011fimiz g\u00fcnlerde orman yang\u0131nlar\u0131n\u0131n meydana geldi\u011fi \u00c7anakkale ve Bilecik illerinde orman yang\u0131nlar\u0131ndan etkilenen avlaklarda kara avc\u0131l\u0131\u011f\u0131 durduruldu.<br \/>\n<\/span><\/strong><br \/>\n<span style=\"font-family: arial, helvetica, sans-serif; font-size: 14px;\">Bakan Yumakl\u0131, sosyal medya hesab\u0131ndan yapt\u0131\u011f\u0131 bilgilendirmede, \u00c7anakkale ve Bilecik&#8217;te meydana gelen orman yang\u0131nlar\u0131ndan etkilenen yaban hayvanlar\u0131n\u0131n ya\u015fam alanlar\u0131na ili\u015fkin tedbir alma ihtiyac\u0131n\u0131n ortaya \u00e7\u0131kt\u0131\u011f\u0131n\u0131 kaydederek, &#8220;2023-2024 Av D\u00f6nemi&#8217;nde bu illerimizdeki orman yang\u0131nlar\u0131ndan etkilenen avlaklarda kara avc\u0131l\u0131\u011f\u0131 bug\u00fcn itibar\u0131yla durdurulmu\u015ftur&#8221; ifadelerini kulland\u0131.<\/span><br \/>\n<span style=\"font-family: arial, helvetica, sans-serif; font-size: 14px;\">Konuya ili\u015fkin Tar\u0131m ve Orman Bakanl\u0131\u011f\u0131 taraf\u0131ndan yap\u0131lan a\u00e7\u0131klamada ise Kara Avc\u0131l\u0131\u011f\u0131 Kanunu gere\u011fi \u00c7anakkale Merkez ve Lapseki genel avla\u011f\u0131, \u00dc\u00e7p\u0131nar, Kirazl\u0131 ve Elmac\u0131k devlet avlaklar\u0131 ile Bilecik Lefke devlet avla\u011f\u0131nda kara avc\u0131l\u0131\u011f\u0131na yasaklama getirildi\u011fi aktar\u0131ld\u0131.<\/span><\/p>\n","protected":false},"excerpt":{"rendered":"<p>Tar\u0131m ve Orman Bakanl\u0131\u011f\u0131\u2019nca ge\u00e7ti\u011fimiz g\u00fcnlerde orman yang\u0131nlar\u0131n\u0131n meydana geldi\u011fi \u00c7anakkale ve Bilecik illerinde orman yang\u0131nlar\u0131ndan etkilenen avlaklarda kara avc\u0131l\u0131\u011f\u0131<\/p>\n","protected":false},"author":3,"featured_media":14836,"comment_status":"open","ping_status":"open","sticky":false,"template":"","format":"standard","meta":{"colormag_page_container_layout":"default_layout","colormag_page_sidebar_layout":"default_layout","footnotes":""},"categories":[1,5],"tags":[],"class_list":["post-14834","post","type-post","status-publish","format-standard","has-post-thumbnail","hentry","category-genel","category-gundem"],"_links":{"self":[{"href":"https:\/\/marmarayerelhizmet.com\/index.php\/wp-json\/wp\/v2\/posts\/14834","targetHints":{"allow":["GET"]}}],"collection":[{"href":"https:\/\/marmarayerelhizmet.com\/index.php\/wp-json\/wp\/v2\/posts"}],"about":[{"href":"https:\/\/marmarayerelhizmet.com\/index.php\/wp-json\/wp\/v2\/types\/post"}],"author":[{"embeddable":true,"href":"https:\/\/marmarayerelhizmet.com\/index.php\/wp-json\/wp\/v2\/users\/3"}],"replies":[{"embeddable":true,"href":"https:\/\/marmarayerelhizmet.com\/index.php\/wp-json\/wp\/v2\/comments?post=14834"}],"version-history":[{"count":0,"href":"https:\/\/marmarayerelhizmet.com\/index.php\/wp-json\/wp\/v2\/posts\/14834\/revisions"}],"wp:featuredmedia":[{"embeddable":true,"href":"https:\/\/marmarayerelhizmet.com\/index.php\/wp-json\/wp\/v2\/media\/14836"}],"wp:attachment":[{"href":"https:\/\/marmarayerelhizmet.com\/index.php\/wp-json\/wp\/v2\/media?parent=14834"}],"wp:term":[{"taxonomy":"category","embeddable":true,"href":"https:\/\/marmarayerelhizmet.com\/index.php\/wp-json\/wp\/v2\/categories?post=14834"},{"taxonomy":"post_tag","embeddable":true,"href":"https:\/\/marmarayerelhizmet.com\/index.php\/wp-json\/wp\/v2\/tags?post=14834"}],"curies":[{"name":"wp","href":"https:\/\/api.w.org\/{rel}","templated":true}]}}