{"id":14830,"date":"2023-09-05T18:30:39","date_gmt":"2023-09-05T15:30:39","guid":{"rendered":"https:\/\/marmarayerelhizmet.com\/?p=14830"},"modified":"2023-09-05T18:30:39","modified_gmt":"2023-09-05T15:30:39","slug":"kis-sezonu-icin-hazirliklar-basladi","status":"publish","type":"post","link":"https:\/\/marmarayerelhizmet.com\/index.php\/2023\/09\/05\/kis-sezonu-icin-hazirliklar-basladi\/","title":{"rendered":"K\u0131\u015f Sezonu i\u00e7in Haz\u0131rl\u0131klar Ba\u015flad\u0131"},"content":{"rendered":"<p><strong><span style=\"font-family: arial, helvetica, sans-serif; font-size: 14px;\">Kocaeli B\u00fcy\u00fck\u015fehir Belediyesi taraf\u0131ndan k\u0131\u015f aylar\u0131nda buzla m\u00fccadele \u00e7al\u0131\u015fmalar\u0131nda kullan\u0131lmak \u00fczere tuz al\u0131m ihalesi ger\u00e7ekle\u015ftirildi.<br \/>\n<\/span><\/strong><br \/>\n<span style=\"font-family: arial, helvetica, sans-serif; font-size: 14px;\">Kocaeli B\u00fcy\u00fck\u015fehir Belediyesi, \u00f6n\u00fcm\u00fczdeki k\u0131\u015f ay\u0131 haz\u0131rl\u0131klar\u0131na \u015fimdiden ba\u015flad\u0131. Kocaeli B\u00fcy\u00fck\u015fehir Belediyesi Fen \u0130\u015fleri Dairesi Ba\u015fkanl\u0131\u011f\u0131, k\u0131\u015f aylar\u0131nda kullan\u0131lmak \u00fczere buzlanma \u00f6nleyici ham tuz sat\u0131n almak i\u00e7in ihale d\u00fczenledi. B\u00fcy\u00fck\u015fehir ana hizmet binas\u0131nda elektronik ihale y\u00f6ntemiyle ger\u00e7ekle\u015ftirilen tuz al\u0131m ihalesine 3 firma teklif verdi. En d\u00fc\u015f\u00fck teklif 24 milyon 700 bin olurken, en y\u00fcksek teklif ise 27 milyon TL oldu. Kocaeli B\u00fcy\u00fck\u015fehir Belediyesi Fen \u0130\u015fleri Dairesi Ba\u015fkanl\u0131\u011f\u0131 Yol Bak\u0131m Onar\u0131m ve Yap\u0131m \u015eube M\u00fcd\u00fcrl\u00fc\u011f\u00fc 20 bin ton ham tuz sat\u0131n alacak. \u0130haleyi kazanan y\u00fcklenici firma i\u015fe ba\u015flama tarihinden itibaren 90 takvim g\u00fcn\u00fc i\u00e7inde tuzlar\u0131 idarenin belirleyece\u011fi yerlere teslim edecek.<\/span><\/p>\n","protected":false},"excerpt":{"rendered":"<p>Kocaeli B\u00fcy\u00fck\u015fehir Belediyesi taraf\u0131ndan k\u0131\u015f aylar\u0131nda buzla m\u00fccadele \u00e7al\u0131\u015fmalar\u0131nda kullan\u0131lmak \u00fczere tuz al\u0131m ihalesi ger\u00e7ekle\u015ftirildi. Kocaeli B\u00fcy\u00fck\u015fehir Belediyesi, \u00f6n\u00fcm\u00fczdeki k\u0131\u015f<\/p>\n","protected":false},"author":3,"featured_media":14832,"comment_status":"open","ping_status":"open","sticky":false,"template":"","format":"standard","meta":{"colormag_page_container_layout":"default_layout","colormag_page_sidebar_layout":"default_layout","footnotes":""},"categories":[1,5,8],"tags":[],"class_list":["post-14830","post","type-post","status-publish","format-standard","has-post-thumbnail","hentry","category-genel","category-gundem","category-siyaset"],"_links":{"self":[{"href":"https:\/\/marmarayerelhizmet.com\/index.php\/wp-json\/wp\/v2\/posts\/14830","targetHints":{"allow":["GET"]}}],"collection":[{"href":"https:\/\/marmarayerelhizmet.com\/index.php\/wp-json\/wp\/v2\/posts"}],"about":[{"href":"https:\/\/marmarayerelhizmet.com\/index.php\/wp-json\/wp\/v2\/types\/post"}],"author":[{"embeddable":true,"href":"https:\/\/marmarayerelhizmet.com\/index.php\/wp-json\/wp\/v2\/users\/3"}],"replies":[{"embeddable":true,"href":"https:\/\/marmarayerelhizmet.com\/index.php\/wp-json\/wp\/v2\/comments?post=14830"}],"version-history":[{"count":0,"href":"https:\/\/marmarayerelhizmet.com\/index.php\/wp-json\/wp\/v2\/posts\/14830\/revisions"}],"wp:featuredmedia":[{"embeddable":true,"href":"https:\/\/marmarayerelhizmet.com\/index.php\/wp-json\/wp\/v2\/media\/14832"}],"wp:attachment":[{"href":"https:\/\/marmarayerelhizmet.com\/index.php\/wp-json\/wp\/v2\/media?parent=14830"}],"wp:term":[{"taxonomy":"category","embeddable":true,"href":"https:\/\/marmarayerelhizmet.com\/index.php\/wp-json\/wp\/v2\/categories?post=14830"},{"taxonomy":"post_tag","embeddable":true,"href":"https:\/\/marmarayerelhizmet.com\/index.php\/wp-json\/wp\/v2\/tags?post=14830"}],"curies":[{"name":"wp","href":"https:\/\/api.w.org\/{rel}","templated":true}]}}