{"id":14826,"date":"2023-09-05T18:27:56","date_gmt":"2023-09-05T15:27:56","guid":{"rendered":"https:\/\/marmarayerelhizmet.com\/?p=14826"},"modified":"2023-09-05T18:27:56","modified_gmt":"2023-09-05T15:27:56","slug":"av-sezonu-basladi-fiyatlar-geriledi","status":"publish","type":"post","link":"https:\/\/marmarayerelhizmet.com\/index.php\/2023\/09\/05\/av-sezonu-basladi-fiyatlar-geriledi\/","title":{"rendered":"Av Sezonu Ba\u015flad\u0131, Fiyatlar Geriledi"},"content":{"rendered":"<p><strong><span style=\"font-family: arial, helvetica, sans-serif; font-size: 14px;\">\u00dclke genelinde Marmara, Ege ve Karadeniz&#8217;de bal\u0131k av\u0131 yasa\u011f\u0131n\u0131n kalkmas\u0131yla ilk bal\u0131klar tezgahtaki yerlerini ald\u0131. Yasa\u011f\u0131n kalkmas\u0131yla fiyatlar da geriledi.<br \/>\n<\/span><\/strong><br \/>\n<span style=\"font-family: arial, helvetica, sans-serif; font-size: 14px;\">Yurt genelinde Nisan ay\u0131nda ba\u015flayarak, Eyl\u00fcl ay\u0131na kadar s\u00fcren bal\u0131k av\u0131 yasa\u011f\u0131n\u0131n 1 Eyl\u00fcl itibariyle kald\u0131r\u0131lmas\u0131n\u0131n ard\u0131ndan tezgahlara gelen bal\u0131klar ucuzlad\u0131. Tekirda\u011f&#8217;\u0131n S\u00fcleymanpa\u015fa il\u00e7esinde kurulan semt pazar\u0131nda sat\u0131\u015f\u0131 yap\u0131lan bal\u0131klara ilgi yo\u011fun oldu. Bal\u0131k\u00e7\u0131 Ali Akkurt, al\u0131klar\u0131n eri\u015fkinli\u011fe ula\u015fmadan tutulmamas\u0131 gerekti\u011fine dikkat \u00e7ekerek; &#8220;\u0130stavritler \u00e7ok k\u00fc\u00e7\u00fck oldu\u011fu i\u00e7in tezgah\u0131m\u0131za getirmedik. K\u00fc\u00e7\u00fck bal\u0131klar tutulmazsa iyi olur. Sardalya var, uskumru var. Fiyatlar \u015fuan normal. Bir hafta evvel sardalyan\u0131n kilosu 300 lirayd\u0131. \u015eimdi 100 lira yani. Uskumru bal\u0131\u011f\u0131 500 lirayd\u0131, \u015fimdi 100 lira. Fiyatlar b\u00f6yle kal\u0131r&#8221; dedi.<\/span><br \/>\n<span style=\"font-family: arial, helvetica, sans-serif; font-size: 14px;\">Tezgahtan al\u0131\u015fveri\u015f yapan Fahri Bey ise, &#8220;Sezonun a\u00e7\u0131lmas\u0131ndan mutluyuz ama \u00e7e\u015fitlerin \u00e7o\u011falmas\u0131 daha da iyi olur. \u015eu an \u00e7e\u015fitler pek bol de\u011fil, k\u0131s\u0131tl\u0131. \u00c7e\u015fitler \u00e7o\u011fal\u0131rsa, fiyatlar gayet makul. \u0130n\u015fallah \u00f6n\u00fcm\u00fczdeki g\u00fcnlerde \u00e7e\u015fitler \u00e7o\u011fal\u0131r. \u0130stavrit ve hamsinin boyutlar \u00e7ok k\u00fc\u00e7\u00fck. Bunun Sahil G\u00fcvenlik taraf\u0131ndan \u00f6zellikle denetlenmesi ve k\u00fc\u00e7\u00fck bal\u0131klar\u0131 tutanlara b\u00fcy\u00fck yapt\u0131r\u0131mlar uygulanmas\u0131 gerekmekte. E\u011fer bu yap\u0131lmazsa \u00f6n\u00fcm\u00fczdeki y\u0131llarda bal\u0131k yiyemeyiz&#8221; dedi.<\/span><\/p>\n","protected":false},"excerpt":{"rendered":"<p>\u00dclke genelinde Marmara, Ege ve Karadeniz&#8217;de bal\u0131k av\u0131 yasa\u011f\u0131n\u0131n kalkmas\u0131yla ilk bal\u0131klar tezgahtaki yerlerini ald\u0131. Yasa\u011f\u0131n kalkmas\u0131yla fiyatlar da geriledi.<\/p>\n","protected":false},"author":3,"featured_media":14828,"comment_status":"open","ping_status":"open","sticky":false,"template":"","format":"standard","meta":{"colormag_page_container_layout":"default_layout","colormag_page_sidebar_layout":"default_layout","footnotes":""},"categories":[1,5],"tags":[],"class_list":["post-14826","post","type-post","status-publish","format-standard","has-post-thumbnail","hentry","category-genel","category-gundem"],"_links":{"self":[{"href":"https:\/\/marmarayerelhizmet.com\/index.php\/wp-json\/wp\/v2\/posts\/14826","targetHints":{"allow":["GET"]}}],"collection":[{"href":"https:\/\/marmarayerelhizmet.com\/index.php\/wp-json\/wp\/v2\/posts"}],"about":[{"href":"https:\/\/marmarayerelhizmet.com\/index.php\/wp-json\/wp\/v2\/types\/post"}],"author":[{"embeddable":true,"href":"https:\/\/marmarayerelhizmet.com\/index.php\/wp-json\/wp\/v2\/users\/3"}],"replies":[{"embeddable":true,"href":"https:\/\/marmarayerelhizmet.com\/index.php\/wp-json\/wp\/v2\/comments?post=14826"}],"version-history":[{"count":0,"href":"https:\/\/marmarayerelhizmet.com\/index.php\/wp-json\/wp\/v2\/posts\/14826\/revisions"}],"wp:featuredmedia":[{"embeddable":true,"href":"https:\/\/marmarayerelhizmet.com\/index.php\/wp-json\/wp\/v2\/media\/14828"}],"wp:attachment":[{"href":"https:\/\/marmarayerelhizmet.com\/index.php\/wp-json\/wp\/v2\/media?parent=14826"}],"wp:term":[{"taxonomy":"category","embeddable":true,"href":"https:\/\/marmarayerelhizmet.com\/index.php\/wp-json\/wp\/v2\/categories?post=14826"},{"taxonomy":"post_tag","embeddable":true,"href":"https:\/\/marmarayerelhizmet.com\/index.php\/wp-json\/wp\/v2\/tags?post=14826"}],"curies":[{"name":"wp","href":"https:\/\/api.w.org\/{rel}","templated":true}]}}