{"id":14818,"date":"2023-09-05T18:25:03","date_gmt":"2023-09-05T15:25:03","guid":{"rendered":"https:\/\/marmarayerelhizmet.com\/?p=14818"},"modified":"2023-09-05T18:25:03","modified_gmt":"2023-09-05T15:25:03","slug":"vali-gul-beyoglunda","status":"publish","type":"post","link":"https:\/\/marmarayerelhizmet.com\/index.php\/2023\/09\/05\/vali-gul-beyoglunda\/","title":{"rendered":"Vali G\u00fcl Beyo\u011flu&#8217;nda"},"content":{"rendered":"<p><strong><span style=\"font-family: arial, helvetica, sans-serif; font-size: 14px;\">\u0130stanbul Valisi Davut G\u00fcl Beyo\u011flu\u2019nu ziyaret etti. Esnaf ve vatanda\u015flarla bir ara gelerek sohbet eden Vali G\u00fcl, il\u00e7ede yap\u0131lan \u00e7al\u0131\u015fmalar\u0131 da inceledi. Beyo\u011flu\u2019nda yat\u0131r\u0131mlar\u0131n devaml\u0131l\u0131\u011f\u0131n\u0131n \u00f6nemine dikkat \u00e7eken Vali G\u00fcl, yeni yat\u0131r\u0131mlar\u0131n hayata ge\u00e7irilmesi i\u00e7in gerekli deste\u011fe haz\u0131r olduklar\u0131n\u0131 s\u00f6yledi.<br \/>\n<\/span><\/strong><br \/>\n<span style=\"font-family: arial, helvetica, sans-serif; font-size: 14px;\">\u0130stanbul Valisi Davut G\u00fcl il\u00e7e belediyelerine ger\u00e7ekle\u015ftirdi\u011fi ziyaret program\u0131 \u00e7er\u00e7evesinde Beyo\u011flu Belediyesi\u2019ni ziyaret etti. Beyo\u011flu Belediye Ba\u015fkan\u0131 Haydar Ali Y\u0131ld\u0131z ve Beyo\u011flu Kaymakam\u0131 Can Aksoy ile bir araya gelen Vali G\u00fcl, il\u00e7e ziyaretine Piyalepa\u015fa Caminde sabah namaz\u0131n\u0131 eda ederek ba\u015flad\u0131. Sabah namaz\u0131n\u0131n ard\u0131ndan vatanda\u015flarla kahvalt\u0131da bir araya gelerek sohbet eden Vali G\u00fcl, daha sonra Kas\u0131mpa\u015fa, Tophane ve Cihangir b\u00f6lgelerini gezerek esnaf ve vatanda\u015flarla bulu\u015ftu. Beyo\u011flu \u0130l\u00e7e Muhtarlar\u0131 Toplant\u0131s\u0131na da kat\u0131lan Vali G\u00fcl muhtarlar\u0131 tek tek dinleyerek il\u00e7enin sorunlar\u0131 hakk\u0131nda bilgi ald\u0131.<\/span><\/p>\n<p><strong><span style=\"font-family: arial, helvetica, sans-serif; font-size: 14px;\">Vali G\u00fcl Beyo\u011flu\u2019nda yap\u0131lan \u00e7al\u0131\u015fmalar\u0131 yerinde inceledi<\/span><\/strong><br \/>\n<span style=\"font-family: arial, helvetica, sans-serif; font-size: 14px;\">Vali G\u00fcl b\u00f6lge ziyaretlerinin yan\u0131 s\u0131ra Beyo\u011flu\u2019nda ba\u015flat\u0131lan restorasyon \u00e7al\u0131\u015fmalar\u0131 ile yeniden hayata d\u00f6nd\u00fcr\u00fclen Piyalepa\u015fa Gen\u00e7lik Merkezi (eski Kas\u0131mpa\u015fa Piyalepa\u015fa Donanma-y\u0131 H\u00fcm\u00e2y\u00fbn Cephaneli\u011fi), Kulaks\u0131z Hamam\u0131, Kas\u0131mpa\u015fa Yeni Kaymakaml\u0131k Binas\u0131 (eski Cezayirli Gazi Hasan Pa\u015fa K\u0131\u015flas\u0131), Yeni Turabibaba K\u00fct\u00fcphanesi (eski Bahriye Matbaas\u0131), Galata Kad\u0131l\u0131\u011f\u0131, Terra Santa Manast\u0131r\u0131 ve yeniden in\u015fa edilen Kulaks\u0131z Karakolu\u2019nu ziyaret ederek incelemelerde bulundu. Beyo\u011flu\u2019nda yat\u0131r\u0131mlar\u0131n devaml\u0131l\u0131\u011f\u0131n\u0131n \u00f6nemine dikkat \u00e7eken Vali G\u00fcl, yeni yat\u0131r\u0131mlar\u0131n hayata ge\u00e7irilmesi i\u00e7in gerekli deste\u011fe haz\u0131r olduklar\u0131n\u0131 s\u00f6yledi. Ba\u015fkan Y\u0131ld\u0131z da ziyaretten duydu\u011fu memnuniyeti dile getirerek Vali G\u00fcl\u2019e te\u015fekk\u00fcr etti ve Beyo\u011flu tablosu hediye etti.<\/span><\/p>\n","protected":false},"excerpt":{"rendered":"<p>\u0130stanbul Valisi Davut G\u00fcl Beyo\u011flu\u2019nu ziyaret etti. Esnaf ve vatanda\u015flarla bir ara gelerek sohbet eden Vali G\u00fcl, il\u00e7ede yap\u0131lan \u00e7al\u0131\u015fmalar\u0131<\/p>\n","protected":false},"author":3,"featured_media":14820,"comment_status":"open","ping_status":"open","sticky":false,"template":"","format":"standard","meta":{"colormag_page_container_layout":"default_layout","colormag_page_sidebar_layout":"default_layout","footnotes":""},"categories":[1,5,8],"tags":[],"class_list":["post-14818","post","type-post","status-publish","format-standard","has-post-thumbnail","hentry","category-genel","category-gundem","category-siyaset"],"_links":{"self":[{"href":"https:\/\/marmarayerelhizmet.com\/index.php\/wp-json\/wp\/v2\/posts\/14818","targetHints":{"allow":["GET"]}}],"collection":[{"href":"https:\/\/marmarayerelhizmet.com\/index.php\/wp-json\/wp\/v2\/posts"}],"about":[{"href":"https:\/\/marmarayerelhizmet.com\/index.php\/wp-json\/wp\/v2\/types\/post"}],"author":[{"embeddable":true,"href":"https:\/\/marmarayerelhizmet.com\/index.php\/wp-json\/wp\/v2\/users\/3"}],"replies":[{"embeddable":true,"href":"https:\/\/marmarayerelhizmet.com\/index.php\/wp-json\/wp\/v2\/comments?post=14818"}],"version-history":[{"count":0,"href":"https:\/\/marmarayerelhizmet.com\/index.php\/wp-json\/wp\/v2\/posts\/14818\/revisions"}],"wp:featuredmedia":[{"embeddable":true,"href":"https:\/\/marmarayerelhizmet.com\/index.php\/wp-json\/wp\/v2\/media\/14820"}],"wp:attachment":[{"href":"https:\/\/marmarayerelhizmet.com\/index.php\/wp-json\/wp\/v2\/media?parent=14818"}],"wp:term":[{"taxonomy":"category","embeddable":true,"href":"https:\/\/marmarayerelhizmet.com\/index.php\/wp-json\/wp\/v2\/categories?post=14818"},{"taxonomy":"post_tag","embeddable":true,"href":"https:\/\/marmarayerelhizmet.com\/index.php\/wp-json\/wp\/v2\/tags?post=14818"}],"curies":[{"name":"wp","href":"https:\/\/api.w.org\/{rel}","templated":true}]}}